{"id":2480,"date":"2024-04-23T16:29:44","date_gmt":"2024-04-23T19:29:44","guid":{"rendered":"https:\/\/guialimeira.com.br\/2024\/04\/23\/massa-de-ar-quente-e-seco-atinge-parte-do-brasil-ate-sabado\/"},"modified":"2024-04-23T16:29:44","modified_gmt":"2024-04-23T19:29:44","slug":"massa-de-ar-quente-e-seco-atinge-parte-do-brasil-ate-sabado","status":"publish","type":"post","link":"https:\/\/guialimeira.com.br\/news\/massa-de-ar-quente-e-seco-atinge-parte-do-brasil-ate-sabado\/","title":{"rendered":"Massa de ar quente e seco atinge parte do Brasil at\u00e9 s\u00e1bado"},"content":{"rendered":"<p> <br \/>\n<\/p>\n<div>\n<p>O Instituto Nacional de Meteorologia (Inmet) prev\u00ea que entre esta quarta-feira (24) e s\u00e1bado (27), uma massa de ar quente e seco atingir\u00e1 \u00e1reas das regi\u00f5es Centro-Oeste, Sudeste e Sul do Brasil. Em Mato Grosso do Sul, as temperaturas m\u00e1ximas podem passar dos 36\u00b0C.<img data-recalc-dims=\"1\" decoding=\"async\" src=\"https:\/\/i0.wp.com\/agenciabrasil.ebc.com.br\/ebc.png?w=696&#038;ssl=1\" style=\"width:1px; height:1px; display:inline;\"\/><img data-recalc-dims=\"1\" decoding=\"async\" src=\"https:\/\/i0.wp.com\/agenciabrasil.ebc.com.br\/ebc.gif?w=696&#038;ssl=1\" style=\"width:1px; height:1px; display:inline;\"\/><\/p>\n<p>No entanto, o Inmet explica que eleva\u00e7\u00e3o das temperaturas ainda <a href=\"https:\/\/agenciabrasil.ebc.com.br\/geral\/noticia\/2024-03\/inmet-alerta-para-onda-de-calor-em-cinco-estados\" target=\"_blank\" rel=\"noopener\">n\u00e3o caracteriza uma nova onda de calor<\/a>, como as que ocorreram em 2023 e no primeiro trimestre deste ano. Para ser classificada como onda de calor, as temperaturas m\u00e1ximas devem ficar 5\u00baC acima da m\u00e9dia mensal pelo per\u00edodo de, no m\u00ednimo, dois a tr\u00eas dias consecutivos, em determinada \u00e1rea de abrang\u00eancia.<\/p>\n<p>A partir do domingo (28), a previs\u00e3o \u00e9 que as temperaturas mais elevadas se concentrem em Mato Grosso do Sul, S\u00e3o Paulo e no Paran\u00e1, mas diminua no restante do pa\u00eds.<\/p>\n<h2>Alertas<\/h2>\n<p>O Inmet emitiu aviso amarelo de perigo em potencial devido \u00e0 baixa umidade relativa do ar, at\u00e9 as 18 horas desta ter\u00e7a-feira (23), em \u00e1reas de Goi\u00e1s, Mato Grosso do Sul, Minas Gerais e S\u00e3o Paulo. Nestas localidades, a umidade do ar pode baixar aos 20%. As instru\u00e7\u00f5es do instituto aos moradores destas localidades s\u00e3o de beber bastante l\u00edquido; evitar o desgaste f\u00edsico nas horas mais secas; e evitar a exposi\u00e7\u00e3o ao sol nas horas mais quentes do dia.<\/p>\n<p>Em rela\u00e7\u00e3o ao acumulado de chuvas, o Inmet tamb\u00e9m emitiu aviso amarelo de perigo em potencial at\u00e9 10h desta quarta-feira (24) para a Regi\u00e3o Sul do pa\u00eds. O volume total de chuvas pode chegar a 50 mil\u00edmetros (mm), com ventos intensos, de 40 a 60 km\/h e queda de granizo em \u00e1reas do Rio Grande do Sul, Santa Catarina e Paran\u00e1. Ainda existe o risco baixo de corte de energia el\u00e9trica, estragos em planta\u00e7\u00f5es, queda de galhos de \u00e1rvores e de alagamentos.<\/p>\n<p>Outros dois avisos de classifica\u00e7\u00e3o amarelo de perigo potencial, relativo as tempestades foram emitidos, vigentes at\u00e9 10h desta quarta-feira. O primeiro deles \u00e9 destinado aos moradores de \u00e1reas da Bahia e de Sergipe. O segundo alerta \u00e9 para as chuvas que cair\u00e3o em parte dos estados das Regi\u00f5es Norte e Nordeste, entre \u00e1reas do Par\u00e1, Rio Grande do Norte, Para\u00edba, Pernambuco, Noroeste da Bahia, Tocantins, Mato Grosso, Rond\u00f4nia e em todo Acre, Amazonas, Rond\u00f4nia, Amap\u00e1, Maranh\u00e3o e o Cear\u00e1. O volume total de chuva pode chegar a 50 mil\u00edmetros (mm) em 24h, com ventos de at\u00e9 60 km\/h.<\/p>\n<p>Em caso de rajadas de vento, os cidad\u00e3os n\u00e3o devem se abrigar embaixo de \u00e1rvores, pois h\u00e1 leve risco de queda e descargas el\u00e9tricas. Os ve\u00edculos n\u00e3o devem ser estacionados pr\u00f3ximos a torres de transmiss\u00e3o e placas de propaganda, pois, com os ventos fortes, h\u00e1 risco de derrubada destas instala\u00e7\u00f5es. Durante as tempestades, os aparelhos eletr\u00f4nicos devem ser desligados da tomada.<\/p>\n<p>Devido \u00e0s incertezas e atualiza\u00e7\u00f5es dos diversos modelos num\u00e9ricos de previs\u00e3o do tempo, o Inmet destaca a import\u00e2ncia de acompanhar as atualiza\u00e7\u00f5es da previs\u00e3o do tempo e avisos meteorol\u00f3gicos especiais no <em>site <\/em>e nas redes sociais.<\/p>\n<p>Em caso de emerg\u00eancias, a orienta\u00e7\u00e3o \u00e9 procurar mais informa\u00e7\u00f5es na Defesa Civil da localidade, por meio do telefone 199 e ao Corpo de Bombeiros Militar, no n\u00famero 193, para solicitar salvamentos.<\/p>\n<\/p><\/div>\n<p><br \/>\n<br \/><a href=\"https:\/\/agenciabrasil.ebc.com.br\/geral\/noticia\/2024-04\/massa-de-ar-quente-e-seco-atinge-parte-do-brasil-ate-sabado\" rel=\"noopener\">Ag\u00eancia Brasil<\/a><\/p>\n","protected":false},"excerpt":{"rendered":"<p>O Instituto Nacional de Meteorologia (Inmet) prev\u00ea que entre esta quarta-feira (24) e s\u00e1bado (27), uma massa de ar quente e seco atingir\u00e1 \u00e1reas das regi\u00f5es Centro-Oeste, Sudeste e Sul do Brasil. Em Mato Grosso do Sul, as temperaturas m\u00e1ximas podem passar dos 36\u00b0C. No entanto, o Inmet explica que eleva\u00e7\u00e3o das temperaturas ainda n\u00e3o [&hellip;]<\/p>\n","protected":false},"author":1,"featured_media":2481,"comment_status":"open","ping_status":"open","sticky":false,"template":"","format":"standard","meta":{"_jetpack_newsletter_access":"","_jetpack_dont_email_post_to_subs":false,"_jetpack_newsletter_tier_id":0,"_jetpack_memberships_contains_paywalled_content":false,"_mbp_banners":[],"_jetpack_feature_clip_id":0,"_jetpack_memberships_contains_paid_content":false,"footnotes":"","jetpack_publicize_message":"","jetpack_publicize_feature_enabled":true,"jetpack_social_post_already_shared":true,"jetpack_social_options":{"image_generator_settings":{"template":"highway","default_image_id":0,"font":"","enabled":false},"version":2},"jetpack_post_was_ever_published":false},"categories":[1],"tags":[],"class_list":["post-2480","post","type-post","status-publish","format-standard","has-post-thumbnail","category-geral"],"jetpack_publicize_connections":[],"jetpack-related-posts":[],"jetpack_shortlink":"https:\/\/wp.me\/p7Eq1F-E0","jetpack_sharing_enabled":true,"jetpack_featured_media_url":"https:\/\/i0.wp.com\/guialimeira.com.br\/news\/wp-content\/uploads\/2024\/04\/calor_e_sp_10.jpg?fit=1600%2C800&ssl=1","_links":{"self":[{"href":"https:\/\/guialimeira.com.br\/news\/wp-json\/wp\/v2\/posts\/2480","targetHints":{"allow":["GET"]}}],"collection":[{"href":"https:\/\/guialimeira.com.br\/news\/wp-json\/wp\/v2\/posts"}],"about":[{"href":"https:\/\/guialimeira.com.br\/news\/wp-json\/wp\/v2\/types\/post"}],"author":[{"embeddable":true,"href":"https:\/\/guialimeira.com.br\/news\/wp-json\/wp\/v2\/users\/1"}],"replies":[{"embeddable":true,"href":"https:\/\/guialimeira.com.br\/news\/wp-json\/wp\/v2\/comments?post=2480"}],"version-history":[{"count":0,"href":"https:\/\/guialimeira.com.br\/news\/wp-json\/wp\/v2\/posts\/2480\/revisions"}],"wp:featuredmedia":[{"embeddable":true,"href":"https:\/\/guialimeira.com.br\/news\/wp-json\/wp\/v2\/media\/2481"}],"wp:attachment":[{"href":"https:\/\/guialimeira.com.br\/news\/wp-json\/wp\/v2\/media?parent=2480"}],"wp:term":[{"taxonomy":"category","embeddable":true,"href":"https:\/\/guialimeira.com.br\/news\/wp-json\/wp\/v2\/categories?post=2480"},{"taxonomy":"post_tag","embeddable":true,"href":"https:\/\/guialimeira.com.br\/news\/wp-json\/wp\/v2\/tags?post=2480"}],"curies":[{"name":"wp","href":"https:\/\/api.w.org\/{rel}","templated":true}]}}