{"id":24799,"date":"2025-02-25T12:07:51","date_gmt":"2025-02-25T15:07:51","guid":{"rendered":"https:\/\/guialimeira.com.br\/?p=24799"},"modified":"2025-02-25T12:07:51","modified_gmt":"2025-02-25T15:07:51","slug":"costa-junior-propoe-medidas-de-protecao-para-mulheres","status":"publish","type":"post","link":"https:\/\/guialimeira.com.br\/news\/costa-junior-propoe-medidas-de-protecao-para-mulheres\/","title":{"rendered":"Costa J\u00fanior prop\u00f5e medidas de prote\u00e7\u00e3o para mulheres"},"content":{"rendered":"\n<figure class=\"wp-block-gallery has-nested-images columns-default is-cropped wp-block-gallery-1 is-layout-flex wp-block-gallery-is-layout-flex\"><\/figure>\n \r\n<br><img data-recalc-dims=\"1\" decoding=\"async\" src=\"https:\/\/i0.wp.com\/guialimeira.com.br\/wp-content\/uploads\/2025\/02\/2025-02-25_costa-junior-propoe-medidas-para-seguranca-de-mulheres_1.jpg?w=696&#038;ssl=1\" \/><br><div>\n\t\t\t\t\t<p>Criar um ambiente seguro e promover suporte para mulheres v\u00edtimas de viol\u00eancia s\u00e3o alguns dos objetivos do <a href=\"https:\/\/consulta.limeira.sp.leg.br\/Documentos\/Documento\/366616\" rel=\"noopener\">Projeto de Lei N\u00b019\/2025<\/a>, proposto pelo vereador Costa J\u00fanior (Podemos). A propositura estabelece medidas de seguran\u00e7a pessoal para mulheres que possuem medida protetiva visando garantir a integridade f\u00edsica e emocional.\u00a0<\/p><p>Segundo o vereador, a iniciativa partiu pela crescente preocupa\u00e7\u00e3o com a viol\u00eancia de g\u00eanero e a necessidade da cria\u00e7\u00e3o de pol\u00edticas p\u00fablicas que efetivamente ofere\u00e7am suporte e prote\u00e7\u00e3o. A proposta ainda objetiva a capacita\u00e7\u00e3o em defesa pessoal \u00e0 mulheres e o acesso a equipamentos de seguran\u00e7a para garantir a autonomia e contribuir para a prote\u00e7\u00e3o f\u00edsica.<\/p><p>Costa J\u00fanior declarou que a capacita\u00e7\u00e3o em autodefesa e a disponibiliza\u00e7\u00e3o de equipamentos de seguran\u00e7a s\u00e3o ferramentas que possibilitam a essas mulheres a sensa\u00e7\u00e3o de seguran\u00e7a e o empoderamento necess\u00e1rio para enfrentar situa\u00e7\u00f5es de risco. \u201cVamos lutar contra todo e qualquer tipo de viol\u00eancia contra as mulheres do nosso munic\u00edpio\u201d, destacou.<\/p><p><i>Do Gabinete Parlamentar \u2013 Vereador Costa Junior (Podemos)<\/i><\/p><p><strong>As mat\u00e9rias de origem dos Gabinetes Parlamentares s\u00e3o de inteira\u00a0 responsabilidade dos parlamentares e de suas assessorias. S\u00e3o devidamente assinadas e n\u00e3o refletem, necessariamente, a opini\u00e3o institucional da C\u00e2mara Municipal de Limeira.<\/strong><\/p>\t\t\t\t<\/div>\r\n<br>\r\n<br><a href=\"https:\/\/www.limeira.sp.leg.br\/noticias\/view\/2025-02-25_costa-junior-propoe-medidas-de-protecao-para-mulheres\" rel=\"noopener\">Informa\u00e7\u00f5es CML <\/a>","protected":false},"excerpt":{"rendered":"<p>Criar um ambiente seguro e promover suporte para mulheres v\u00edtimas de viol\u00eancia s\u00e3o alguns dos objetivos do Projeto de Lei N\u00b019\/2025, proposto pelo vereador Costa J\u00fanior (Podemos). A propositura estabelece medidas de seguran\u00e7a pessoal para mulheres que possuem medida protetiva visando garantir a integridade f\u00edsica e emocional.\u00a0 Segundo o vereador, a iniciativa partiu pela crescente [&hellip;]<\/p>\n","protected":false},"author":1,"featured_media":24800,"comment_status":"open","ping_status":"open","sticky":false,"template":"","format":"standard","meta":{"_jetpack_newsletter_access":"","_jetpack_dont_email_post_to_subs":false,"_jetpack_newsletter_tier_id":0,"_jetpack_memberships_contains_paywalled_content":false,"_mbp_banners":[],"_jetpack_feature_clip_id":0,"_jetpack_memberships_contains_paid_content":false,"footnotes":"","jetpack_publicize_message":"","jetpack_publicize_feature_enabled":true,"jetpack_social_post_already_shared":true,"jetpack_social_options":{"image_generator_settings":{"template":"highway","default_image_id":0,"font":"","enabled":false},"version":2},"jetpack_post_was_ever_published":false},"categories":[19],"tags":[],"class_list":["post-24799","post","type-post","status-publish","format-standard","has-post-thumbnail","category-politica"],"jetpack_publicize_connections":[],"jetpack-related-posts":[],"jetpack_shortlink":"https:\/\/wp.me\/p7Eq1F-6rZ","jetpack_sharing_enabled":true,"jetpack_featured_media_url":"https:\/\/i0.wp.com\/guialimeira.com.br\/news\/wp-content\/uploads\/2025\/02\/Costa-Junior-propoe-medidas-de-protecao-para-mulheres.jpg?fit=1280%2C640&ssl=1","_links":{"self":[{"href":"https:\/\/guialimeira.com.br\/news\/wp-json\/wp\/v2\/posts\/24799","targetHints":{"allow":["GET"]}}],"collection":[{"href":"https:\/\/guialimeira.com.br\/news\/wp-json\/wp\/v2\/posts"}],"about":[{"href":"https:\/\/guialimeira.com.br\/news\/wp-json\/wp\/v2\/types\/post"}],"author":[{"embeddable":true,"href":"https:\/\/guialimeira.com.br\/news\/wp-json\/wp\/v2\/users\/1"}],"replies":[{"embeddable":true,"href":"https:\/\/guialimeira.com.br\/news\/wp-json\/wp\/v2\/comments?post=24799"}],"version-history":[{"count":1,"href":"https:\/\/guialimeira.com.br\/news\/wp-json\/wp\/v2\/posts\/24799\/revisions"}],"predecessor-version":[{"id":24801,"href":"https:\/\/guialimeira.com.br\/news\/wp-json\/wp\/v2\/posts\/24799\/revisions\/24801"}],"wp:featuredmedia":[{"embeddable":true,"href":"https:\/\/guialimeira.com.br\/news\/wp-json\/wp\/v2\/media\/24800"}],"wp:attachment":[{"href":"https:\/\/guialimeira.com.br\/news\/wp-json\/wp\/v2\/media?parent=24799"}],"wp:term":[{"taxonomy":"category","embeddable":true,"href":"https:\/\/guialimeira.com.br\/news\/wp-json\/wp\/v2\/categories?post=24799"},{"taxonomy":"post_tag","embeddable":true,"href":"https:\/\/guialimeira.com.br\/news\/wp-json\/wp\/v2\/tags?post=24799"}],"curies":[{"name":"wp","href":"https:\/\/api.w.org\/{rel}","templated":true}]}}