{"id":24782,"date":"2025-02-25T10:57:01","date_gmt":"2025-02-25T13:57:01","guid":{"rendered":"https:\/\/guialimeira.com.br\/2025\/02\/25\/previa-da-inflacao-de-fevereiro-e-de-123\/"},"modified":"2025-02-25T10:57:01","modified_gmt":"2025-02-25T13:57:01","slug":"previa-da-inflacao-de-fevereiro-e-de-123","status":"publish","type":"post","link":"https:\/\/guialimeira.com.br\/news\/previa-da-inflacao-de-fevereiro-e-de-123\/","title":{"rendered":"Pr\u00e9via da infla\u00e7\u00e3o de fevereiro \u00e9 de 1,23%"},"content":{"rendered":"<p> <br \/>\n<\/p>\n<div>\n<p><a href=\"https:\/\/agenciabrasil.ebc.com.br\/tags\/inflacao\" target=\"_blank\" rel=\"noopener\">A pr\u00e9via da infla\u00e7\u00e3o<\/a> no m\u00eas de fevereiro ficou em 1,23%, <strong>a maior<\/strong> desde abril de 2022 (1,73%). O \u00cdndice Nacional de Pre\u00e7os ao Consumidor Amplo 15 (IPCA-15) foi pressionado principalmente pela conta de luz. Em janeiro, o \u00edndice havia sido de 0,11%.<img data-recalc-dims=\"1\" decoding=\"async\" src=\"https:\/\/i0.wp.com\/agenciabrasil.ebc.com.br\/ebc.png?w=696&#038;ssl=1\" style=\"width:1px; height:1px; display:inline;\"\/><img data-recalc-dims=\"1\" decoding=\"async\" src=\"https:\/\/i0.wp.com\/agenciabrasil.ebc.com.br\/ebc.gif?w=696&#038;ssl=1\" style=\"width:1px; height:1px; display:inline;\"\/><\/p>\n<p>Comparando apenas os meses de fevereiro, <strong>o resultado de 2025 \u00e9 o maior desde 2016<\/strong>, quando o IPCA-15 marcou 1,42%. Em fevereiro do ano passado, a pr\u00e9via fico em 0,78%. Os dados foram divulgados nesta ter\u00e7a-feira (25), no Rio de Janeiro, pelo Instituto Brasileiro de Geografia e Estat\u00edstica <a href=\"https:\/\/www.ibge.gov.br\/pt\/inicio.html\" target=\"_blank\" rel=\"noopener\">(IBGE)<\/a>.<\/p>\n<p>No acumulado de 12 meses, o IPCA-15 soma 4,96%, acima da meta do governo de, no m\u00e1ximo 4,5%. Em janeiro, esse acumulado se encontrava no teto da meta.<\/p>\n<p>Dos nove grupos de produtos e servi\u00e7os apurados pelo IBGE, sete apresentaram alta. A maior press\u00e3o veio do grupo habita\u00e7\u00e3o, que subiu 4,34%, contribuindo com 0,63 ponto percentual (p.p.) do IPCA-15.<\/p>\n<p>Dentro da habita\u00e7\u00e3o, a vil\u00e3 foi a conta de luz, que subiu 16,33%, impactando o \u00edndice em 0,54 p.p. O que explica esse aumento \u00e9 o desconto que as contas de luz dos brasileiros receberam em janeiro, o chamado B\u00f4nus Itaipu, que derrubou o custo no m\u00eas passado (-15,46%).<\/p>\n<p>Uma vez que o desconto n\u00e3o se repetiu em fevereiro, o efeito estat\u00edstico com a base de compara\u00e7\u00e3o baixa mostra uma infla\u00e7\u00e3o alta na compara\u00e7\u00e3o entre janeiro e fevereiro.<\/p>\n<p><a href=\"https:\/\/agenciabrasil.ebc.com.br\/economia\/noticia\/2025-01\/saiba-o-que-e-o-bonus-na-conta-de-luz-que-ajudou-a-segurar-inflacao\" target=\"_blank\" rel=\"noopener\">Entenda o que \u00e9 o B\u00f4nus Itaipu<\/a>.<\/p>\n<h2>Reajuste de mensalidades<\/h2>\n<p><strong>Outra press\u00e3o <\/strong>dos pre\u00e7os em fevereiro veio do grupo educa\u00e7\u00e3o, que subiu 4,78%, impacto de 0,29 p.p. A explica\u00e7\u00e3o est\u00e1 nos reajustes de cursos regulares (5,69%) habitualmente praticados no in\u00edcio do ano letivo.<\/p>\n<p>As maiores varia\u00e7\u00f5es sa\u00edram do ensino fundamental (7,50%), ensino m\u00e9dio (7,26%) e ensino superior (4,08%).<\/p>\n<p>Apesar de ter subido nominalmente mais que a habita\u00e7\u00e3o (4,78% x 4,34%), o grupo habita\u00e7\u00e3o influenciou mais na alta do IPCA-15 por ter peso maior no or\u00e7amento das fam\u00edlias, de acordo com o IBGE.<\/p>\n<h2>Alimentos<\/h2>\n<p><a href=\"https:\/\/agenciabrasil.ebc.com.br\/politica\/noticia\/2025-01\/prioridade-do-governo-e-baratear-os-alimentos-em-2025-diz-lula\" target=\"_blank\" rel=\"noopener\">Uma das principais preocupa\u00e7\u00f5es<\/a> do governo neste in\u00edcio de ano, o pre\u00e7o dos alimentos desacelerou ante janeiro, isto \u00e9, houve infla\u00e7\u00e3o, mas menor que a do m\u00eas anterior.<\/p>\n<p>O grupo alimentos e bebidas <strong>subiu<\/strong> 0,61%, enquanto em janeiro tinha marcado 1,06%. O caf\u00e9 mo\u00eddo ficou 11,63% mais caro, sendo o subitem aliment\u00edcio com maior press\u00e3o de alta (0,06 p.p.)<\/p>\n<h2>Transportes<\/h2>\n<p>No grupo dos transportes (alta de 0,44% e impacto de 0,09 p.p.), os combust\u00edveis aumentaram 1,88%. Houve aumentos no etanol (3,22%), diesel (2,42%) e gasolina (1,71%), enquanto o g\u00e1s veicular teve resultado negativo de 0,41%.<\/p>\n<p>Um al\u00edvio veio das passagens a\u00e9reas, que ca\u00edram 20,42%, sendo o subitem que mais for\u00e7ou a infla\u00e7\u00e3o geral para baixo.<\/p>\n<h2>Grupos<\/h2>\n<p>Veja o comportamento dos nove grupos apurados pelo <strong>IBGE<\/strong>:<\/p>\n<p>Alimenta\u00e7\u00e3o e bebidas: 0,61%<\/p>\n<p>Habita\u00e7\u00e3o: 4,34%<\/p>\n<p>Artigos de resid\u00eancia: 0,38%<\/p>\n<p>Vestu\u00e1rio: -0,08%<\/p>\n<p>Transportes: 0,44%<\/p>\n<p>Sa\u00fade e cuidados pessoais: 0,54%<\/p>\n<p>Despesas pessoais: 0,01%<\/p>\n<p>Educa\u00e7\u00e3o: 4,78%<\/p>\n<p>Comunica\u00e7\u00e3o: -0,06<\/p>\n<h2>Pr\u00e9via<\/h2>\n<p>O IPCA-15 tem a mesma metodologia do IPCA, a chamada infla\u00e7\u00e3o oficial, que serve de base para a pol\u00edtica de meta de infla\u00e7\u00e3o do governo &#8211; infla\u00e7\u00e3o acumulada em 12 meses de 3%, com margem de toler\u00e2ncia de 1,5 p.p. para mais ou para menos.<\/p>\n<p>Uma diferen\u00e7a \u00e9 que os pre\u00e7os s\u00e3o pesquisados antes mesmo de acabar o m\u00eas de refer\u00eancia, justamente para servir como pr\u00e9via. Em rela\u00e7\u00e3o a divulga\u00e7\u00e3o atual, o per\u00edodo de coleta foi de 15 de janeiro a 12 de fevereiro.<\/p>\n<p>Ambos os \u00edndices levam em considera\u00e7\u00e3o uma cesta de produtos e servi\u00e7os para fam\u00edlias com rendimentos entre um e 40 sal\u00e1rios m\u00ednimos.<\/p>\n<p>O IPCA-15 coleta pre\u00e7os em 11 localidades do pa\u00eds (as regi\u00f5es metropolitanas do Rio de Janeiro, Porto Alegre, Belo Horizonte, Recife, S\u00e3o Paulo, Bel\u00e9m, Fortaleza, Salvador e Curitiba, al\u00e9m de Bras\u00edlia e Goi\u00e2nia.); e o IPCA, 16 localidades (inclui Vit\u00f3ria, Campo Grande, Rio Branco, S\u00e3o Lu\u00eds e Aracaju). O IPCA de fevereiro <strong>ser\u00e1 divulgado em 12 de mar\u00e7o<\/strong>.<\/p>\n<p>      <!-- Relacionada --><\/p>\n<p>            <!-- Relacionada -->\n    <\/div>\n<p><br \/>\n<br \/><a href=\"https:\/\/agenciabrasil.ebc.com.br\/economia\/noticia\/2025-02\/previa-da-inflacao-de-fevereiro-e-de-123\" rel=\"noopener\">Ag\u00eancia Brasil<\/a><\/p>\n","protected":false},"excerpt":{"rendered":"<p>A pr\u00e9via da infla\u00e7\u00e3o no m\u00eas de fevereiro ficou em 1,23%, a maior desde abril de 2022 (1,73%). O \u00cdndice Nacional de Pre\u00e7os ao Consumidor Amplo 15 (IPCA-15) foi pressionado principalmente pela conta de luz. Em janeiro, o \u00edndice havia sido de 0,11%. Comparando apenas os meses de fevereiro, o resultado de 2025 \u00e9 o [&hellip;]<\/p>\n","protected":false},"author":1,"featured_media":8801,"comment_status":"open","ping_status":"open","sticky":false,"template":"","format":"standard","meta":{"_jetpack_newsletter_access":"","_jetpack_dont_email_post_to_subs":false,"_jetpack_newsletter_tier_id":0,"_jetpack_memberships_contains_paywalled_content":false,"_mbp_banners":[],"_jetpack_feature_clip_id":0,"_jetpack_memberships_contains_paid_content":false,"footnotes":"","jetpack_publicize_message":"","jetpack_publicize_feature_enabled":true,"jetpack_social_post_already_shared":true,"jetpack_social_options":{"image_generator_settings":{"template":"highway","default_image_id":0,"font":"","enabled":false},"version":2},"jetpack_post_was_ever_published":false},"categories":[24],"tags":[],"class_list":["post-24782","post","type-post","status-publish","format-standard","has-post-thumbnail","category-economia"],"jetpack_publicize_connections":[],"jetpack-related-posts":[],"jetpack_shortlink":"https:\/\/wp.me\/p7Eq1F-6rI","jetpack_sharing_enabled":true,"jetpack_featured_media_url":"https:\/\/i0.wp.com\/guialimeira.com.br\/news\/wp-content\/uploads\/2024\/06\/1064929-edit_04214.jpg?fit=1600%2C800&ssl=1","_links":{"self":[{"href":"https:\/\/guialimeira.com.br\/news\/wp-json\/wp\/v2\/posts\/24782","targetHints":{"allow":["GET"]}}],"collection":[{"href":"https:\/\/guialimeira.com.br\/news\/wp-json\/wp\/v2\/posts"}],"about":[{"href":"https:\/\/guialimeira.com.br\/news\/wp-json\/wp\/v2\/types\/post"}],"author":[{"embeddable":true,"href":"https:\/\/guialimeira.com.br\/news\/wp-json\/wp\/v2\/users\/1"}],"replies":[{"embeddable":true,"href":"https:\/\/guialimeira.com.br\/news\/wp-json\/wp\/v2\/comments?post=24782"}],"version-history":[{"count":0,"href":"https:\/\/guialimeira.com.br\/news\/wp-json\/wp\/v2\/posts\/24782\/revisions"}],"wp:featuredmedia":[{"embeddable":true,"href":"https:\/\/guialimeira.com.br\/news\/wp-json\/wp\/v2\/media\/8801"}],"wp:attachment":[{"href":"https:\/\/guialimeira.com.br\/news\/wp-json\/wp\/v2\/media?parent=24782"}],"wp:term":[{"taxonomy":"category","embeddable":true,"href":"https:\/\/guialimeira.com.br\/news\/wp-json\/wp\/v2\/categories?post=24782"},{"taxonomy":"post_tag","embeddable":true,"href":"https:\/\/guialimeira.com.br\/news\/wp-json\/wp\/v2\/tags?post=24782"}],"curies":[{"name":"wp","href":"https:\/\/api.w.org\/{rel}","templated":true}]}}