{"id":24773,"date":"2025-02-25T10:05:59","date_gmt":"2025-02-25T13:05:59","guid":{"rendered":"https:\/\/guialimeira.com.br\/?p=24773"},"modified":"2025-02-25T10:05:59","modified_gmt":"2025-02-25T13:05:59","slug":"lu-bogo-apresenta-demandas-do-transporte-escolar-ao-secretario-de-educacao-antonio-montesano","status":"publish","type":"post","link":"https:\/\/guialimeira.com.br\/news\/lu-bogo-apresenta-demandas-do-transporte-escolar-ao-secretario-de-educacao-antonio-montesano\/","title":{"rendered":"Lu Bogo apresenta demandas do transporte escolar ao secret\u00e1rio de Educa\u00e7\u00e3o Ant\u00f4nio Montesano"},"content":{"rendered":"\n<figure class=\"wp-block-gallery has-nested-images columns-default is-cropped wp-block-gallery-1 is-layout-flex wp-block-gallery-is-layout-flex\"><\/figure>\n \r\n<br><img data-recalc-dims=\"1\" decoding=\"async\" src=\"https:\/\/i0.wp.com\/guialimeira.com.br\/wp-content\/uploads\/2025\/02\/2025-02-25_lu-bogo-apresenta-demandas-do-transporte-escolar-ao-secretario-de-educacao-antonio-montes.jpeg?w=696&#038;ssl=1\" \/><br><div>\n\t\t\t\t\t<p>A vereadora Lu Bogo (PL) se reuniu este m\u00eas com o secret\u00e1rio Municipal de Educa\u00e7\u00e3o, Ant\u00f4nio Montesano Neto, junto com pais de alunos do bairro S\u00e3o Jo\u00e3o e \u00e1rea rural, que relataram as melhorias necess\u00e1rias para o transporte escolar dos seus filhos. O respons\u00e1vel pelo transporte escolar Rodney Marcelo da Silva tamb\u00e9m acompanhou a reuni\u00e3o realizada no dia 10 de fevereiro.\u00a0<\/p><p>\u00a0Moradores do S\u00e3o Jo\u00e3o, S\u00edtio Maria, Mariana Faber, Ana Carolina, Cl\u00e9lia e Rodrigo Rolan, Jadson dos Santos Lins, informaram ao secret\u00e1rio que as crian\u00e7as chegaram a ficar duas horas dentro do \u00f4nibus para retornar para suas casas. Os pais informaram ainda que \u201cas crian\u00e7as chegam \u00e0 noite em casa, percorrem a cidade para depois serem entregues em casa\u201d. Eles pedem melhoria na log\u00edstica, uma vez que o percurso \u00e9 longo, segundo Lu Bogo.\u00a0<\/p><p>\u00a0Os pais dos alunos relataram que em per\u00edodo de chuva o \u00f4nibus que transporta as crian\u00e7as fica sem condi\u00e7\u00f5es de transitar, devido ao seu estado e tamb\u00e9m, muitas vezes pelas condi\u00e7\u00f5es das estradas. \u201cChega a chover dentro do \u00f4nibus em per\u00edodo de chuva. N\u00e3o tem ar condicionado. E \u00e0s vezes as estradas n\u00e3o est\u00e3o em condi\u00e7\u00f5es de receber o transporte escolar, devido aos buracos apresentando risco a seguran\u00e7a dos alunos. E tamb\u00e9m o novo itiner\u00e1rio do \u00f4nibus que parou de passar em frente \u00e0s casas das crian\u00e7as e as deixou em outro local, gerando atrasos e risco para as crian\u00e7as\u201d, disseram.<\/p><p>\u00a0Sobre o transporte de sua filha, que passa em frente ao Rubi, o Sr. Jadson esclareceu que foi resolvida a quest\u00e3o no dia 21. \u201cA minha reivindica\u00e7\u00e3o e de outros pais da regi\u00e3o do Rubi foi atendida\u201d, informou Jadson.<\/p><p>\u00a0O secret\u00e1rio Montesano ouviu as demandas e adiantou que para a nova licita\u00e7\u00e3o, que ocorrer\u00e1 em maio deste ano, haver\u00e1 mudan\u00e7as que v\u00e3o beneficiar os alunos da \u00e1rea rural. \u201cAlguns itiner\u00e1rios poder\u00e3o ser feitos por transporte menor, o que trar\u00e1 mais agilidade e conforto para as crian\u00e7as, reduzindo assim o tempo dentro do transporte escolar\u201d, citou o secret\u00e1rio.\u00a0<\/p><p>\u00a0<i>Do Gabinete Parlamentar &#8211; Lu Bogo (PL)<\/i><\/p><p><strong>As mat\u00e9rias de origem dos Gabinetes Parlamentares s\u00e3o de inteira\u00a0 responsabilidade dos parlamentares e de\u00a0 suas assessorias. S\u00e3o devidamente assinadas e n\u00e3o refletem, necessariamente, a opini\u00e3o institucional da C\u00e2mara Municipal de Limeira.<\/strong><\/p>\t\t\t\t<\/div>\r\n<br>\r\n<br><a href=\"https:\/\/www.limeira.sp.leg.br\/noticias\/view\/2025-02-25_lu-bogo-apresenta-demandas-do-transporte-escolar-ao-secretario-de-educacao-antonio-montesano\" rel=\"noopener\">Informa\u00e7\u00f5es CML <\/a>","protected":false},"excerpt":{"rendered":"<p>A vereadora Lu Bogo (PL) se reuniu este m\u00eas com o secret\u00e1rio Municipal de Educa\u00e7\u00e3o, Ant\u00f4nio Montesano Neto, junto com pais de alunos do bairro S\u00e3o Jo\u00e3o e \u00e1rea rural, que relataram as melhorias necess\u00e1rias para o transporte escolar dos seus filhos. O respons\u00e1vel pelo transporte escolar Rodney Marcelo da Silva tamb\u00e9m acompanhou a reuni\u00e3o [&hellip;]<\/p>\n","protected":false},"author":1,"featured_media":24774,"comment_status":"open","ping_status":"open","sticky":false,"template":"","format":"standard","meta":{"_jetpack_newsletter_access":"","_jetpack_dont_email_post_to_subs":false,"_jetpack_newsletter_tier_id":0,"_jetpack_memberships_contains_paywalled_content":false,"_mbp_banners":[],"_jetpack_feature_clip_id":0,"_jetpack_memberships_contains_paid_content":false,"footnotes":"","jetpack_publicize_message":"","jetpack_publicize_feature_enabled":true,"jetpack_social_post_already_shared":true,"jetpack_social_options":{"image_generator_settings":{"template":"highway","default_image_id":0,"font":"","enabled":false},"version":2},"jetpack_post_was_ever_published":false},"categories":[19],"tags":[],"class_list":["post-24773","post","type-post","status-publish","format-standard","has-post-thumbnail","category-politica"],"jetpack_publicize_connections":[],"jetpack-related-posts":[],"jetpack_shortlink":"https:\/\/wp.me\/p7Eq1F-6rz","jetpack_sharing_enabled":true,"jetpack_featured_media_url":"https:\/\/i0.wp.com\/guialimeira.com.br\/news\/wp-content\/uploads\/2025\/02\/Lu-Bogo-apresenta-demandas-do-transporte-escolar-ao-secretario-de.jpeg?fit=1280%2C640&ssl=1","_links":{"self":[{"href":"https:\/\/guialimeira.com.br\/news\/wp-json\/wp\/v2\/posts\/24773","targetHints":{"allow":["GET"]}}],"collection":[{"href":"https:\/\/guialimeira.com.br\/news\/wp-json\/wp\/v2\/posts"}],"about":[{"href":"https:\/\/guialimeira.com.br\/news\/wp-json\/wp\/v2\/types\/post"}],"author":[{"embeddable":true,"href":"https:\/\/guialimeira.com.br\/news\/wp-json\/wp\/v2\/users\/1"}],"replies":[{"embeddable":true,"href":"https:\/\/guialimeira.com.br\/news\/wp-json\/wp\/v2\/comments?post=24773"}],"version-history":[{"count":1,"href":"https:\/\/guialimeira.com.br\/news\/wp-json\/wp\/v2\/posts\/24773\/revisions"}],"predecessor-version":[{"id":24775,"href":"https:\/\/guialimeira.com.br\/news\/wp-json\/wp\/v2\/posts\/24773\/revisions\/24775"}],"wp:featuredmedia":[{"embeddable":true,"href":"https:\/\/guialimeira.com.br\/news\/wp-json\/wp\/v2\/media\/24774"}],"wp:attachment":[{"href":"https:\/\/guialimeira.com.br\/news\/wp-json\/wp\/v2\/media?parent=24773"}],"wp:term":[{"taxonomy":"category","embeddable":true,"href":"https:\/\/guialimeira.com.br\/news\/wp-json\/wp\/v2\/categories?post=24773"},{"taxonomy":"post_tag","embeddable":true,"href":"https:\/\/guialimeira.com.br\/news\/wp-json\/wp\/v2\/tags?post=24773"}],"curies":[{"name":"wp","href":"https:\/\/api.w.org\/{rel}","templated":true}]}}