{"id":24760,"date":"2025-02-25T07:54:11","date_gmt":"2025-02-25T10:54:11","guid":{"rendered":"https:\/\/guialimeira.com.br\/2025\/02\/25\/empresas-e-bancos-tem-ate-sexta-para-enviar-comprovantes-para-o-ir\/"},"modified":"2025-02-25T07:54:11","modified_gmt":"2025-02-25T10:54:11","slug":"empresas-e-bancos-tem-ate-sexta-para-enviar-comprovantes-para-o-ir","status":"publish","type":"post","link":"https:\/\/guialimeira.com.br\/news\/empresas-e-bancos-tem-ate-sexta-para-enviar-comprovantes-para-o-ir\/","title":{"rendered":"Empresas e bancos t\u00eam at\u00e9 sexta para enviar comprovantes para o IR"},"content":{"rendered":"<p> <br \/>\n<\/p>\n<div>\n<p>As <strong>empresas e as institui\u00e7\u00f5es financeiras<\/strong> t\u00eam at\u00e9 o fim desta semana para mandarem aos contribuintes os dados para o <strong>Imposto de Renda Pessoa F\u00edsica 2025 (IRPF)<\/strong>. <strong>Acaba na sexta-feira (28) o prazo de envio dos informes de rendimentos relativos ao ano passado<\/strong>. Os informes s\u00e3o usados para o preenchimento da declara\u00e7\u00e3o do IRPF, cuja entrega est\u00e1 prevista para come\u00e7ar em 17 de mar\u00e7o.<img data-recalc-dims=\"1\" decoding=\"async\" src=\"https:\/\/i0.wp.com\/agenciabrasil.ebc.com.br\/ebc.png?w=696&#038;ssl=1\" style=\"width:1px; height:1px; display:inline;\"\/><img data-recalc-dims=\"1\" decoding=\"async\" src=\"https:\/\/i0.wp.com\/agenciabrasil.ebc.com.br\/ebc.gif?w=696&#038;ssl=1\" style=\"width:1px; height:1px; display:inline;\"\/><\/p>\n<p>Em rela\u00e7\u00e3o aos comprovantes de rendimentos, os <strong>dados n\u00e3o precisam ser enviados pelos Correios<\/strong>. As empresas e as institui\u00e7\u00f5es financeiras podem mandar os dados por e-mail, divulgar links para serem baixados na internet ou fazer a divulga\u00e7\u00e3o em aplicativos para dispositivos m\u00f3veis. No caso dos <strong>servidores p\u00fablicos federais<\/strong>, o informe de rendimentos pode ser obtido no site ou no <a href=\"https:\/\/sougov.sigepe.gov.br\/sougov\/\" target=\"_blank\" rel=\"noopener\">aplicativo SouGov.br<\/a>.<\/p>\n<p>Os documentos de rendimento servem para a Receita Federal cruzar informa\u00e7\u00f5es e verificar se o contribuinte preencheu os dados errados ou sonegou imposto. Os comprovantes fornecidos pelos empregadores devem conter os valores recebidos pelos contribuintes no ano anterior, assim como detalhar os valores descontados para a <strong>Previd\u00eancia Social<\/strong> e o Imposto de Renda recolhido na fonte. Contribui\u00e7\u00f5es para a <strong>Previd\u00eancia Complementar<\/strong> da empresa e aportes para o plano de sa\u00fade coletivo devem ser informados, caso existam.<\/p>\n<h2>Comprovantes na internet<\/h2>\n<p><strong>Os aposentados e pensionistas do Instituto Nacional do Seguro Social (INSS) podem pegar os comprovantes na internet<\/strong>. O <a href=\"https:\/\/meu.inss.gov.br\/central\/#\/extrato-ir\" target=\"_blank\" rel=\"noopener\">documento est\u00e1 dispon\u00edvel na p\u00e1gina Meu INSS<\/a> ou no aplicativo de mesmo nome dispon\u00edvel para os sistemas Android e iOS. O segurado deve digitar a mesma senha para consultar os demais extratos. Caso n\u00e3o tenha senha, basta seguir os passos informados pelo site.<\/p>\n<p><strong>Planos de sa\u00fade individuais e fundos de pens\u00e3o<\/strong> tamb\u00e9m s\u00e3o obrigados a fornecer os comprovantes, cujos dados ser\u00e3o usados para o contribuinte deduzir os valores cobrados no Imposto de Renda. Os bancos e corretoras devem informar os valores de todas as contas correntes e de todos os investimentos. Caso o contribuinte tenha conta em mais de uma institui\u00e7\u00e3o, deve obter os comprovantes de todas elas.<\/p>\n<h2>Novo prazo<\/h2>\n<p>Desde 2023, o <strong>prazo de entrega da declara\u00e7\u00e3o do Imposto de Renda mudou<\/strong>. O <a href=\"https:\/\/agenciabrasil.ebc.com.br\/economia\/noticia\/2023-02\/entrega-da-declaracao-do-imposto-de-renda-comeca-no-dia-15-de-marco\" target=\"_blank\" rel=\"noopener\">documento poder\u00e1 ser enviado de 15 de mar\u00e7o a 31 de maio<\/a>, ou nos dias \u00fateis mais pr\u00f3ximos a essas datas. De acordo com a Receita, a mudan\u00e7a foi necess\u00e1ria para que todos os contribuintes tenham acesso \u00e0 declara\u00e7\u00e3o pr\u00e9-preenchida do Imposto de Renda no primeiro dia de entrega.<\/p>\n<p>Segundo a Receita Federal, como a maioria das informa\u00e7\u00f5es oferecidas na declara\u00e7\u00e3o pr\u00e9-preenchida s\u00f3 chega \u00e0 Receita Federal no fim de fevereiro, o Fisco precisa de um prazo para consolidar os dados. Por causa disso, o formul\u00e1rio pr\u00e9-preenchido, que proporciona mais comodidade e diminui a chance de erros pelo contribuinte, s\u00f3 \u00e9 fornecido na metade de mar\u00e7o.<\/p>\n<h2>Atraso e erros<\/h2>\n<p>Caso o contribuinte n\u00e3o receba os informes no prazo, deve procurar o setor de recursos humanos da empresa ou o gerente da institui\u00e7\u00e3o financeira. <strong>Se o atraso persistir, a Receita Federal pode ser acionada.<\/strong> Em caso de erros ou diverg\u00eancia de dados, \u00e9 necess\u00e1rio pedir um novo documento corrigido.<\/p>\n<p>Se n\u00e3o receber os dados corretos antes do fim de maio, dia final de entrega da declara\u00e7\u00e3o, o contribuinte n\u00e3o precisa perder o prazo e ser multado. <strong>\u00c9 poss\u00edvel enviar uma vers\u00e3o preliminar da declara\u00e7\u00e3o e depois fazer uma declara\u00e7\u00e3o retificadora<\/strong>.<\/p>\n<p>      <!-- Relacionada --><\/p>\n<p>            <!-- Relacionada -->\n    <\/div>\n<p><br \/>\n<br \/><a href=\"https:\/\/agenciabrasil.ebc.com.br\/economia\/noticia\/2025-02\/empresas-e-bancos-tem-ate-sexta-para-enviar-comprovantes-para-o-ir\" rel=\"noopener\">Ag\u00eancia Brasil<\/a><\/p>\n","protected":false},"excerpt":{"rendered":"<p>As empresas e as institui\u00e7\u00f5es financeiras t\u00eam at\u00e9 o fim desta semana para mandarem aos contribuintes os dados para o Imposto de Renda Pessoa F\u00edsica 2025 (IRPF). Acaba na sexta-feira (28) o prazo de envio dos informes de rendimentos relativos ao ano passado. Os informes s\u00e3o usados para o preenchimento da declara\u00e7\u00e3o do IRPF, cuja [&hellip;]<\/p>\n","protected":false},"author":1,"featured_media":24761,"comment_status":"open","ping_status":"open","sticky":false,"template":"","format":"standard","meta":{"_jetpack_newsletter_access":"","_jetpack_dont_email_post_to_subs":false,"_jetpack_newsletter_tier_id":0,"_jetpack_memberships_contains_paywalled_content":false,"_mbp_banners":[],"_jetpack_feature_clip_id":0,"_jetpack_memberships_contains_paid_content":false,"footnotes":"","jetpack_publicize_message":"","jetpack_publicize_feature_enabled":true,"jetpack_social_post_already_shared":true,"jetpack_social_options":{"image_generator_settings":{"template":"highway","default_image_id":0,"font":"","enabled":false},"version":2},"jetpack_post_was_ever_published":false},"categories":[24],"tags":[],"class_list":["post-24760","post","type-post","status-publish","format-standard","has-post-thumbnail","category-economia"],"jetpack_publicize_connections":[],"jetpack-related-posts":[],"jetpack_shortlink":"https:\/\/wp.me\/p7Eq1F-6rm","jetpack_sharing_enabled":true,"jetpack_featured_media_url":"https:\/\/i0.wp.com\/guialimeira.com.br\/news\/wp-content\/uploads\/2025\/02\/ja_8344.jpg?fit=1600%2C800&ssl=1","_links":{"self":[{"href":"https:\/\/guialimeira.com.br\/news\/wp-json\/wp\/v2\/posts\/24760","targetHints":{"allow":["GET"]}}],"collection":[{"href":"https:\/\/guialimeira.com.br\/news\/wp-json\/wp\/v2\/posts"}],"about":[{"href":"https:\/\/guialimeira.com.br\/news\/wp-json\/wp\/v2\/types\/post"}],"author":[{"embeddable":true,"href":"https:\/\/guialimeira.com.br\/news\/wp-json\/wp\/v2\/users\/1"}],"replies":[{"embeddable":true,"href":"https:\/\/guialimeira.com.br\/news\/wp-json\/wp\/v2\/comments?post=24760"}],"version-history":[{"count":0,"href":"https:\/\/guialimeira.com.br\/news\/wp-json\/wp\/v2\/posts\/24760\/revisions"}],"wp:featuredmedia":[{"embeddable":true,"href":"https:\/\/guialimeira.com.br\/news\/wp-json\/wp\/v2\/media\/24761"}],"wp:attachment":[{"href":"https:\/\/guialimeira.com.br\/news\/wp-json\/wp\/v2\/media?parent=24760"}],"wp:term":[{"taxonomy":"category","embeddable":true,"href":"https:\/\/guialimeira.com.br\/news\/wp-json\/wp\/v2\/categories?post=24760"},{"taxonomy":"post_tag","embeddable":true,"href":"https:\/\/guialimeira.com.br\/news\/wp-json\/wp\/v2\/tags?post=24760"}],"curies":[{"name":"wp","href":"https:\/\/api.w.org\/{rel}","templated":true}]}}