{"id":24752,"date":"2025-02-24T22:43:47","date_gmt":"2025-02-25T01:43:47","guid":{"rendered":"https:\/\/guialimeira.com.br\/2025\/02\/24\/governo-publica-mp-com-credito-extraordinario-de-r-4-bi-a-plano-safra\/"},"modified":"2025-02-24T22:43:47","modified_gmt":"2025-02-25T01:43:47","slug":"governo-publica-mp-com-credito-extraordinario-de-r-4-bi-a-plano-safra","status":"publish","type":"post","link":"https:\/\/guialimeira.com.br\/news\/governo-publica-mp-com-credito-extraordinario-de-r-4-bi-a-plano-safra\/","title":{"rendered":"Governo publica MP com cr\u00e9dito extraordin\u00e1rio de R$ 4 bi a Plano Safra"},"content":{"rendered":"<p> <br \/>\n<\/p>\n<div>\n<p>O governo publicou nesta segunda-feira (24) \u00e0 noite a medida provis\u00f3ria (MP) que libera <strong>R$ 4,18 bilh\u00f5es em cr\u00e9dito extraordin\u00e1rio para o Plano Safra<\/strong> deste ano. O dinheiro assegurar\u00e1 a continuidade do programa, <strong>suspensas por causa da n\u00e3o aprova\u00e7\u00e3o do Or\u00e7amento de 20<\/strong>25.<img data-recalc-dims=\"1\" decoding=\"async\" src=\"https:\/\/i0.wp.com\/agenciabrasil.ebc.com.br\/ebc.png?w=696&#038;ssl=1\" style=\"width:1px; height:1px; display:inline;\"\/><img data-recalc-dims=\"1\" decoding=\"async\" src=\"https:\/\/i0.wp.com\/agenciabrasil.ebc.com.br\/ebc.gif?w=696&#038;ssl=1\" style=\"width:1px; height:1px; display:inline;\"\/><\/p>\n<p>O texto foi publicado em <a href=\"https:\/\/www.planalto.gov.br\/ccivil_03\/_Ato2023-2026\/2025\/Mpv\/mpv1289.htm\" target=\"_blank\" rel=\"noopener\"><strong>edi\u00e7\u00e3o extraordin\u00e1ria do Di\u00e1rio Oficial da Uni\u00e3o<\/strong><\/a>.<\/p>\n<p>Desde quinta-feira (20), a <strong>concess\u00e3o de financiamentos para o Plano Safra estava suspensa pelo Tesouro Naciona<\/strong>l.<\/p>\n<p>O projeto de lei do Or\u00e7amento de 2025 <strong>deveria ter sido aprovado em dezembro<\/strong>, mas s\u00f3 ser\u00e1 analisado em mar\u00e7o, ap\u00f3s o carnaval e a montagem da Comiss\u00e3o Mista de Or\u00e7amento (CMO).<\/p>\n<p>Embora a MP n\u00e3o entre em detalhes sobre o tema, o <strong>cr\u00e9dito extraordin\u00e1rio ficar\u00e1 dentro dos limites do arcabou\u00e7o fiscal<\/strong>, que limita o crescimento real (acima da infla\u00e7\u00e3o) dos gastos a 70% do crescimento real das receitas no ano anterior.<\/p>\n<p>Na \u00faltima sexta-feira (21), o ministro da Fazenda, Fernando Haddad, havia anunciado que os cr\u00e9ditos seriam submetidos<a href=\"https:\/\/agenciabrasil.ebc.com.br\/economia\/noticia\/2025-02\/haddad-diz-que-governo-vai-editar-mp-para-garantir-plano-safra\" target=\"_blank\" rel=\"noopener\"> \u00e0s limita\u00e7\u00f5es do marco fiscal<\/a>.<\/p>\n<p>Pela Constitui\u00e7\u00e3o, cr\u00e9ditos extraordin\u00e1rios, normalmente destinados a despesas imprevistas, urgentes ou emergenciais, n\u00e3o s\u00e3o submetidos ao teto de gastos do arcabou\u00e7o fiscal.<\/p>\n<blockquote>\n<p>\u201cApesar de ser um cr\u00e9dito extraordin\u00e1rio, o governo est\u00e1 anunciando que ele estar\u00e1 dentro dos limites do arcabou\u00e7o fiscal. Portanto, \u00e9 como se tivesse sido aprovado dentro do Or\u00e7amento com os limites do arcabou\u00e7o fiscal. Lamentavelmente o Congresso ainda n\u00e3o apreciou o Or\u00e7amento\u201d, disse Haddad na \u00faltima sexta.<\/p>\n<\/blockquote>\n<h2>Solu\u00e7\u00e3o<\/h2>\n<p>A solu\u00e7\u00e3o da MP foi costurada ap\u00f3s Haddad consultar o <strong>Tribunal de Contas da Uni\u00e3o (TCU) para encontrar uma solu\u00e7\u00e3o legal <\/strong>que permitisse a continuidade do Plano Safra.<\/p>\n<p>Com R$ 400 bilh\u00f5es em cr\u00e9dito para m\u00e9dios e grandes produtores, o <strong>Plano Safra tem juros mais baixos que os de mercado<\/strong>.<\/p>\n<p>Para evitar preju\u00edzo para as institui\u00e7\u00f5es financeiras, o Tesouro Nacional cobre a diferen\u00e7a nos juros, num processo chamado de equaliza\u00e7\u00e3o.<\/p>\n<p>Por causa do aumento da Taxa Selic (juros b\u00e1sicos da economia) nos \u00faltimos meses, o Tesouro tem de gastar mais recursos para equalizar os juros. A Selic passou de 10,5% ao ano em setembro para 13,25% em janeiro.<\/p>\n<p>      <!-- Relacionada --><\/p>\n<p>            <!-- Relacionada -->\n    <\/div>\n<p><br \/>\n<br \/><a href=\"https:\/\/agenciabrasil.ebc.com.br\/economia\/noticia\/2025-02\/governo-publica-mp-com-credito-extraordinario-de-r-4-bi-plano-safra\" rel=\"noopener\">Ag\u00eancia Brasil<\/a><\/p>\n","protected":false},"excerpt":{"rendered":"<p>O governo publicou nesta segunda-feira (24) \u00e0 noite a medida provis\u00f3ria (MP) que libera R$ 4,18 bilh\u00f5es em cr\u00e9dito extraordin\u00e1rio para o Plano Safra deste ano. O dinheiro assegurar\u00e1 a continuidade do programa, suspensas por causa da n\u00e3o aprova\u00e7\u00e3o do Or\u00e7amento de 2025. O texto foi publicado em edi\u00e7\u00e3o extraordin\u00e1ria do Di\u00e1rio Oficial da Uni\u00e3o. [&hellip;]<\/p>\n","protected":false},"author":1,"featured_media":24753,"comment_status":"open","ping_status":"open","sticky":false,"template":"","format":"standard","meta":{"_jetpack_newsletter_access":"","_jetpack_dont_email_post_to_subs":false,"_jetpack_newsletter_tier_id":0,"_jetpack_memberships_contains_paywalled_content":false,"_mbp_banners":[],"_jetpack_feature_clip_id":0,"_jetpack_memberships_contains_paid_content":false,"footnotes":"","jetpack_publicize_message":"","jetpack_publicize_feature_enabled":true,"jetpack_social_post_already_shared":true,"jetpack_social_options":{"image_generator_settings":{"template":"highway","default_image_id":0,"font":"","enabled":false},"version":2},"jetpack_post_was_ever_published":false},"categories":[24],"tags":[],"class_list":["post-24752","post","type-post","status-publish","format-standard","has-post-thumbnail","category-economia"],"jetpack_publicize_connections":[],"jetpack-related-posts":[],"jetpack_shortlink":"https:\/\/wp.me\/p7Eq1F-6re","jetpack_sharing_enabled":true,"jetpack_featured_media_url":"https:\/\/i0.wp.com\/guialimeira.com.br\/news\/wp-content\/uploads\/2025\/02\/vac_abr_10061916762.jpg?fit=1600%2C800&ssl=1","_links":{"self":[{"href":"https:\/\/guialimeira.com.br\/news\/wp-json\/wp\/v2\/posts\/24752","targetHints":{"allow":["GET"]}}],"collection":[{"href":"https:\/\/guialimeira.com.br\/news\/wp-json\/wp\/v2\/posts"}],"about":[{"href":"https:\/\/guialimeira.com.br\/news\/wp-json\/wp\/v2\/types\/post"}],"author":[{"embeddable":true,"href":"https:\/\/guialimeira.com.br\/news\/wp-json\/wp\/v2\/users\/1"}],"replies":[{"embeddable":true,"href":"https:\/\/guialimeira.com.br\/news\/wp-json\/wp\/v2\/comments?post=24752"}],"version-history":[{"count":0,"href":"https:\/\/guialimeira.com.br\/news\/wp-json\/wp\/v2\/posts\/24752\/revisions"}],"wp:featuredmedia":[{"embeddable":true,"href":"https:\/\/guialimeira.com.br\/news\/wp-json\/wp\/v2\/media\/24753"}],"wp:attachment":[{"href":"https:\/\/guialimeira.com.br\/news\/wp-json\/wp\/v2\/media?parent=24752"}],"wp:term":[{"taxonomy":"category","embeddable":true,"href":"https:\/\/guialimeira.com.br\/news\/wp-json\/wp\/v2\/categories?post=24752"},{"taxonomy":"post_tag","embeddable":true,"href":"https:\/\/guialimeira.com.br\/news\/wp-json\/wp\/v2\/tags?post=24752"}],"curies":[{"name":"wp","href":"https:\/\/api.w.org\/{rel}","templated":true}]}}