{"id":24745,"date":"2025-02-24T21:53:05","date_gmt":"2025-02-25T00:53:05","guid":{"rendered":"https:\/\/guialimeira.com.br\/?p=24745"},"modified":"2025-02-24T21:53:05","modified_gmt":"2025-02-25T00:53:05","slug":"camara-aprova-quatro-projetos-na-ordem-do-dia-desta-segunda-feira-24-2","status":"publish","type":"post","link":"https:\/\/guialimeira.com.br\/news\/camara-aprova-quatro-projetos-na-ordem-do-dia-desta-segunda-feira-24-2\/","title":{"rendered":"C\u00e2mara aprova quatro projetos na Ordem do Dia desta segunda-feira (24\/2)"},"content":{"rendered":"\n<figure class=\"wp-block-gallery has-nested-images columns-default is-cropped wp-block-gallery-1 is-layout-flex wp-block-gallery-is-layout-flex\"><\/figure>\n \r\n<br><img data-recalc-dims=\"1\" decoding=\"async\" src=\"https:\/\/i0.wp.com\/guialimeira.com.br\/wp-content\/uploads\/2025\/02\/2025-02-24_camara-aprova-quatro-projetos-na-ordem-do-dia-desta-segundafeira-242_1.jpg?w=696&#038;ssl=1\" \/><br><div>\n\t\t\t\t\t<p>Na <a href=\"https:\/\/consulta.limeira.sp.leg.br\/Sessoes\/Documento\/367293\" rel=\"noopener\">Ordem do Dia<\/a> da sess\u00e3o ordin\u00e1ria desta segunda-feira, 24 de fevereiro, a C\u00e2mara Municipal de Limeira aprovou quatro projetos. Uma das proposituras que estava na pauta foi retirada a pedido do proponente e, portanto, n\u00e3o foi votada. Na fase do <a href=\"https:\/\/consulta.limeira.sp.leg.br\/Sessoes\/Documento\/367458\" rel=\"noopener\">Expediente<\/a>, parte destinada \u00e0 leitura de todos os documentos protocolados na Casa, foram lidos requerimentos e votadas mo\u00e7\u00f5es.\u00a0\u00a0<\/p><p>O v\u00eddeo da sess\u00e3o na \u00edntegra pode ser conferido neste <a href=\"https:\/\/www.youtube.com\/watch?v=g5POZLFMa7c\" rel=\"noopener\">link<\/a>.<\/p><p><strong>Voto feminino<\/strong><\/p><p>Durante a sess\u00e3o, vereadoras, ex-vereadoras do Legislativo limeirense e familiares de mulheres que deixaram um legado na hist\u00f3ria da pol\u00edtica receberam diplomas. A a\u00e7\u00e3o foi promovida pela Procuradoria Especial da Mulher como forma de reconhecimento pela participa\u00e7\u00e3o pol\u00edtica das homenageadas.<\/p><p>Ao todo, 24 mulheres foram lembradas na homenagem, entre elas: Maria Thereza de Barros Camargo (1934), primeira mulher prefeita no estado de S\u00e3o Paulo; e Yolanda Stocco, primeira mulher a ser eleita vereadora em Limeira (1964), e Elza Tank, primeira mulher a ocupar a presid\u00eancia do Legislativo limeirense (1983).<\/p><p>A vereadora Lu Bogo, que lidera a Procuradoria Especial da Mulher no bi\u00eanio 2025-2026, abriu a solenidade e falou sobre a busca ativa de familiares de algumas das homenageadas para receberem diplomas. Segundo a parlamentar, \u201c\u00e9 uma forma de registrar o reconhecimento \u00e0s mulheres que trabalharam na constru\u00e7\u00e3o de uma cidade pr\u00f3spera\u201d. Tamb\u00e9m comp\u00f5em a Procuradoria: Isabelly Carvalho (PT), Mariana Calsa (PL), Mara Isa Mattos Silveira (PL) e Tatiane Lopes (Avante).<\/p><p>O prefeito Murilo F\u00e9lix (Podemos) participou da sess\u00e3o ao lado da primeira-dama e presidente do Fundo Social de Limeira, Luciana F\u00e9lix. Ele tamb\u00e9m recebeu o diploma, representando a m\u00e3e, a ex-vereadora Const\u00e2ncia F\u00e9lix.<\/p><p>A celebra\u00e7\u00e3o dos 93 anos da conquista do voto feminino no Brasil foi pauta da cerim\u00f4nia no Plen\u00e1rio. Esse direito foi conquistado nacionalmente em 24 de fevereiro de 1932, por meio do <a href=\"https:\/\/www2.camara.leg.br\/legin\/fed\/decret\/1930-1939\/decreto-21076-24-fevereiro-1932-507583-publicacaooriginal-1-pe.html\" rel=\"noopener\">Decreto N\u00ba 21.076\/1932<\/a>.\u00a0 A data tamb\u00e9m foi lembrada pela C\u00e2mara por meio do<a href=\"https:\/\/www.limeira.sp.leg.br\/noticias\/view\/2025-02-24_camara-comemora-dia-da-conquista-do-voto-feminino-com-entrega-de-diploma-e-acervo-virtual\" rel=\"noopener\"> lan\u00e7amento de um acervo hist\u00f3rico virtual<\/a> que traz artigos e recortes de not\u00edcias do jornal Gazeta de Limeira, que tratam sobre o voto feminino e as mulheres na pol\u00edtica. O acervo pode ser conferido neste <a href=\"https:\/\/memorialcml.netlify.app\/\" rel=\"noopener\">link<\/a>.\u00a0<\/p><p><strong>Confira o resultado dos projetos votados na Ordem do Dia:<\/strong><\/p><p><strong>(Retirado da pauta a pedido do proponente) &#8211; <\/strong><a href=\"https:\/\/consulta.limeira.sp.leg.br\/Documentos\/Documento\/319172\" rel=\"noopener\">Projeto de Lei N\u00ba 104\/2023<\/a>, do vereador Nilton Santos (Republicanos) e do ex-vereador Airton dos Santos, institui o Programa de Tr\u00e2nsito Faixa Viva no munic\u00edpio.\u00a0<\/p><p><strong>Aprovado &#8211;<\/strong> <a href=\"https:\/\/consulta.limeira.sp.leg.br\/Documentos\/Documento\/353276\" rel=\"noopener\">Projeto de Lei N\u00ba 138\/2024<\/a>, da vereadora Mariana Calsa (MDB), estabelece par\u00e2metros, diretrizes e objetivos para a cria\u00e7\u00e3o da Pol\u00edtica Municipal da Sa\u00fade Mental Materna.<\/p><p><strong>Aprovado &#8211; <\/strong><a href=\"https:\/\/consulta.limeira.sp.leg.br\/Documentos\/Documento\/354112\" rel=\"noopener\">Projeto de Lei N\u00ba 143\/2024<\/a>, do vereador Helder do T\u00e1xi (PSD), perpetua o nome de Fernanda Cristina Bonini na \u00c1rea Verde X do loteamento Jardim Cidade Universit\u00e1ria II.\u00a0<\/p><p><strong>Aprovado &#8211; <\/strong><a href=\"https:\/\/consulta.limeira.sp.leg.br\/Documentos\/Documento\/359776\" rel=\"noopener\">Projeto de Decreto Legislativo N\u00ba 33\/2024<\/a>, do vereador Lem\u00e3o da Jeov\u00e1 Raf\u00e1 (PRTB), concede o T\u00edtulo de Cidad\u00e3o Limeirense a Joaquim In\u00e1cio da Silva.\u00a0<\/p><p><strong>Aprovado &#8211; <\/strong><a href=\"https:\/\/consulta.limeira.sp.leg.br\/Documentos\/Documento\/365757\" rel=\"noopener\">Projeto de Resolu\u00e7\u00e3o N\u00ba 5\/2025 <\/a>, do vereador Everton Ferreira (PSD), institui, no \u00e2mbito da C\u00e2mara Municipal de Limeira, o programa Emprega Limeira.<\/p><p>\u00a0<\/p>\t\t\t\t<\/div>\r\n<br>\r\n<br><a href=\"https:\/\/www.limeira.sp.leg.br\/noticias\/view\/2025-02-24_camara-aprova-quatro-projetos-na-ordem-do-dia-desta-segundafeira-242\" rel=\"noopener\">Informa\u00e7\u00f5es CMLSource link <\/a>","protected":false},"excerpt":{"rendered":"<p>Na Ordem do Dia da sess\u00e3o ordin\u00e1ria desta segunda-feira, 24 de fevereiro, a C\u00e2mara Municipal de Limeira aprovou quatro projetos. Uma das proposituras que estava na pauta foi retirada a pedido do proponente e, portanto, n\u00e3o foi votada. Na fase do Expediente, parte destinada \u00e0 leitura de todos os documentos protocolados na Casa, foram lidos [&hellip;]<\/p>\n","protected":false},"author":1,"featured_media":24746,"comment_status":"open","ping_status":"open","sticky":false,"template":"","format":"standard","meta":{"_jetpack_newsletter_access":"","_jetpack_dont_email_post_to_subs":false,"_jetpack_newsletter_tier_id":0,"_jetpack_memberships_contains_paywalled_content":false,"_mbp_banners":[],"_jetpack_feature_clip_id":0,"_jetpack_memberships_contains_paid_content":false,"footnotes":"","jetpack_publicize_message":"","jetpack_publicize_feature_enabled":true,"jetpack_social_post_already_shared":true,"jetpack_social_options":{"image_generator_settings":{"template":"highway","default_image_id":0,"font":"","enabled":false},"version":2},"jetpack_post_was_ever_published":false},"categories":[19],"tags":[],"class_list":["post-24745","post","type-post","status-publish","format-standard","has-post-thumbnail","category-politica"],"jetpack_publicize_connections":[],"jetpack-related-posts":[],"jetpack_shortlink":"https:\/\/wp.me\/p7Eq1F-6r7","jetpack_sharing_enabled":true,"jetpack_featured_media_url":"https:\/\/i0.wp.com\/guialimeira.com.br\/news\/wp-content\/uploads\/2025\/02\/Camara-aprova-quatro-projetos-na-Ordem-do-Dia-desta-segunda-feira.jpg?fit=1280%2C640&ssl=1","_links":{"self":[{"href":"https:\/\/guialimeira.com.br\/news\/wp-json\/wp\/v2\/posts\/24745","targetHints":{"allow":["GET"]}}],"collection":[{"href":"https:\/\/guialimeira.com.br\/news\/wp-json\/wp\/v2\/posts"}],"about":[{"href":"https:\/\/guialimeira.com.br\/news\/wp-json\/wp\/v2\/types\/post"}],"author":[{"embeddable":true,"href":"https:\/\/guialimeira.com.br\/news\/wp-json\/wp\/v2\/users\/1"}],"replies":[{"embeddable":true,"href":"https:\/\/guialimeira.com.br\/news\/wp-json\/wp\/v2\/comments?post=24745"}],"version-history":[{"count":1,"href":"https:\/\/guialimeira.com.br\/news\/wp-json\/wp\/v2\/posts\/24745\/revisions"}],"predecessor-version":[{"id":24747,"href":"https:\/\/guialimeira.com.br\/news\/wp-json\/wp\/v2\/posts\/24745\/revisions\/24747"}],"wp:featuredmedia":[{"embeddable":true,"href":"https:\/\/guialimeira.com.br\/news\/wp-json\/wp\/v2\/media\/24746"}],"wp:attachment":[{"href":"https:\/\/guialimeira.com.br\/news\/wp-json\/wp\/v2\/media?parent=24745"}],"wp:term":[{"taxonomy":"category","embeddable":true,"href":"https:\/\/guialimeira.com.br\/news\/wp-json\/wp\/v2\/categories?post=24745"},{"taxonomy":"post_tag","embeddable":true,"href":"https:\/\/guialimeira.com.br\/news\/wp-json\/wp\/v2\/tags?post=24745"}],"curies":[{"name":"wp","href":"https:\/\/api.w.org\/{rel}","templated":true}]}}