{"id":24741,"date":"2025-02-24T21:48:00","date_gmt":"2025-02-25T00:48:00","guid":{"rendered":"https:\/\/guialimeira.com.br\/?p=24741"},"modified":"2025-02-24T21:48:02","modified_gmt":"2025-02-25T00:48:02","slug":"novas-creches-em-limeira-vereador-questiona-prefeitura-sobre-locais-e-capacidade","status":"publish","type":"post","link":"https:\/\/guialimeira.com.br\/news\/novas-creches-em-limeira-vereador-questiona-prefeitura-sobre-locais-e-capacidade\/","title":{"rendered":"Novas creches em Limeira? Vereador questiona prefeitura sobre locais e capacidade"},"content":{"rendered":"\n<p class=\"wp-block-paragraph\">O vereador <strong>Waguinho da Santa Luzia (Progressistas)<\/strong> apresentou um <strong>requerimento ao Poder Executivo<\/strong> solicitando informa\u00e7\u00f5es sobre a constru\u00e7\u00e3o de <strong>duas novas creches no munic\u00edpio de Limeira<\/strong>. O objetivo \u00e9 esclarecer detalhes sobre as regi\u00f5es beneficiadas, os crit\u00e9rios utilizados para a escolha dos locais e a capacidade de atendimento dessas unidades.<\/p>\n\n\n\n<h2 class=\"wp-block-heading\"><strong>Principais Questionamentos:<\/strong><\/h2>\n\n\n\n<p class=\"wp-block-paragraph\">\ud83d\udccc <strong>1. Quais regi\u00f5es ser\u00e3o contempladas com as novas creches?<\/strong><br>Foi anunciado pelo Executivo Municipal a possibilidade da constru\u00e7\u00e3o dessas unidades. Mas quais bairros ou \u00e1reas da cidade ser\u00e3o beneficiados?<\/p>\n\n\n\n<p class=\"wp-block-paragraph\">\ud83d\udccc <strong>2. Houve um estudo t\u00e9cnico para definir os locais?<\/strong><br>Se sim, quais crit\u00e9rios foram considerados? Caso contr\u00e1rio, quais os motivos para a aus\u00eancia desse estudo?<\/p>\n\n\n\n<p class=\"wp-block-paragraph\">\ud83d\udccc <strong>3. Qual ser\u00e1 a capacidade de atendimento?<\/strong><br>Quantas crian\u00e7as poder\u00e3o ser atendidas em cada uma das novas creches?<\/p>\n\n\n\n<p class=\"wp-block-paragraph\">\ud83d\udccc <strong>4. E a situa\u00e7\u00e3o do C.I. Caroline Pardo Campos Freire?<\/strong><br>Com o cancelamento da constru\u00e7\u00e3o do novo pr\u00e9dio ao lado da <strong>Par\u00f3quia Jesus Cristo Bom Pastor<\/strong>, h\u00e1 algum projeto alternativo para atender essa regi\u00e3o?<\/p>\n\n\n\n<p class=\"wp-block-paragraph\">\ud83d\udccc <strong>5. Possibilidade de nova unidade ao lado da EMEIEF Padre Maur\u00edcio Sebasti\u00e3o Ferreira<\/strong><br>Existe algum planejamento para a constru\u00e7\u00e3o de uma nova creche ou amplia\u00e7\u00e3o da escola no terreno dispon\u00edvel pr\u00f3ximo \u00e0 unidade?<\/p>\n\n\n\n<p class=\"wp-block-paragraph\"><\/p>\n\n\n\n<p class=\"wp-block-paragraph\">\ud83d\udd0e <strong>Acompanhe nosso site para mais informa\u00e7\u00f5es sobre este e outros projetos que impactam a educa\u00e7\u00e3o de Limeira!<\/strong><\/p>\n","protected":false},"excerpt":{"rendered":"<p>O vereador Waguinho da Santa Luzia (Progressistas) apresentou um requerimento ao Poder Executivo solicitando informa\u00e7\u00f5es sobre a constru\u00e7\u00e3o de duas novas creches no munic\u00edpio de Limeira. O objetivo \u00e9 esclarecer detalhes sobre as regi\u00f5es beneficiadas, os crit\u00e9rios utilizados para a escolha dos locais e a capacidade de atendimento dessas unidades. Principais Questionamentos: \ud83d\udccc 1. Quais [&hellip;]<\/p>\n","protected":false},"author":1,"featured_media":24742,"comment_status":"open","ping_status":"open","sticky":false,"template":"","format":"standard","meta":{"_jetpack_newsletter_access":"","_jetpack_dont_email_post_to_subs":false,"_jetpack_newsletter_tier_id":0,"_jetpack_memberships_contains_paywalled_content":false,"_mbp_banners":[],"_jetpack_feature_clip_id":0,"_jetpack_memberships_contains_paid_content":false,"footnotes":"","jetpack_publicize_message":"","jetpack_publicize_feature_enabled":true,"jetpack_social_post_already_shared":true,"jetpack_social_options":{"image_generator_settings":{"template":"highway","default_image_id":0,"font":"","enabled":false},"version":2},"jetpack_post_was_ever_published":false},"categories":[16,19],"tags":[],"class_list":["post-24741","post","type-post","status-publish","format-standard","has-post-thumbnail","category-local","category-politica"],"jetpack_publicize_connections":[],"jetpack-related-posts":[],"jetpack_shortlink":"https:\/\/wp.me\/p7Eq1F-6r3","jetpack_sharing_enabled":true,"jetpack_featured_media_url":"https:\/\/i0.wp.com\/guialimeira.com.br\/news\/wp-content\/uploads\/2025\/02\/2025-01-31_conheca-seu-vereador-waguinho-da-santa-luzia_1.jpg?fit=1280%2C640&ssl=1","_links":{"self":[{"href":"https:\/\/guialimeira.com.br\/news\/wp-json\/wp\/v2\/posts\/24741","targetHints":{"allow":["GET"]}}],"collection":[{"href":"https:\/\/guialimeira.com.br\/news\/wp-json\/wp\/v2\/posts"}],"about":[{"href":"https:\/\/guialimeira.com.br\/news\/wp-json\/wp\/v2\/types\/post"}],"author":[{"embeddable":true,"href":"https:\/\/guialimeira.com.br\/news\/wp-json\/wp\/v2\/users\/1"}],"replies":[{"embeddable":true,"href":"https:\/\/guialimeira.com.br\/news\/wp-json\/wp\/v2\/comments?post=24741"}],"version-history":[{"count":1,"href":"https:\/\/guialimeira.com.br\/news\/wp-json\/wp\/v2\/posts\/24741\/revisions"}],"predecessor-version":[{"id":24743,"href":"https:\/\/guialimeira.com.br\/news\/wp-json\/wp\/v2\/posts\/24741\/revisions\/24743"}],"wp:featuredmedia":[{"embeddable":true,"href":"https:\/\/guialimeira.com.br\/news\/wp-json\/wp\/v2\/media\/24742"}],"wp:attachment":[{"href":"https:\/\/guialimeira.com.br\/news\/wp-json\/wp\/v2\/media?parent=24741"}],"wp:term":[{"taxonomy":"category","embeddable":true,"href":"https:\/\/guialimeira.com.br\/news\/wp-json\/wp\/v2\/categories?post=24741"},{"taxonomy":"post_tag","embeddable":true,"href":"https:\/\/guialimeira.com.br\/news\/wp-json\/wp\/v2\/tags?post=24741"}],"curies":[{"name":"wp","href":"https:\/\/api.w.org\/{rel}","templated":true}]}}