{"id":24738,"date":"2025-02-24T21:46:10","date_gmt":"2025-02-25T00:46:10","guid":{"rendered":"https:\/\/guialimeira.com.br\/?p=24738"},"modified":"2025-02-24T21:46:10","modified_gmt":"2025-02-25T00:46:10","slug":"lula-anuncia-parcela-do-pe-de-meia-e-ampliacao-do-farmacia-popular","status":"publish","type":"post","link":"https:\/\/guialimeira.com.br\/news\/lula-anuncia-parcela-do-pe-de-meia-e-ampliacao-do-farmacia-popular\/","title":{"rendered":"Lula anuncia parcela do P\u00e9-de-Meia e amplia\u00e7\u00e3o do Farm\u00e1cia Popular"},"content":{"rendered":"\n<figure class=\"wp-block-gallery has-nested-images columns-default is-cropped wp-block-gallery-1 is-layout-flex wp-block-gallery-is-layout-flex\">\n<figure class=\"wp-block-image size-large\"><\/figure>\n\t\t\t\t\t\n<figure class=\"wp-block-image size-large\"><img loading=\"lazy\" decoding=\"async\" width=\"1\" height=\"1\" data-attachment-id=\"24735\" data-permalink=\"https:\/\/guialimeira.com.br\/news\/lula-anuncia-parcela-do-pe-de-meia-e-ampliacao-do-farmacia-popular-2\/\" data-orig-file=\"https:\/\/i0.wp.com\/guialimeira.com.br\/news\/wp-content\/uploads\/2025\/02\/1740444348_51_ebc.gif?fit=1%2C1&amp;ssl=1\" data-orig-size=\"1,1\" data-comments-opened=\"1\" data-image-meta=\"{&quot;aperture&quot;:&quot;0&quot;,&quot;credit&quot;:&quot;&quot;,&quot;camera&quot;:&quot;&quot;,&quot;caption&quot;:&quot;&quot;,&quot;created_timestamp&quot;:&quot;0&quot;,&quot;copyright&quot;:&quot;&quot;,&quot;focal_length&quot;:&quot;0&quot;,&quot;iso&quot;:&quot;0&quot;,&quot;shutter_speed&quot;:&quot;0&quot;,&quot;title&quot;:&quot;&quot;,&quot;orientation&quot;:&quot;0&quot;}\" data-image-title=\"Lula anuncia parcela do P\u00e9-de-Meia e amplia\u00e7\u00e3o do Farm\u00e1cia Popular\" data-image-description=\"\" data-image-caption=\"\" data-large-file=\"https:\/\/i0.wp.com\/guialimeira.com.br\/news\/wp-content\/uploads\/2025\/02\/1740444348_51_ebc.gif?fit=1%2C1&amp;ssl=1\" data-id=\"24735\" src=\"https:\/\/i0.wp.com\/guialimeira.com.br\/wp-content\/uploads\/2025\/02\/1740444348_51_ebc.gif?resize=1%2C1&amp;ssl=1\" alt=\"\" class=\"wp-image-24735\" \/><\/figure>\n\t\t\t\t\t\n<figure class=\"wp-block-image size-large\"><img loading=\"lazy\" decoding=\"async\" width=\"754\" height=\"503\" data-attachment-id=\"24736\" data-permalink=\"https:\/\/guialimeira.com.br\/news\/lula-anuncia-parcela-do-pe-de-meia-e-ampliacao-do-farmacia-popular-3\/\" data-orig-file=\"https:\/\/i0.wp.com\/guialimeira.com.br\/news\/wp-content\/uploads\/2025\/02\/pe-de-meia_mcamgo_abr_25032024-23.jpg?fit=754%2C503&amp;ssl=1\" data-orig-size=\"754,503\" data-comments-opened=\"1\" data-image-meta=\"{&quot;aperture&quot;:&quot;0&quot;,&quot;credit&quot;:&quot;&quot;,&quot;camera&quot;:&quot;&quot;,&quot;caption&quot;:&quot;&quot;,&quot;created_timestamp&quot;:&quot;0&quot;,&quot;copyright&quot;:&quot;&quot;,&quot;focal_length&quot;:&quot;0&quot;,&quot;iso&quot;:&quot;0&quot;,&quot;shutter_speed&quot;:&quot;0&quot;,&quot;title&quot;:&quot;&quot;,&quot;orientation&quot;:&quot;0&quot;}\" data-image-title=\"Lula anuncia parcela do P\u00e9-de-Meia e amplia\u00e7\u00e3o do Farm\u00e1cia Popular\" data-image-description=\"\" data-image-caption=\"\" data-large-file=\"https:\/\/i0.wp.com\/guialimeira.com.br\/news\/wp-content\/uploads\/2025\/02\/pe-de-meia_mcamgo_abr_25032024-23.jpg?fit=696%2C464&amp;ssl=1\" data-id=\"24736\" src=\"https:\/\/i0.wp.com\/guialimeira.com.br\/wp-content\/uploads\/2025\/02\/pe-de-meia_mcamgo_abr_25032024-23.jpg?resize=150%2C150&amp;ssl=1\" alt=\"\" class=\"wp-image-24736\" \/><\/figure>\n\t\t\t\t\t\n<figure class=\"wp-block-image size-large\"><img loading=\"lazy\" decoding=\"async\" width=\"754\" height=\"531\" data-attachment-id=\"24737\" data-permalink=\"https:\/\/guialimeira.com.br\/news\/lula-anuncia-parcela-do-pe-de-meia-e-ampliacao-do-farmacia-popular-4\/\" data-orig-file=\"https:\/\/i0.wp.com\/guialimeira.com.br\/news\/wp-content\/uploads\/2025\/02\/1740444348_995_farmaci-popular-1.jpg?fit=754%2C531&amp;ssl=1\" data-orig-size=\"754,531\" data-comments-opened=\"1\" data-image-meta=\"{&quot;aperture&quot;:&quot;0&quot;,&quot;credit&quot;:&quot;&quot;,&quot;camera&quot;:&quot;&quot;,&quot;caption&quot;:&quot;&quot;,&quot;created_timestamp&quot;:&quot;0&quot;,&quot;copyright&quot;:&quot;&quot;,&quot;focal_length&quot;:&quot;0&quot;,&quot;iso&quot;:&quot;0&quot;,&quot;shutter_speed&quot;:&quot;0&quot;,&quot;title&quot;:&quot;&quot;,&quot;orientation&quot;:&quot;0&quot;}\" data-image-title=\"Lula anuncia parcela do P\u00e9-de-Meia e amplia\u00e7\u00e3o do Farm\u00e1cia Popular\" data-image-description=\"\" data-image-caption=\"\" data-large-file=\"https:\/\/i0.wp.com\/guialimeira.com.br\/news\/wp-content\/uploads\/2025\/02\/1740444348_995_farmaci-popular-1.jpg?fit=696%2C490&amp;ssl=1\" data-id=\"24737\" src=\"https:\/\/i0.wp.com\/guialimeira.com.br\/wp-content\/uploads\/2025\/02\/1740444348_995_farmaci-popular-1.jpg?resize=150%2C150&amp;ssl=1\" alt=\"\" class=\"wp-image-24737\" \/><\/figure>\n\t\t\t\t\t<\/figure>\n \r\n<br><div>\n                    <p>Em pronunciamento em rede nacional de r\u00e1dio e televis\u00e3o na noite desta segunda-feira (24), o presidente Luiz In\u00e1cio Lula da Silva falou sobre os programas sociais P\u00e9-de-Meia, voltado a estudantes do ensino m\u00e9dio, e Farm\u00e1cia Popular, que distribui rem\u00e9dios de gra\u00e7a para a popula\u00e7\u00e3o.\u00a0<img data-recalc-dims=\"1\" decoding=\"async\" src=\"https:\/\/i0.wp.com\/guialimeira.com.br\/wp-content\/uploads\/2025\/02\/1740444348_541_ebc.png?w=696&#038;ssl=1\" style=\"width:1px;height:1px\" \/><img data-recalc-dims=\"1\" decoding=\"async\" src=\"https:\/\/i0.wp.com\/guialimeira.com.br\/wp-content\/uploads\/2025\/02\/1740444348_51_ebc.gif?w=696&#038;ssl=1\" style=\"width:1px;height:1px\" \/><\/p>\n\n<p><strong>A partir desta ter\u00e7a-feira (25), o <a href=\"https:\/\/agenciabrasil.ebc.com.br\/educacao\/noticia\/2025-02\/pe-de-meia-sera-depositado-na-conta-de-alunos-partir-de-terca-feira\" rel=\"noopener\">Minist\u00e9rio da Educa\u00e7\u00e3o ir\u00e1 pagar a parcela de R$ 1 mil do P\u00e9-de-Meia<\/a> a estudantes que conclu\u00edram um dos tr\u00eas anos do ensino m\u00e9dio regular em escola p\u00fablica em 2024. <\/strong><\/p>\n\n<p>\u201cTem direito ao valor quem passou de ano, mas quem concluiu o ensino m\u00e9dio j\u00e1 pode sacar a partir desta ter\u00e7a-feira\u201d, disse Lula, destacando que mais de 90% dos jovens que est\u00e3o no programa passaram de ano.<\/p>\n\n<blockquote>\n<p>\u201cEssa a\u00e7\u00e3o extraordin\u00e1ria est\u00e1 ajudando mais de 4 milh\u00f5es de jovens a permanecerem na escola, melhorando a qualidade do ensino e aumentando a renda da fam\u00edlia\u201d, disse o presidente.\u00a0\u00a0<\/p>\n<\/blockquote>\n\n<p><strong>Lula tamb\u00e9m lembrou que recentemente o governo <a href=\"https:\/\/agenciabrasil.ebc.com.br\/saude\/noticia\/2025-02\/farmacia-popular-saiba-como-retirar-remedios-e-fraldas-geriatricas-gratuitas\" rel=\"noopener\">anunciou a total gratuidade do Farm\u00e1cia Popular<\/a>, com todos os 41 itens do programa, entre f\u00e1rmacos, fraldas e absorventes, sendo distribu\u00eddos de gra\u00e7a nas farm\u00e1cias credenciadas.<\/strong><\/p>\n\n<p>\u201cQuem tem doen\u00e7as como diabetes, hipertens\u00e3o ou asma vai poder tirar a sua medica\u00e7\u00e3o numa farm\u00e1cia conveniada apenas apresentando\u00a0 receita m\u00e9dica e seu documento de identidade\u201d, disse o presidente, lembrando a inclus\u00e3o de fraldas geri\u00e1tricas no programa.\u00a0<\/p>\n\n<blockquote>\n<p>\u201cDepois de dois anos de reconstru\u00e7\u00e3o de um pa\u00eds que estava destru\u00eddo, estamos\u00a0trabalhando muito para trazer prosperidade para todo o Brasil, principalmente para quem mais precisa\u201d, concluiu Lula.\u00a0<\/p>\n<\/blockquote>\n\n<h2>P\u00e9-de-Meia\u00a0<\/h2>\n\n<p>Criado em janeiro de 2024, o <a href=\"https:\/\/www.gov.br\/mec\/pt-br\/pe-de-meia\" rel=\"noopener\">P\u00e9-de-Meia <\/a>\u00e9 destinado a estudantes do ensino m\u00e9dio e da Educa\u00e7\u00e3o de Jovens e Adultos (EJA) de escolas p\u00fablicas que integram fam\u00edlias inscritas no Cadastro \u00danico para Programas Sociais do governo federal (Cad\u00danico).\u00a0 A poupan\u00e7a tem o objetivo de promover a perman\u00eancia dos alunos e a conclus\u00e3o dessa etapa de ensino.<\/p>\n\n<p>Ao comprovar matr\u00edcula e frequ\u00eancia, o estudante recebe o pagamento de incentivo mensal de R$ 200, que pode ser sacado em qualquer momento. O benefici\u00e1rio do P\u00e9-de-Meia ainda recebe R$ 1 mil ao final de cada ano conclu\u00eddo, que s\u00f3 pode ser retirado da poupan\u00e7a ap\u00f3s a formatura no ensino m\u00e9dio. Adicionalmente, os alunos aprovados no terceiro ano em 2024, que participaram dos dois dias da \u00faltima edi\u00e7\u00e3o do Exame Nacional do Ensino M\u00e9dio (Enem), receber\u00e3o mais R$ 200.<\/p>\n\n<p><strong>Considerando as parcelas de incentivo, os dep\u00f3sitos anuais e o adicional de R$ 200 pela participa\u00e7\u00e3o no Exame Nacional do Ensino M\u00e9dio (Enem), os valores chegam a R$ 9,2 mil por aluno.\u00a0<\/strong><\/p>\n\n<div class=\"dnd-widget-wrapper context-cheio_8colunas type-image atom-align-center\"><div class=\"dnd-atom-rendered\"><!-- scald=377756:cheio_8colunas {\"additionalClasses\":\"\"} -->\n            <img data-recalc-dims=\"1\" decoding=\"async\" src=\"https:\/\/i0.wp.com\/guialimeira.com.br\/wp-content\/uploads\/2025\/02\/pe-de-meia_mcamgo_abr_25032024-23.jpg?w=696&#038;ssl=1\" alt=\"Bras\u00edlia (DF), 25\/03\/2024 - O presidente da Rep\u00fablica, Luiz In\u00e1cio Lula da Silva, participa da entrega de cart\u00f5es do Programa P\u00e9-de-Meia para alunos de todo o Pa\u00eds. Foto: Marcelo Camargo\/Ag\u00eancia Brasil\" title=\"Marcelo Camargo\/Ag\u00eancia Brasil\" \/>\n        <img data-recalc-dims=\"1\" decoding=\"async\" src=\"https:\/\/i0.wp.com\/guialimeira.com.br\/wp-content\/uploads\/2025\/02\/pe-de-meia_mcamgo_abr_25032024-23.jpg?w=696&#038;ssl=1\" alt=\"Bras\u00edlia (DF), 25\/03\/2024 - O presidente da Rep\u00fablica, Luiz In\u00e1cio Lula da Silva, participa da entrega de cart\u00f5es do Programa P\u00e9-de-Meia para alunos de todo o Pa\u00eds. Foto: Marcelo Camargo\/Ag\u00eancia Brasil\" title=\"Marcelo Camargo\/Ag\u00eancia Brasil\" \/>\n    <!-- END scald=377756 --><\/div><p>\n<h6 class=\"meta\"><!--copyright=377756--><em>Bras\u00edlia (DF), 25\/03\/2024 &#8211; Entrega de cart\u00f5es do Programa P\u00e9-de-Meia \u00a0Foto: <strong>Marcelo Camargo\/Ag\u00eancia Brasil<\/strong><\/em><!--END copyright=377756--><\/h6>\n<\/p><\/div>\n\n<p>\u00a0<\/p>\n\n<h2>Farm\u00e1cia Popular<\/h2>\n\n<p><strong>Recentemente, o governo <a href=\"https:\/\/agenciabrasil.ebc.com.br\/saude\/noticia\/2025-02\/ministra-anuncia-gratuidade-dos-41-medicamentos-no-farmacia-popular\" rel=\"noopener\">anunciou a total gratuidade<\/a> do Farm\u00e1cia Popular, com todos os 41 itens do programa, entre f\u00e1rmacos, fraldas e absorventes, sendo distribu\u00eddos de gra\u00e7a nas farm\u00e1cias credenciadas.<\/strong><\/p>\n\n<p>Com a amplia\u00e7\u00e3o, fraldas geri\u00e1tricas, por exemplo, passam a ser fornecidas de gra\u00e7a para o p\u00fablico eleg\u00edvel, como pessoas com 60 anos ou mais e indiv\u00edduos com mobilidade reduzida, incluindo pacientes acamados ou cadeirantes. A dapagliflozina, medicamento utilizado no tratamento do diabetes associado \u00e0 doen\u00e7a cardiovascular, tamb\u00e9m passou a ser ofertada pelo programa sem custos.<\/p>\n\n<p><strong>Para a obten\u00e7\u00e3o de um dos 41 itens do Farm\u00e1cia Popular, o paciente deve comparecer a um estabelecimento credenciado, identificado pela logomarca do programa, apresentando:<\/strong><\/p>\n\n<ul>\n\t<li>documento oficial com foto e n\u00famero do CPF ou documento de identidade em que conste o n\u00famero do CPF;<\/li>\n\t<li>receita m\u00e9dica dentro do prazo de validade, tanto do Sistema \u00danico de Sa\u00fade (SUS) quanto de servi\u00e7os particulares.<\/li>\n<\/ul>\n\n<p>Para pacientes acamados ou impossibilitados de comparecer a um estabelecimento credenciado ao programa, um representante legal ou procurador deve procurar a unidade e apresentar:<\/p>\n\n<ul>\n\t<li>receita m\u00e9dica dentro do prazo de validade, tanto do SUS quanto de servi\u00e7os particulares;<\/li>\n\t<li>documento oficial com foto e CPF do benefici\u00e1rio titular da receita ou documento de identidade que conste o n\u00famero do CPF, salvo menor de idade, que permite a apresenta\u00e7\u00e3o da certid\u00e3o de nascimento ou registro geral (RG);<\/li>\n<\/ul>\n\n<p>A lista completa de medicamentos e insumos disponibilizados pelo Farm\u00e1cia Popular <a href=\"https:\/\/www.gov.br\/saude\/pt-br\/composicao\/sectics\/farmacia-popular\/arquivos\/elenco-de-medicamentos-e-insumos.pdf\" rel=\"noopener\">pode ser acessada aqui<\/a>.\u00a0<\/p>\n\n<p>J\u00e1 a lista de farm\u00e1cias e drogarias credenciadas ao programa <a href=\"https:\/\/www.gov.br\/saude\/pt-br\/composicao\/sectics\/farmacia-popular\/arquivos\/farmacias_credenciadas_pfpb_atualizada.xlsx\/view\" rel=\"noopener\">pode ser acessada aqui<\/a>.<\/p>\n\n<div class=\"dnd-widget-wrapper context-cheio_8colunas type-image atom-align-center\"><div class=\"dnd-atom-rendered\"><!-- scald=330964:cheio_8colunas {\"additionalClasses\":\"\"} -->\n            <img data-recalc-dims=\"1\" decoding=\"async\" src=\"https:\/\/i0.wp.com\/guialimeira.com.br\/wp-content\/uploads\/2025\/02\/1740444348_995_farmaci-popular-1.jpg?w=696&#038;ssl=1\" alt=\"07\/06\/2023 - Bras\u00edlia - Foto de arquivo - Farm\u00e1cia Popular em Bras\u00edlia. Foto: Elza Fiuza\/ Ag\u00eancia Brasil\" title=\"Elza Fiuza\/ Ag\u00eancia Brasil\" \/>\n        <img data-recalc-dims=\"1\" decoding=\"async\" src=\"https:\/\/i0.wp.com\/guialimeira.com.br\/wp-content\/uploads\/2025\/02\/1740444348_995_farmaci-popular-1.jpg?w=696&#038;ssl=1\" alt=\"07\/06\/2023 - Bras\u00edlia - Foto de arquivo - Farm\u00e1cia Popular em Bras\u00edlia. Foto: Elza Fiuza\/ Ag\u00eancia Brasil\" title=\"Elza Fiuza\/ Ag\u00eancia Brasil\" \/>\n    <!-- END scald=330964 --><\/div><p>\n<h6 class=\"meta rtecenter\"><!--copyright=330964-->07\/06\/2023 &#8211; Bras\u00edlia &#8211; Foto de arquivo &#8211; Farm\u00e1cia Popular em Bras\u00edlia. Foto: Elza Fiuza\/ Ag\u00eancia Brasil &#8211; <strong>Elza Fiuza\/ Ag\u00eancia Brasil<\/strong><!--END copyright=330964--><\/h6>\n<\/p><\/div>\n\n<p>\u00a0<\/p>\n\n      <!-- Relacionada -->\n              \n            <!-- Relacionada -->\n    <\/div>\r\n<br>\r\n<br><a href=\"https:\/\/agenciabrasil.ebc.com.br\/politica\/noticia\/2025-02\/lula-anuncia-parcela-pe-de-meia-e-farmacia-popular\" rel=\"noopener\">Ag\u00eancia Brasil<\/a>","protected":false},"excerpt":{"rendered":"<p>Em pronunciamento em rede nacional de r\u00e1dio e televis\u00e3o na noite desta segunda-feira (24), o presidente Luiz In\u00e1cio Lula da Silva falou sobre os programas sociais P\u00e9-de-Meia, voltado a estudantes do ensino m\u00e9dio, e Farm\u00e1cia Popular, que distribui rem\u00e9dios de gra\u00e7a para a popula\u00e7\u00e3o.\u00a0 A partir desta ter\u00e7a-feira (25), o Minist\u00e9rio da Educa\u00e7\u00e3o ir\u00e1 pagar [&hellip;]<\/p>\n","protected":false},"author":1,"featured_media":24739,"comment_status":"open","ping_status":"open","sticky":false,"template":"","format":"standard","meta":{"_jetpack_newsletter_access":"","_jetpack_dont_email_post_to_subs":false,"_jetpack_newsletter_tier_id":0,"_jetpack_memberships_contains_paywalled_content":false,"_mbp_banners":[],"_jetpack_feature_clip_id":0,"_jetpack_memberships_contains_paid_content":false,"footnotes":"","jetpack_publicize_message":"","jetpack_publicize_feature_enabled":true,"jetpack_social_post_already_shared":true,"jetpack_social_options":{"image_generator_settings":{"template":"highway","default_image_id":0,"font":"","enabled":false},"version":2},"jetpack_post_was_ever_published":false},"categories":[19],"tags":[],"class_list":["post-24738","post","type-post","status-publish","format-standard","has-post-thumbnail","category-politica"],"jetpack_publicize_connections":[],"jetpack-related-posts":[],"jetpack_shortlink":"https:\/\/wp.me\/p7Eq1F-6r0","jetpack_sharing_enabled":true,"jetpack_featured_media_url":"https:\/\/i0.wp.com\/guialimeira.com.br\/news\/wp-content\/uploads\/2025\/02\/Lula-anuncia-parcela-do-Pe-de-Meia-e-ampliacao-do-Farmacia-Popular.png?fit=1600%2C800&ssl=1","_links":{"self":[{"href":"https:\/\/guialimeira.com.br\/news\/wp-json\/wp\/v2\/posts\/24738","targetHints":{"allow":["GET"]}}],"collection":[{"href":"https:\/\/guialimeira.com.br\/news\/wp-json\/wp\/v2\/posts"}],"about":[{"href":"https:\/\/guialimeira.com.br\/news\/wp-json\/wp\/v2\/types\/post"}],"author":[{"embeddable":true,"href":"https:\/\/guialimeira.com.br\/news\/wp-json\/wp\/v2\/users\/1"}],"replies":[{"embeddable":true,"href":"https:\/\/guialimeira.com.br\/news\/wp-json\/wp\/v2\/comments?post=24738"}],"version-history":[{"count":1,"href":"https:\/\/guialimeira.com.br\/news\/wp-json\/wp\/v2\/posts\/24738\/revisions"}],"predecessor-version":[{"id":24740,"href":"https:\/\/guialimeira.com.br\/news\/wp-json\/wp\/v2\/posts\/24738\/revisions\/24740"}],"wp:featuredmedia":[{"embeddable":true,"href":"https:\/\/guialimeira.com.br\/news\/wp-json\/wp\/v2\/media\/24739"}],"wp:attachment":[{"href":"https:\/\/guialimeira.com.br\/news\/wp-json\/wp\/v2\/media?parent=24738"}],"wp:term":[{"taxonomy":"category","embeddable":true,"href":"https:\/\/guialimeira.com.br\/news\/wp-json\/wp\/v2\/categories?post=24738"},{"taxonomy":"post_tag","embeddable":true,"href":"https:\/\/guialimeira.com.br\/news\/wp-json\/wp\/v2\/tags?post=24738"}],"curies":[{"name":"wp","href":"https:\/\/api.w.org\/{rel}","templated":true}]}}