{"id":24721,"date":"2025-02-24T20:41:49","date_gmt":"2025-02-24T23:41:49","guid":{"rendered":"https:\/\/guialimeira.com.br\/2025\/02\/24\/dolar-sobe-para-r-575-com-receio-sobre-inflacao\/"},"modified":"2025-02-24T20:41:49","modified_gmt":"2025-02-24T23:41:49","slug":"dolar-sobe-para-r-575-com-receio-sobre-inflacao","status":"publish","type":"post","link":"https:\/\/guialimeira.com.br\/news\/dolar-sobe-para-r-575-com-receio-sobre-inflacao\/","title":{"rendered":"D\u00f3lar sobe para R$ 5,75 com receio sobre infla\u00e7\u00e3o"},"content":{"rendered":"<p> <br \/>\n<\/p>\n<div>\n<p>O receio sobre uma alta da infla\u00e7\u00e3o em meio \u00e0 expectativa de medidas que aque\u00e7am ainda mais a economia pesou no mercado financeiro. <strong>O d\u00f3lar ultrapassou a barreira de R$ 5,75, e a bolsa recuou pela segunda vez consecutiva<\/strong>.<img data-recalc-dims=\"1\" decoding=\"async\" src=\"https:\/\/i0.wp.com\/agenciabrasil.ebc.com.br\/ebc.png?w=696&#038;ssl=1\" style=\"width:1px; height:1px; display:inline;\"\/><img data-recalc-dims=\"1\" decoding=\"async\" src=\"https:\/\/i0.wp.com\/agenciabrasil.ebc.com.br\/ebc.gif?w=696&#038;ssl=1\" style=\"width:1px; height:1px; display:inline;\"\/><\/p>\n<p>O d\u00f3lar comercial encerrou esta segunda-feira (24) vendido a R$ 5,755, com alta de R$ 0,025 (+0,43%). A cota\u00e7\u00e3o chegou a cair para R$ 5,71 por volta das 10h e operou pr\u00f3xima da estabilidade, em torno de R$ 5,73, na maior parte do dia. No entanto, subiu no fim da tarde at\u00e9 fechar na m\u00e1xima do dia.<\/p>\n<p><strong>A cota\u00e7\u00e3o est\u00e1 no maior n\u00edvel desde o \u00faltimo dia 13<\/strong>. Apesar da alta desta segunda, a divisa acumula queda de 6,87% em 2025.<\/p>\n<p>O mercado de a\u00e7\u00f5es tamb\u00e9m teve um dia de instabilidade. O \u00edndice Ibovespa, da B3, fechou aos 125.401 pontos, com queda de 1,36%. O indicador ficou est\u00e1vel durante a manh\u00e3, mas passou a cair \u00e0 tarde.<\/p>\n<p><strong>Tanto fatores internos como externos pesaram no mercado financeiro<\/strong>. No cen\u00e1rio dom\u00e9stico, a antecipa\u00e7\u00e3o pelo ministro do Trabalho, Carlos Lupi, de que a economia gerou mais de 100 mil empregos formais em janeiro foi recebida com apreens\u00e3o.<\/p>\n<p>Apesar do bom desempenho do mercado de trabalho, o <a href=\"http:\/\/agenciabrasil.ebc.com.br\/economia\/noticia\/2025-02\/pela-19a-semana-seguida-mercado-financeiro-eleva-previsao-da-inflacao\" rel=\"noopener\">mercado financeiro se preocupa<\/a> com um poss\u00edvel aumento de juros acima do previsto para segurar a infla\u00e7\u00e3o, o que derruba a bolsa de valores. Os dados do Cadastro Geral de Empregados e Desempregados (Caged) de janeiro s\u00f3 ser\u00e3o divulgados na quarta-feira (26).<\/p>\n<p>No cen\u00e1rio internacional, as bolsas norte-americanas ca\u00edram nesta segunda, tamb\u00e9m influenciando as bolsas brasileiras. O d\u00f3lar tamb\u00e9m subiu perante as principais moedas, \u00e0 espera da divulga\u00e7\u00e3o de dados de confian\u00e7a do consumidor nos Estados Unidos, prevista para esta semana.<\/p>\n<p><em>*Com informa\u00e7\u00f5es da Reuters<\/em><\/p>\n<p>\u00a0<\/p>\n<p>      <!-- Relacionada --><br \/>\n            <!-- Relacionada -->\n    <\/div>\n<p><br \/>\n<br \/><a href=\"https:\/\/agenciabrasil.ebc.com.br\/economia\/noticia\/2025-02\/dolar-sobe-para-r-575-com-receio-sobre-inflacao\" rel=\"noopener\">Ag\u00eancia Brasil<\/a><\/p>\n","protected":false},"excerpt":{"rendered":"<p>O receio sobre uma alta da infla\u00e7\u00e3o em meio \u00e0 expectativa de medidas que aque\u00e7am ainda mais a economia pesou no mercado financeiro. O d\u00f3lar ultrapassou a barreira de R$ 5,75, e a bolsa recuou pela segunda vez consecutiva. O d\u00f3lar comercial encerrou esta segunda-feira (24) vendido a R$ 5,755, com alta de R$ 0,025 [&hellip;]<\/p>\n","protected":false},"author":1,"featured_media":20900,"comment_status":"open","ping_status":"open","sticky":false,"template":"","format":"standard","meta":{"_jetpack_newsletter_access":"","_jetpack_dont_email_post_to_subs":false,"_jetpack_newsletter_tier_id":0,"_jetpack_memberships_contains_paywalled_content":false,"_mbp_banners":[],"_jetpack_feature_clip_id":0,"_jetpack_memberships_contains_paid_content":false,"footnotes":"","jetpack_publicize_message":"","jetpack_publicize_feature_enabled":true,"jetpack_social_post_already_shared":true,"jetpack_social_options":{"image_generator_settings":{"template":"highway","default_image_id":0,"font":"","enabled":false},"version":2},"jetpack_post_was_ever_published":false},"categories":[24],"tags":[],"class_list":["post-24721","post","type-post","status-publish","format-standard","has-post-thumbnail","category-economia"],"jetpack_publicize_connections":[],"jetpack-related-posts":[],"jetpack_shortlink":"https:\/\/wp.me\/p7Eq1F-6qJ","jetpack_sharing_enabled":true,"jetpack_featured_media_url":"https:\/\/i0.wp.com\/guialimeira.com.br\/news\/wp-content\/uploads\/2025\/01\/dolar_6.jpg?fit=1600%2C800&ssl=1","_links":{"self":[{"href":"https:\/\/guialimeira.com.br\/news\/wp-json\/wp\/v2\/posts\/24721","targetHints":{"allow":["GET"]}}],"collection":[{"href":"https:\/\/guialimeira.com.br\/news\/wp-json\/wp\/v2\/posts"}],"about":[{"href":"https:\/\/guialimeira.com.br\/news\/wp-json\/wp\/v2\/types\/post"}],"author":[{"embeddable":true,"href":"https:\/\/guialimeira.com.br\/news\/wp-json\/wp\/v2\/users\/1"}],"replies":[{"embeddable":true,"href":"https:\/\/guialimeira.com.br\/news\/wp-json\/wp\/v2\/comments?post=24721"}],"version-history":[{"count":0,"href":"https:\/\/guialimeira.com.br\/news\/wp-json\/wp\/v2\/posts\/24721\/revisions"}],"wp:featuredmedia":[{"embeddable":true,"href":"https:\/\/guialimeira.com.br\/news\/wp-json\/wp\/v2\/media\/20900"}],"wp:attachment":[{"href":"https:\/\/guialimeira.com.br\/news\/wp-json\/wp\/v2\/media?parent=24721"}],"wp:term":[{"taxonomy":"category","embeddable":true,"href":"https:\/\/guialimeira.com.br\/news\/wp-json\/wp\/v2\/categories?post=24721"},{"taxonomy":"post_tag","embeddable":true,"href":"https:\/\/guialimeira.com.br\/news\/wp-json\/wp\/v2\/tags?post=24721"}],"curies":[{"name":"wp","href":"https:\/\/api.w.org\/{rel}","templated":true}]}}