{"id":24713,"date":"2025-02-24T19:44:51","date_gmt":"2025-02-24T22:44:51","guid":{"rendered":"https:\/\/guialimeira.com.br\/?p=24713"},"modified":"2025-02-24T19:44:52","modified_gmt":"2025-02-24T22:44:52","slug":"programacao-de-limpeza-e-capinacao-confira-os-locais-atendidos-nesta-semana","status":"publish","type":"post","link":"https:\/\/guialimeira.com.br\/news\/programacao-de-limpeza-e-capinacao-confira-os-locais-atendidos-nesta-semana\/","title":{"rendered":"Programa\u00e7\u00e3o de limpeza e capina\u00e7\u00e3o: Confira os locais atendidos nesta semana"},"content":{"rendered":"\n<p class=\"wp-block-paragraph\">A <strong>Secretaria de Obras e Servi\u00e7os P\u00fablicos<\/strong> divulgou a programa\u00e7\u00e3o semanal de <strong>limpeza e capina\u00e7\u00e3o<\/strong> em diversas \u00e1reas da cidade. O objetivo \u00e9 garantir a manuten\u00e7\u00e3o de vias, pra\u00e7as e espa\u00e7os p\u00fablicos, promovendo um ambiente mais limpo e seguro para todos.<\/p>\n\n\n\n<p class=\"wp-block-paragraph\">\ud83d\udccd <strong>Confira os locais que receber\u00e3o os servi\u00e7os nesta semana:<\/strong><\/p>\n\n\n\n<p class=\"wp-block-paragraph\">1\ufe0f\u20e3 <strong>Via Jurandir Paix\u00e3o<\/strong><br>2\ufe0f\u20e3 <strong>Via Luiz Varga (Anel Vi\u00e1rio)<\/strong><br>3\ufe0f\u20e3 <strong>Anel Vi\u00e1rio &#8211; Sentido Taba \/ Cecap<\/strong><br>4\ufe0f\u20e3 <strong>Santa Ad\u00e9lia &#8211; \u00c1guas da Serra<\/strong><br>5\ufe0f\u20e3 <strong>Casa da Crian\u00e7a<\/strong><br>6\ufe0f\u20e3 <strong>Asilo Jo\u00e3o Khul Filho<\/strong><br>7\ufe0f\u20e3 <strong>Pra\u00e7a Ant\u00f4nio Rosseto<\/strong><br>8\ufe0f\u20e3 <strong>Bosque Maria Tereza + 1\u00ba Distrito Policial<\/strong><br>9\ufe0f\u20e3 <strong>UBS Jardim Novo Horizonte<\/strong><br>\ud83d\udd1f <strong>Pra\u00e7as do Jardim Presidente Dutra Vista Alegre<\/strong><br>1\ufe0f\u20e31\ufe0f\u20e3 <strong>\u00c1rea Verde AME (Final da Av. Ant\u00f4nio Ometo)<\/strong><br>1\ufe0f\u20e32\ufe0f\u20e3 <strong>Pra\u00e7a Rubi<\/strong><br>1\ufe0f\u20e33\ufe0f\u20e3 <strong>Rua Miguel Guidote (Parque Egisto Ragazzo \u2013 Finaliza\u00e7\u00e3o)<\/strong><br>1\ufe0f\u20e34\ufe0f\u20e3 <strong>Parque Egisto (Finaliza\u00e7\u00e3o)<\/strong><br>1\ufe0f\u20e35\ufe0f\u20e3 <strong>Setores 05 e 06 (Continuidade)<\/strong><\/p>\n\n\n\n<p class=\"wp-block-paragraph\">\u26a0 <strong>Importante:<\/strong> Esta programa\u00e7\u00e3o pode sofrer altera\u00e7\u00f5es conforme a demanda e eventuais solicita\u00e7\u00f5es emergenciais encaminhadas \u00e0 <strong>Secretaria de Obras e Servi\u00e7os P\u00fablicos<\/strong> <\/p>\n\n\n\n<p class=\"wp-block-paragraph\">\ud83d\udd0e <strong>Acompanhe nosso site para atualiza\u00e7\u00f5es e fique por dentro da manuten\u00e7\u00e3o da cidade!<\/strong><\/p>\n","protected":false},"excerpt":{"rendered":"<p>A Secretaria de Obras e Servi\u00e7os P\u00fablicos divulgou a programa\u00e7\u00e3o semanal de limpeza e capina\u00e7\u00e3o em diversas \u00e1reas da cidade. O objetivo \u00e9 garantir a manuten\u00e7\u00e3o de vias, pra\u00e7as e espa\u00e7os p\u00fablicos, promovendo um ambiente mais limpo e seguro para todos. \ud83d\udccd Confira os locais que receber\u00e3o os servi\u00e7os nesta semana: 1\ufe0f\u20e3 Via Jurandir Paix\u00e3o2\ufe0f\u20e3 [&hellip;]<\/p>\n","protected":false},"author":1,"featured_media":24716,"comment_status":"open","ping_status":"open","sticky":false,"template":"","format":"standard","meta":{"_jetpack_newsletter_access":"","_jetpack_dont_email_post_to_subs":false,"_jetpack_newsletter_tier_id":0,"_jetpack_memberships_contains_paywalled_content":false,"_mbp_banners":[],"_jetpack_feature_clip_id":0,"_jetpack_memberships_contains_paid_content":false,"footnotes":"","jetpack_publicize_message":"","jetpack_publicize_feature_enabled":true,"jetpack_social_post_already_shared":true,"jetpack_social_options":{"image_generator_settings":{"template":"highway","default_image_id":0,"font":"","enabled":false},"version":2},"jetpack_post_was_ever_published":false},"categories":[16,19],"tags":[],"class_list":["post-24713","post","type-post","status-publish","format-standard","has-post-thumbnail","category-local","category-politica"],"jetpack_publicize_connections":[],"jetpack-related-posts":[],"jetpack_shortlink":"https:\/\/wp.me\/p7Eq1F-6qB","jetpack_sharing_enabled":true,"jetpack_featured_media_url":"https:\/\/i0.wp.com\/guialimeira.com.br\/news\/wp-content\/uploads\/2025\/02\/images-1.jpeg?fit=168%2C300&ssl=1","_links":{"self":[{"href":"https:\/\/guialimeira.com.br\/news\/wp-json\/wp\/v2\/posts\/24713","targetHints":{"allow":["GET"]}}],"collection":[{"href":"https:\/\/guialimeira.com.br\/news\/wp-json\/wp\/v2\/posts"}],"about":[{"href":"https:\/\/guialimeira.com.br\/news\/wp-json\/wp\/v2\/types\/post"}],"author":[{"embeddable":true,"href":"https:\/\/guialimeira.com.br\/news\/wp-json\/wp\/v2\/users\/1"}],"replies":[{"embeddable":true,"href":"https:\/\/guialimeira.com.br\/news\/wp-json\/wp\/v2\/comments?post=24713"}],"version-history":[{"count":1,"href":"https:\/\/guialimeira.com.br\/news\/wp-json\/wp\/v2\/posts\/24713\/revisions"}],"predecessor-version":[{"id":24717,"href":"https:\/\/guialimeira.com.br\/news\/wp-json\/wp\/v2\/posts\/24713\/revisions\/24717"}],"wp:featuredmedia":[{"embeddable":true,"href":"https:\/\/guialimeira.com.br\/news\/wp-json\/wp\/v2\/media\/24716"}],"wp:attachment":[{"href":"https:\/\/guialimeira.com.br\/news\/wp-json\/wp\/v2\/media?parent=24713"}],"wp:term":[{"taxonomy":"category","embeddable":true,"href":"https:\/\/guialimeira.com.br\/news\/wp-json\/wp\/v2\/categories?post=24713"},{"taxonomy":"post_tag","embeddable":true,"href":"https:\/\/guialimeira.com.br\/news\/wp-json\/wp\/v2\/tags?post=24713"}],"curies":[{"name":"wp","href":"https:\/\/api.w.org\/{rel}","templated":true}]}}