{"id":24707,"date":"2025-02-25T19:05:07","date_gmt":"2025-02-25T22:05:07","guid":{"rendered":"https:\/\/guialimeira.com.br\/?p=24707"},"modified":"2025-02-24T19:07:54","modified_gmt":"2025-02-24T22:07:54","slug":"projeto-de-lei-propoe-modernizacao-das-notificacoes-fiscais-no-municipio","status":"publish","type":"post","link":"https:\/\/guialimeira.com.br\/news\/projeto-de-lei-propoe-modernizacao-das-notificacoes-fiscais-no-municipio\/","title":{"rendered":"Projeto de Lei prop\u00f5e moderniza\u00e7\u00e3o das notifica\u00e7\u00f5es fiscais no munic\u00edpio"},"content":{"rendered":"\n<p class=\"wp-block-paragraph\">O <strong>Projeto de Lei Complementar N\u00ba 2\/2025<\/strong>, apresentado pela vereadora <strong>Mara Isa Mattos Silveira (PL)<\/strong>, busca modernizar o <strong>C\u00f3digo Tribut\u00e1rio Municipal<\/strong>, priorizando o meio eletr\u00f4nico como ferramenta oficial para comunica\u00e7\u00e3o entre a <strong>Administra\u00e7\u00e3o P\u00fablica Municipal<\/strong> e os contribuintes.<\/p>\n\n\n\n<h4 class=\"wp-block-heading\"><strong>Principais mudan\u00e7as propostas<\/strong><\/h4>\n\n\n\n<p class=\"wp-block-paragraph\">De acordo com o projeto, o <strong>artigo 202 da Lei n\u00ba 1.890\/1983<\/strong> passar\u00e1 a prever uma nova ordem de prefer\u00eancia para as notifica\u00e7\u00f5es fiscais, priorizando meios eletr\u00f4nicos, como:<\/p>\n\n\n\n<p class=\"wp-block-paragraph\">\u2705 <strong>Entrega pessoalmente<\/strong>, pelo autor do procedimento ou agente respons\u00e1vel.<br>\u2705 <strong>Notifica\u00e7\u00e3o eletr\u00f4nica<\/strong> por <strong>SMS, WhatsApp ou e-mail<\/strong>.<br>\u2705 <strong>Registro postal<\/strong>, caso n\u00e3o seja poss\u00edvel o contato eletr\u00f4nico.<br>\u2705 <strong>Publica\u00e7\u00e3o no Jornal Oficial do Munic\u00edpio<\/strong>, apenas quando as tentativas anteriores falharem.<\/p>\n\n\n\n<p class=\"wp-block-paragraph\">Al\u00e9m disso, o projeto determina que o <strong>cadastro fiscal dos contribuintes seja atualizado<\/strong> periodicamente para garantir a efic\u00e1cia das notifica\u00e7\u00f5es digitais.<\/p>\n\n\n\n<h4 class=\"wp-block-heading\"><strong>Benef\u00edcios da atualiza\u00e7\u00e3o do C\u00f3digo Tribut\u00e1rio<\/strong><\/h4>\n\n\n\n<p class=\"wp-block-paragraph\">\ud83d\udccc <strong>Maior agilidade<\/strong> na comunica\u00e7\u00e3o entre prefeitura e mun\u00edcipes.<br>\ud83d\udccc <strong>Redu\u00e7\u00e3o de custos<\/strong> para o poder p\u00fablico ao diminuir o uso de papel e postagens.<br>\ud83d\udccc <strong>Facilidade de acesso<\/strong> \u00e0s notifica\u00e7\u00f5es pelos contribuintes, garantindo transpar\u00eancia no processo.<\/p>\n\n\n\n<p class=\"wp-block-paragraph\">A vereadora Mara Isa Mattos Silveira destaca que, atualmente, muitos cidad\u00e3os n\u00e3o acompanham o <strong>Jornal Oficial do Munic\u00edpio<\/strong>, tornando essencial a ado\u00e7\u00e3o de meios mais acess\u00edveis e eficazes para o envio de notifica\u00e7\u00f5es.<\/p>\n\n\n\n<p class=\"wp-block-paragraph\">O projeto agora aguarda <strong>discuss\u00e3o e vota\u00e7\u00e3o<\/strong> no plen\u00e1rio. Se aprovado, a nova lei entrar\u00e1 em vigor na data de sua publica\u00e7\u00e3o.<\/p>\n\n\n\n<p class=\"wp-block-paragraph\">\ud83d\udd0e <strong>Fique atento \u00e0s atualiza\u00e7\u00f5es e acompanhe as mudan\u00e7as na legisla\u00e7\u00e3o municipal!<\/strong><\/p>\n","protected":false},"excerpt":{"rendered":"<p>O Projeto de Lei Complementar N\u00ba 2\/2025, apresentado pela vereadora Mara Isa Mattos Silveira (PL), busca modernizar o C\u00f3digo Tribut\u00e1rio Municipal, priorizando o meio eletr\u00f4nico como ferramenta oficial para comunica\u00e7\u00e3o entre a Administra\u00e7\u00e3o P\u00fablica Municipal e os contribuintes. Principais mudan\u00e7as propostas De acordo com o projeto, o artigo 202 da Lei n\u00ba 1.890\/1983 passar\u00e1 a [&hellip;]<\/p>\n","protected":false},"author":1,"featured_media":24656,"comment_status":"open","ping_status":"open","sticky":false,"template":"","format":"standard","meta":{"_jetpack_newsletter_access":"","_jetpack_dont_email_post_to_subs":false,"_jetpack_newsletter_tier_id":0,"_jetpack_memberships_contains_paywalled_content":false,"_mbp_banners":[],"_jetpack_feature_clip_id":0,"_jetpack_memberships_contains_paid_content":false,"footnotes":"","jetpack_publicize_message":"","jetpack_publicize_feature_enabled":true,"jetpack_social_post_already_shared":true,"jetpack_social_options":{"image_generator_settings":{"template":"highway","default_image_id":0,"font":"","enabled":false},"version":2},"jetpack_post_was_ever_published":false},"categories":[19],"tags":[],"class_list":["post-24707","post","type-post","status-publish","format-standard","has-post-thumbnail","category-politica"],"jetpack_publicize_connections":[],"jetpack-related-posts":[],"jetpack_shortlink":"https:\/\/wp.me\/p7Eq1F-6qv","jetpack_sharing_enabled":true,"jetpack_featured_media_url":"https:\/\/i0.wp.com\/guialimeira.com.br\/news\/wp-content\/uploads\/2025\/02\/vereadora-mara-isa-mattos-silveira_1.jpg?fit=1280%2C640&ssl=1","_links":{"self":[{"href":"https:\/\/guialimeira.com.br\/news\/wp-json\/wp\/v2\/posts\/24707","targetHints":{"allow":["GET"]}}],"collection":[{"href":"https:\/\/guialimeira.com.br\/news\/wp-json\/wp\/v2\/posts"}],"about":[{"href":"https:\/\/guialimeira.com.br\/news\/wp-json\/wp\/v2\/types\/post"}],"author":[{"embeddable":true,"href":"https:\/\/guialimeira.com.br\/news\/wp-json\/wp\/v2\/users\/1"}],"replies":[{"embeddable":true,"href":"https:\/\/guialimeira.com.br\/news\/wp-json\/wp\/v2\/comments?post=24707"}],"version-history":[{"count":1,"href":"https:\/\/guialimeira.com.br\/news\/wp-json\/wp\/v2\/posts\/24707\/revisions"}],"predecessor-version":[{"id":24708,"href":"https:\/\/guialimeira.com.br\/news\/wp-json\/wp\/v2\/posts\/24707\/revisions\/24708"}],"wp:featuredmedia":[{"embeddable":true,"href":"https:\/\/guialimeira.com.br\/news\/wp-json\/wp\/v2\/media\/24656"}],"wp:attachment":[{"href":"https:\/\/guialimeira.com.br\/news\/wp-json\/wp\/v2\/media?parent=24707"}],"wp:term":[{"taxonomy":"category","embeddable":true,"href":"https:\/\/guialimeira.com.br\/news\/wp-json\/wp\/v2\/categories?post=24707"},{"taxonomy":"post_tag","embeddable":true,"href":"https:\/\/guialimeira.com.br\/news\/wp-json\/wp\/v2\/tags?post=24707"}],"curies":[{"name":"wp","href":"https:\/\/api.w.org\/{rel}","templated":true}]}}