{"id":2470,"date":"2024-04-23T15:28:59","date_gmt":"2024-04-23T18:28:59","guid":{"rendered":"https:\/\/guialimeira.com.br\/2024\/04\/23\/lewandowski-prorroga-uso-da-forca-penal-nacional-em-mossoro-ate-junho\/"},"modified":"2024-04-23T15:28:59","modified_gmt":"2024-04-23T18:28:59","slug":"lewandowski-prorroga-uso-da-forca-penal-nacional-em-mossoro-ate-junho","status":"publish","type":"post","link":"https:\/\/guialimeira.com.br\/news\/lewandowski-prorroga-uso-da-forca-penal-nacional-em-mossoro-ate-junho\/","title":{"rendered":"Lewandowski prorroga uso da For\u00e7a Penal Nacional em Mossor\u00f3 at\u00e9 junho"},"content":{"rendered":"<p> <br \/>\n<\/p>\n<div>\n<p>O Minist\u00e9rio da Justi\u00e7a e Seguran\u00e7a P\u00fablica prorrogou por mais 60 dias a atua\u00e7\u00e3o da For\u00e7a Penal Nacional na Penitenci\u00e1ria Federal de Mossor\u00f3, no Rio Grande do Norte. A medida foi assinada pelo ministro Ricardo Lewandowski e <a href=\"https:\/\/www.in.gov.br\/web\/dou\/-\/portaria-mjsp-n-671-de-22-de-abril-de-2024-555700723\" target=\"_blank\" rel=\"noopener\">publicada na edi\u00e7\u00e3o<\/a> desta ter\u00e7a-feira (23) do <em>Di\u00e1rio Oficial da Uni\u00e3o <\/em>(DOU).\u00a0<img data-recalc-dims=\"1\" decoding=\"async\" src=\"https:\/\/i0.wp.com\/agenciabrasil.ebc.com.br\/ebc.png?w=696&#038;ssl=1\" style=\"width:1px; height:1px; display:inline;\"\/><img data-recalc-dims=\"1\" decoding=\"async\" src=\"https:\/\/i0.wp.com\/agenciabrasil.ebc.com.br\/ebc.gif?w=696&#038;ssl=1\" style=\"width:1px; height:1px; display:inline;\"\/><\/p>\n<p>As equipes ficar\u00e3o at\u00e9 o dia 21 de junho de 2024 para treinamento, sobreaviso e refor\u00e7o\u00a0da seguran\u00e7a externa do pres\u00eddio.<\/p>\n<p>&#8220;Os treinamentos ser\u00e3o realizados na Penitenci\u00e1ria Federal em Mossor\u00f3 e ser\u00e3o coordenados pela Secretaria Nacional de Pol\u00edticas Penais, do Minist\u00e9rio da Justi\u00e7a e Seguran\u00e7a P\u00fablica.\u00a0\u00a0O n\u00famero de profissionais a ser disponibilizado pelo Minist\u00e9rio da Justi\u00e7a e Seguran\u00e7a P\u00fablica obedecer\u00e1 ao planejamento definido pelos entes envolvidos na opera\u00e7\u00e3o&#8221;, diz a portaria, que j\u00e1 est\u00e1 em vigor.<\/p>\n<p>A penitenci\u00e1ria foi de onde dois detentos fugiram em fevereiro. Ap\u00f3s mais de 50 dias de buscas, que envolveram for\u00e7as policiais federais e estaduais, Rog\u00e9rio da Silva Mendon\u00e7a e Deibson Cabral Nascimento\u00a0<a href=\"https:\/\/agenciabrasil.ebc.com.br\/geral\/noticia\/2024-04\/fugitivos-de-penitenciaria-federal-em-mossoro-sao-recapturados-no-para\" target=\"_blank\" rel=\"noopener\">foram recapturados<\/a> em Marab\u00e1 (PA),\u00a0a cerca de 1,6 mil quil\u00f4metros de dist\u00e2ncia do pres\u00eddio de seguran\u00e7a m\u00e1xima.<\/p>\n<h2>For\u00e7a Penal Nacional<\/h2>\n<p>A For\u00e7a Penal Nacional\u00a0foi institu\u00edda em 2023, para dar uma resposta eficaz a crises no sistema prisional, como rebeli\u00f5es e confrontos entre fac\u00e7\u00f5es criminosas. As a\u00e7\u00f5es s\u00e3o promovidas por meio da coopera\u00e7\u00e3o entre Uni\u00e3o e os estados.\u00a0<\/p>\n<\/p><\/div>\n<p><br \/>\n<br \/><a href=\"https:\/\/agenciabrasil.ebc.com.br\/geral\/noticia\/2024-04\/lewandowski-prorroga-uso-da-forca-penal-nacional-em-mossoro-ate-junho\" rel=\"noopener\">Ag\u00eancia Brasil<\/a><\/p>\n","protected":false},"excerpt":{"rendered":"<p>O Minist\u00e9rio da Justi\u00e7a e Seguran\u00e7a P\u00fablica prorrogou por mais 60 dias a atua\u00e7\u00e3o da For\u00e7a Penal Nacional na Penitenci\u00e1ria Federal de Mossor\u00f3, no Rio Grande do Norte. A medida foi assinada pelo ministro Ricardo Lewandowski e publicada na edi\u00e7\u00e3o desta ter\u00e7a-feira (23) do Di\u00e1rio Oficial da Uni\u00e3o (DOU).\u00a0 As equipes ficar\u00e3o at\u00e9 o dia [&hellip;]<\/p>\n","protected":false},"author":1,"featured_media":2471,"comment_status":"open","ping_status":"open","sticky":false,"template":"","format":"standard","meta":{"_jetpack_newsletter_access":"","_jetpack_dont_email_post_to_subs":false,"_jetpack_newsletter_tier_id":0,"_jetpack_memberships_contains_paywalled_content":false,"_mbp_banners":[],"_jetpack_feature_clip_id":0,"_jetpack_memberships_contains_paid_content":false,"footnotes":"","jetpack_publicize_message":"","jetpack_publicize_feature_enabled":true,"jetpack_social_post_already_shared":true,"jetpack_social_options":{"image_generator_settings":{"template":"highway","default_image_id":0,"font":"","enabled":false},"version":2},"jetpack_post_was_ever_published":false},"categories":[1],"tags":[],"class_list":["post-2470","post","type-post","status-publish","format-standard","has-post-thumbnail","category-geral"],"jetpack_publicize_connections":[],"jetpack-related-posts":[],"jetpack_shortlink":"https:\/\/wp.me\/p7Eq1F-DQ","jetpack_sharing_enabled":true,"jetpack_featured_media_url":"https:\/\/i0.wp.com\/guialimeira.com.br\/news\/wp-content\/uploads\/2024\/04\/53540972822_59e1c6b5a9_o.jpg?fit=1600%2C800&ssl=1","_links":{"self":[{"href":"https:\/\/guialimeira.com.br\/news\/wp-json\/wp\/v2\/posts\/2470","targetHints":{"allow":["GET"]}}],"collection":[{"href":"https:\/\/guialimeira.com.br\/news\/wp-json\/wp\/v2\/posts"}],"about":[{"href":"https:\/\/guialimeira.com.br\/news\/wp-json\/wp\/v2\/types\/post"}],"author":[{"embeddable":true,"href":"https:\/\/guialimeira.com.br\/news\/wp-json\/wp\/v2\/users\/1"}],"replies":[{"embeddable":true,"href":"https:\/\/guialimeira.com.br\/news\/wp-json\/wp\/v2\/comments?post=2470"}],"version-history":[{"count":0,"href":"https:\/\/guialimeira.com.br\/news\/wp-json\/wp\/v2\/posts\/2470\/revisions"}],"wp:featuredmedia":[{"embeddable":true,"href":"https:\/\/guialimeira.com.br\/news\/wp-json\/wp\/v2\/media\/2471"}],"wp:attachment":[{"href":"https:\/\/guialimeira.com.br\/news\/wp-json\/wp\/v2\/media?parent=2470"}],"wp:term":[{"taxonomy":"category","embeddable":true,"href":"https:\/\/guialimeira.com.br\/news\/wp-json\/wp\/v2\/categories?post=2470"},{"taxonomy":"post_tag","embeddable":true,"href":"https:\/\/guialimeira.com.br\/news\/wp-json\/wp\/v2\/tags?post=2470"}],"curies":[{"name":"wp","href":"https:\/\/api.w.org\/{rel}","templated":true}]}}