{"id":24699,"date":"2025-02-24T18:39:49","date_gmt":"2025-02-24T21:39:49","guid":{"rendered":"https:\/\/guialimeira.com.br\/?p=24699"},"modified":"2025-02-24T18:39:51","modified_gmt":"2025-02-24T21:39:51","slug":"vereador-cobra-solucoes-para-problemas-na-infraestrutura-da-escola-dona-marizinha","status":"publish","type":"post","link":"https:\/\/guialimeira.com.br\/news\/vereador-cobra-solucoes-para-problemas-na-infraestrutura-da-escola-dona-marizinha\/","title":{"rendered":"Vereador cobra solu\u00e7\u00f5es para problemas na infraestrutura da escola Dona Marizinha"},"content":{"rendered":"\n<p class=\"wp-block-paragraph\">A precariedade na estrutura da <strong>Escola Municipal EMEIEF Maria Aparecida Machado Julianelli \u2013 Dona Marizinha<\/strong> tem gerado preocupa\u00e7\u00e3o entre pais, professores e alunos. Diante disso, o vereador <strong>Estev\u00e3o Nogueira (Avante)<\/strong> protocolou um requerimento solicitando informa\u00e7\u00f5es ao Poder Executivo sobre poss\u00edveis a\u00e7\u00f5es para a reforma e manuten\u00e7\u00e3o da unidade escolar.<\/p>\n\n\n\n<h4 class=\"wp-block-heading\"><strong>Principais Questionamentos sobre a Infraestrutura Escolar<\/strong><\/h4>\n\n\n\n<p class=\"wp-block-paragraph\">O documento encaminhado \u00e0 Prefeitura busca esclarecer:<\/p>\n\n\n\n<p class=\"wp-block-paragraph\">1\ufe0f\u20e3 <strong>A Secretaria Municipal de Educa\u00e7\u00e3o tem ci\u00eancia dos problemas estruturais da escola Dona Marizinha?<\/strong><br>2\ufe0f\u20e3 <strong>Existe um planejamento para reforma ou melhorias na unidade escolar?<\/strong><br>3\ufe0f\u20e3 <strong>Caso haja previs\u00e3o de melhorias, qual o prazo para a execu\u00e7\u00e3o das obras?<\/strong><\/p>\n\n\n\n<p class=\"wp-block-paragraph\">A iniciativa surgiu ap\u00f3s relatos da pr\u00f3pria <strong>dire\u00e7\u00e3o da escola<\/strong> e de <strong>professores<\/strong>, que procuraram o gabinete do vereador em busca de apoio para solucionar os problemas estruturais. Segundo eles, as condi\u00e7\u00f5es da unidade s\u00e3o preocupantes, prejudicando diretamente o ambiente escolar e o bem-estar dos alunos.<\/p>\n\n\n\n<p class=\"wp-block-paragraph\"><strong>Confira alguns dos principais problemas identificados:<\/strong><\/p>\n\n\n\n<p class=\"wp-block-paragraph\">\u2705 <strong>Alagamento no refeit\u00f3rio e na cozinha<\/strong> em dias de chuva, impossibilitando a distribui\u00e7\u00e3o da merenda escolar. <a href=\"https:\/\/1drv.ms\/f\/s!ApKXRBDyfXP87kAk19MuqNOcNQMm\" rel=\"noopener\">\ud83d\udcf9 Veja os v\u00eddeos aqui<\/a><\/p>\n\n\n\n<p class=\"wp-block-paragraph\">\u2705 <strong>Banheiros com instala\u00e7\u00f5es antigas e inadequadas<\/strong>, incluindo caixas de descarga em altura irregular para as crian\u00e7as, exigindo trocas frequentes.<\/p>\n\n\n\n<p class=\"wp-block-paragraph\">\u2705 <strong>Playground interditado<\/strong> devido ao estado prec\u00e1rio dos brinquedos, comprometendo a seguran\u00e7a dos alunos.<\/p>\n\n\n\n<p class=\"wp-block-paragraph\">A precariedade da infraestrutura escolar compromete a qualidade da educa\u00e7\u00e3o e o desenvolvimento dos estudantes. Por isso, o vereador <strong>Estev\u00e3o Nogueira<\/strong> cobra esclarecimentos e provid\u00eancias da Prefeitura para garantir melhores condi\u00e7\u00f5es para a comunidade escolar.<\/p>\n\n\n\n<p class=\"wp-block-paragraph\">\ud83d\udcdd <strong>E voc\u00ea, o que acha dessa situa\u00e7\u00e3o? Deixe seu coment\u00e1rio e compartilhe essa informa\u00e7\u00e3o!<\/strong><\/p>\n\n\n\n<p class=\"wp-block-paragraph\">\ud83d\udccc <strong>Acompanhe as atualiza\u00e7\u00f5es e fique por dentro das pr\u00f3ximas a\u00e7\u00f5es!<\/strong> \ud83d\ude80<\/p>\n","protected":false},"excerpt":{"rendered":"<p>A precariedade na estrutura da Escola Municipal EMEIEF Maria Aparecida Machado Julianelli \u2013 Dona Marizinha tem gerado preocupa\u00e7\u00e3o entre pais, professores e alunos. Diante disso, o vereador Estev\u00e3o Nogueira (Avante) protocolou um requerimento solicitando informa\u00e7\u00f5es ao Poder Executivo sobre poss\u00edveis a\u00e7\u00f5es para a reforma e manuten\u00e7\u00e3o da unidade escolar. Principais Questionamentos sobre a Infraestrutura Escolar [&hellip;]<\/p>\n","protected":false},"author":1,"featured_media":24701,"comment_status":"open","ping_status":"open","sticky":false,"template":"","format":"standard","meta":{"_jetpack_newsletter_access":"","_jetpack_dont_email_post_to_subs":false,"_jetpack_newsletter_tier_id":0,"_jetpack_memberships_contains_paywalled_content":false,"_mbp_banners":[],"_jetpack_feature_clip_id":0,"_jetpack_memberships_contains_paid_content":false,"footnotes":"","jetpack_publicize_message":"","jetpack_publicize_feature_enabled":true,"jetpack_social_post_already_shared":true,"jetpack_social_options":{"image_generator_settings":{"template":"highway","default_image_id":0,"font":"","enabled":false},"version":2},"jetpack_post_was_ever_published":false},"categories":[19],"tags":[],"class_list":["post-24699","post","type-post","status-publish","format-standard","has-post-thumbnail","category-politica"],"jetpack_publicize_connections":[],"jetpack-related-posts":[],"jetpack_shortlink":"https:\/\/wp.me\/p7Eq1F-6qn","jetpack_sharing_enabled":true,"jetpack_featured_media_url":"https:\/\/i0.wp.com\/guialimeira.com.br\/news\/wp-content\/uploads\/2025\/02\/68299_1.jpeg?fit=1122%2C840&ssl=1","_links":{"self":[{"href":"https:\/\/guialimeira.com.br\/news\/wp-json\/wp\/v2\/posts\/24699","targetHints":{"allow":["GET"]}}],"collection":[{"href":"https:\/\/guialimeira.com.br\/news\/wp-json\/wp\/v2\/posts"}],"about":[{"href":"https:\/\/guialimeira.com.br\/news\/wp-json\/wp\/v2\/types\/post"}],"author":[{"embeddable":true,"href":"https:\/\/guialimeira.com.br\/news\/wp-json\/wp\/v2\/users\/1"}],"replies":[{"embeddable":true,"href":"https:\/\/guialimeira.com.br\/news\/wp-json\/wp\/v2\/comments?post=24699"}],"version-history":[{"count":1,"href":"https:\/\/guialimeira.com.br\/news\/wp-json\/wp\/v2\/posts\/24699\/revisions"}],"predecessor-version":[{"id":24702,"href":"https:\/\/guialimeira.com.br\/news\/wp-json\/wp\/v2\/posts\/24699\/revisions\/24702"}],"wp:featuredmedia":[{"embeddable":true,"href":"https:\/\/guialimeira.com.br\/news\/wp-json\/wp\/v2\/media\/24701"}],"wp:attachment":[{"href":"https:\/\/guialimeira.com.br\/news\/wp-json\/wp\/v2\/media?parent=24699"}],"wp:term":[{"taxonomy":"category","embeddable":true,"href":"https:\/\/guialimeira.com.br\/news\/wp-json\/wp\/v2\/categories?post=24699"},{"taxonomy":"post_tag","embeddable":true,"href":"https:\/\/guialimeira.com.br\/news\/wp-json\/wp\/v2\/tags?post=24699"}],"curies":[{"name":"wp","href":"https:\/\/api.w.org\/{rel}","templated":true}]}}