{"id":24678,"date":"2025-02-24T16:48:50","date_gmt":"2025-02-24T19:48:50","guid":{"rendered":"https:\/\/guialimeira.com.br\/?p=24678"},"modified":"2025-02-24T16:48:50","modified_gmt":"2025-02-24T19:48:50","slug":"camara-comemora-dia-da-conquista-do-voto-feminino-com-entrega-de-diploma-e-acervo-virtual","status":"publish","type":"post","link":"https:\/\/guialimeira.com.br\/news\/camara-comemora-dia-da-conquista-do-voto-feminino-com-entrega-de-diploma-e-acervo-virtual\/","title":{"rendered":"C\u00e2mara comemora Dia da Conquista do Voto Feminino com entrega de diploma e acervo virtual"},"content":{"rendered":"\n<figure class=\"wp-block-gallery has-nested-images columns-default is-cropped wp-block-gallery-1 is-layout-flex wp-block-gallery-is-layout-flex\"><\/figure>\n \r\n<br><img data-recalc-dims=\"1\" decoding=\"async\" src=\"https:\/\/i0.wp.com\/guialimeira.com.br\/wp-content\/uploads\/2025\/02\/2025-02-24_camara-comemora-dia-da-conquista-do-voto-feminino-com-entrega-de-diploma-e-acervo-virtual.jpeg?w=696&#038;ssl=1\" \/><br><div>\n\t\t\t\t\t<p>A C\u00e2mara Municipal de Limeira, por meio da Procuradoria Especial da Mulher, comemora o Dia da Conquista do Voto Feminino, nesta segunda-feira, 24 de fevereiro. Dentre as a\u00e7\u00f5es planejadas est\u00e1 a entrega de um diploma de homenagem \u00e0s vereadoras e ex-vereadoras do Legislativo limeirense e o lan\u00e7amento de um acervo hist\u00f3rico virtual que traz artigos e recortes de not\u00edcias de jornais da cidade, que tratam sobre o voto feminino e as mulheres na pol\u00edtica. O acervo pode ser conferido neste <a href=\"https:\/\/memorialcml.netlify.app\/\" rel=\"noopener\">link<\/a>.\u00a0<\/p><p>Durante a sess\u00e3o ordin\u00e1ria nesta segunda-feira ser\u00e3o entregues diplomas de homenagem dos 93 anos da conquista do voto feminino \u00e0s vereadoras e ex-vereadoras da C\u00e2mara Municipal de Limeira, em uma solenidade promovida pela Procuradoria Especial da Mulher, composta pela procuradora especial da mulher Lu Bogo (PL), pela primeira procuradora adjunta Isabelly Carvalho (PT), e pela segunda procuradora adjunta Mariana Calsa (PL).<\/p><p><strong>Acervo<\/strong><\/p><p>O material hist\u00f3rico virtual foi levantado por servidores do N\u00facleo de Registro, Arquivo, Documentos e Biblioteca e do Memorial do Legislativo da C\u00e2mara Municipal de Limeira \u201cVereadora Elza Sophia Tank Moya\u201d. Dentre o conte\u00fado coletado, destacam-se dois textos que conclamam as mulheres a exercer a cidadania por meio do voto, um de 16 de novembro de 1932, escrito por Chiquinha Rodrigues, e outro de 14 de julho de 1937, de Carlota C. Uiilendorff. Tamb\u00e9m faz parte do acervo um artigo da ent\u00e3o deputada estadual Maria Thereza de Barros Camargo falando sobre as conquistas femininas no Brasil. Os recortes fazem parte do acervo hist\u00f3rico do jornal Gazeta de Limeira.<\/p><p><strong>Conquista do voto feminino<\/strong><\/p><p>O direito ao voto feminino no Brasil aconteceu em 24 de fevereiro de 1932, por meio do <a href=\"https:\/\/www2.camara.leg.br\/legin\/fed\/decret\/1930-1939\/decreto-21076-24-fevereiro-1932-507583-publicacaooriginal-1-pe.html\" rel=\"noopener\">Decreto N\u00ba 21.076\/1932<\/a>, que tamb\u00e9m criou a Justi\u00e7a Eleitoral e instituiu o voto secreto. Conforme dados da \u00a0<a href=\"https:\/\/www2.camara.leg.br\/a-camara\/estruturaadm\/secretarias\/secretaria-da-mulher\/24-de-fevereiro-dia-da-conquista-do-voto-feminino-no-brasil\" rel=\"noopener\">Secretaria da Mulher da C\u00e2mara dos Deputados<\/a>, as mulheres brasileiras puderam votar e ser votadas pela primeira vez s\u00f3 em 1933, quando houve elei\u00e7\u00e3o para a Assembleia Nacional Constituinte, de modo que apenas em 1934 essa conquista foi consolidada pela nova Constitui\u00e7\u00e3o da \u00e9poca.<\/p><p><a href=\"https:\/\/www12.senado.leg.br\/noticias\/materias\/2024\/02\/26\/direito-ao-voto-feminino-no-brasil-completa-92-anos\" rel=\"noopener\">Segundo o Senado Federal,<\/a> as mulheres enfrentavam desigualdades, pois dependiam da autoriza\u00e7\u00e3o do marido para trabalhar, receber heran\u00e7a ou at\u00e9 mesmo reivindicar um direito. A igualdade pol\u00edtica entre os sexos s\u00f3 foi oficializada em 1965, com a <a href=\"https:\/\/normas.leg.br\/?urn=urn:lex:br:federal:lei:1965-07-15;4737\" rel=\"noopener\">Lei N\u00ba 4.737\/1965<\/a>, que editou o C\u00f3digo Eleitoral e tornou o alistamento eleitoral obrigat\u00f3rio \u00e0s mulheres, como j\u00e1 era aos homens.<\/p><p><strong>Marcos hist\u00f3ricos em Limeira\u00a0<\/strong><\/p><p><strong>Maria Thereza de Barros Camargo<\/strong><\/p><p>Conforme a Assembleia Legislativa do Estado de S\u00e3o Paulo (Alesp), Maria Thereza foi a primeira prefeita mulher do estado, eleita em 1934, e uma das primeiras mulheres a ser nomeada deputada estadual, em 1935. A pol\u00edtica e empres\u00e1ria nasceu em Piracicaba (SP), mas a maior parte de suas atividades pol\u00edticas e sociais aconteceram na cidade de Limeira, na qual fundou, inclusive, a Associa\u00e7\u00e3o C\u00edvica Feminina do munic\u00edpio e a Escola Profissional Trajano Camargo.<\/p><p>Segundo o N\u00facleo de Arquivo da C\u00e2mara, em seu governo, Maria Thereza cal\u00e7ou as ruas do centro do munic\u00edpio com o pr\u00f3prio dinheiro, j\u00e1 que o Poder Executivo n\u00e3o tinha verba suficiente. Em reconhecimento \u00e0s a\u00e7\u00f5es realizadas em Limeira, foi nomeada para assumir o cargo de deputada estadual em S\u00e3o Paulo pelo Partido Constitucionalista em 1935.\u00a0<\/p><p>Durante o mandato, Maria Thereza participou da Assembleia Estadual Constituinte, que promulgou a Constitui\u00e7\u00e3o de S\u00e3o Paulo em 9 de julho de 1935.<\/p><p><strong>Yolanda Stocco<\/strong><\/p><p>Foi a primeira mulher a ser eleita vereadora em Limeira em 1964. Pioneira, atuou na <a href=\"https:\/\/www.limeira.sp.leg.br\/vereadores\/galeria\/34\" rel=\"noopener\">legislatura\u00a0 1964-1968<\/a>,\u00a0 composta por 27 homens. Yolanda foi professora prim\u00e1ria em diversas escolas na cidade, mais tarde assumiu o cargo de diretora da EEPG Prada, onde implantou o sistema de Merenda Escolar, e participou ativamente da imprensa local na Casa da Cultura.\u00a0<\/p><p>De acordo com o N\u00facleo de Arquivo da C\u00e2mara, a vereadora e professora conseguiu, por meio de negocia\u00e7\u00f5es com a Mercedes Benz, implantar o loteamento denominado Jardim Mercedes, nas \u00e1reas da Escola Senai e Jardim Zool\u00f3gico. Yolanda nasceu em 8 de janeiro de 1918 e faleceu em 13 de outubro de 1997.<\/p><p><strong>Elza Tank<\/strong><\/p><p>Elza Sophia Tank Moya nasceu no dia 1\u00b0 de junho de 1935 em Limeira (SP). Por influ\u00eancia do pai e av\u00f4, desde os nove anos de idade j\u00e1 participava ativamente das campanhas e reuni\u00f5es pol\u00edticas da cidade. Foi a primeira mulher a ocupar a presid\u00eancia do Legislativo limeirense em 1983, tornou-se recordista de mandatos na hist\u00f3ria da C\u00e2mara, sendo eleita vereadora por seis vezes e presidiu a Casa por cinco vezes.\u00a0<\/p><p>Segundo o acervo, como deputada estadual \u00e0 Alesp, Elza integrou o quadri\u00eanio 1995-1999. Como membro efetivo, realizou campanhas de preven\u00e7\u00e3o do c\u00e2ncer infantil e no homem em toda a regi\u00e3o de Limeira, al\u00e9m de ser pioneira na preven\u00e7\u00e3o do c\u00e2ncer da mulher na cidade e principalmente pela melhoria da sa\u00fade p\u00fablica. Como vereadora, juntamente com o Governo do Estado, implantou a Delegacia de Defesa da Mulher, bem como a do Idoso no munic\u00edpio.\u00a0<\/p>\t\t\t\t<\/div>\r\n<br>\r\n<br><a href=\"https:\/\/www.limeira.sp.leg.br\/noticias\/view\/2025-02-24_camara-comemora-dia-da-conquista-do-voto-feminino-com-entrega-de-diploma-e-acervo-virtual\" rel=\"noopener\">Informa\u00e7\u00f5es CMLSource link <\/a>","protected":false},"excerpt":{"rendered":"<p>A C\u00e2mara Municipal de Limeira, por meio da Procuradoria Especial da Mulher, comemora o Dia da Conquista do Voto Feminino, nesta segunda-feira, 24 de fevereiro. Dentre as a\u00e7\u00f5es planejadas est\u00e1 a entrega de um diploma de homenagem \u00e0s vereadoras e ex-vereadoras do Legislativo limeirense e o lan\u00e7amento de um acervo hist\u00f3rico virtual que traz artigos [&hellip;]<\/p>\n","protected":false},"author":1,"featured_media":24679,"comment_status":"open","ping_status":"open","sticky":false,"template":"","format":"standard","meta":{"_jetpack_newsletter_access":"","_jetpack_dont_email_post_to_subs":false,"_jetpack_newsletter_tier_id":0,"_jetpack_memberships_contains_paywalled_content":false,"_mbp_banners":[],"_jetpack_feature_clip_id":0,"_jetpack_memberships_contains_paid_content":false,"footnotes":"","jetpack_publicize_message":"","jetpack_publicize_feature_enabled":true,"jetpack_social_post_already_shared":true,"jetpack_social_options":{"image_generator_settings":{"template":"highway","default_image_id":0,"font":"","enabled":false},"version":2},"jetpack_post_was_ever_published":false},"categories":[19],"tags":[],"class_list":["post-24678","post","type-post","status-publish","format-standard","has-post-thumbnail","category-politica"],"jetpack_publicize_connections":[],"jetpack-related-posts":[],"jetpack_shortlink":"https:\/\/wp.me\/p7Eq1F-6q2","jetpack_sharing_enabled":true,"jetpack_featured_media_url":"https:\/\/i0.wp.com\/guialimeira.com.br\/news\/wp-content\/uploads\/2025\/02\/Camara-comemora-Dia-da-Conquista-do-Voto-Feminino-com-entrega.jpeg?fit=1280%2C640&ssl=1","_links":{"self":[{"href":"https:\/\/guialimeira.com.br\/news\/wp-json\/wp\/v2\/posts\/24678","targetHints":{"allow":["GET"]}}],"collection":[{"href":"https:\/\/guialimeira.com.br\/news\/wp-json\/wp\/v2\/posts"}],"about":[{"href":"https:\/\/guialimeira.com.br\/news\/wp-json\/wp\/v2\/types\/post"}],"author":[{"embeddable":true,"href":"https:\/\/guialimeira.com.br\/news\/wp-json\/wp\/v2\/users\/1"}],"replies":[{"embeddable":true,"href":"https:\/\/guialimeira.com.br\/news\/wp-json\/wp\/v2\/comments?post=24678"}],"version-history":[{"count":1,"href":"https:\/\/guialimeira.com.br\/news\/wp-json\/wp\/v2\/posts\/24678\/revisions"}],"predecessor-version":[{"id":24680,"href":"https:\/\/guialimeira.com.br\/news\/wp-json\/wp\/v2\/posts\/24678\/revisions\/24680"}],"wp:featuredmedia":[{"embeddable":true,"href":"https:\/\/guialimeira.com.br\/news\/wp-json\/wp\/v2\/media\/24679"}],"wp:attachment":[{"href":"https:\/\/guialimeira.com.br\/news\/wp-json\/wp\/v2\/media?parent=24678"}],"wp:term":[{"taxonomy":"category","embeddable":true,"href":"https:\/\/guialimeira.com.br\/news\/wp-json\/wp\/v2\/categories?post=24678"},{"taxonomy":"post_tag","embeddable":true,"href":"https:\/\/guialimeira.com.br\/news\/wp-json\/wp\/v2\/tags?post=24678"}],"curies":[{"name":"wp","href":"https:\/\/api.w.org\/{rel}","templated":true}]}}