{"id":24658,"date":"2025-02-24T15:54:48","date_gmt":"2025-02-24T18:54:48","guid":{"rendered":"https:\/\/guialimeira.com.br\/?p=24658"},"modified":"2025-02-24T16:23:04","modified_gmt":"2025-02-24T19:23:04","slug":"vereadores-questionam-distribuicao-de-medicamentos-nas-unidades-basicas-de-saude","status":"publish","type":"post","link":"https:\/\/guialimeira.com.br\/news\/vereadores-questionam-distribuicao-de-medicamentos-nas-unidades-basicas-de-saude\/","title":{"rendered":"Vereadores questionam distribui\u00e7\u00e3o de medicamentos nas Unidades B\u00e1sicas de Sa\u00fade"},"content":{"rendered":"\n<p class=\"wp-block-paragraph\">Os vereadores <strong>Jos\u00e9 Aparecido Maciel (Z\u00e9 da Farm\u00e1cia &#8211; Solidariedade)<\/strong> e <strong>Elias Ribeiro Barbosa (PRTB)<\/strong> protocolaram um requerimento solicitando informa\u00e7\u00f5es sobre a <strong>distribui\u00e7\u00e3o de medicamentos nas Unidades B\u00e1sicas de Sa\u00fade (UBS), Policl\u00ednica e Farm\u00e1cia Municipal<\/strong> do munic\u00edpio. O objetivo \u00e9 garantir maior transpar\u00eancia na gest\u00e3o dos insumos de sa\u00fade, assegurando que nenhum cidad\u00e3o fique desassistido devido \u00e0 falta de medicamentos essenciais.<\/p>\n\n\n\n<p class=\"wp-block-paragraph\">Os vereadores encaminharam ao <strong>Prefeito Municipal<\/strong> uma s\u00e9rie de questionamentos sobre o sistema de distribui\u00e7\u00e3o de medicamentos na rede de sa\u00fade p\u00fablica. Entre as perguntas destacam-se:<\/p>\n\n\n\n<ol start=\"1\" class=\"wp-block-list\">\n<li><strong>Qual a empresa respons\u00e1vel pela distribui\u00e7\u00e3o e redistribui\u00e7\u00e3o de medicamentos<\/strong> nas UBS, Policl\u00ednica e Farm\u00e1cia Municipal?<\/li>\n\n\n\n<li><strong>Existe um planejamento log\u00edstico eficiente<\/strong> para garantir que todas as unidades recebam os insumos de forma adequada e cont\u00ednua?<\/li>\n\n\n\n<li><strong>Como \u00e9 realizado o monitoramento dos estoques<\/strong> para identificar a falta de medicamentos? Qual modelo \u00e9 utilizado para esse controle?<\/li>\n\n\n\n<li><strong>Quais unidades enfrentaram desabastecimento<\/strong> nos \u00faltimos tr\u00eas meses? Quais medicamentos ficaram em falta e como foi feita a comunica\u00e7\u00e3o sobre o problema?<\/li>\n\n\n\n<li><strong>Que medidas est\u00e3o sendo adotadas<\/strong> para evitar novas interrup\u00e7\u00f5es no fornecimento de medicamentos \u00e0 popula\u00e7\u00e3o?<\/li>\n<\/ol>\n\n\n\n<p class=\"wp-block-paragraph\">A solicita\u00e7\u00e3o \u00e9 fundamentada na <strong>necessidade de garantir transpar\u00eancia na gest\u00e3o p\u00fablica e assegurar o acesso cont\u00ednuo a medicamentos essenciais<\/strong>. O fornecimento adequado desses insumos \u00e9 um dos pilares do <strong>Sistema \u00danico de Sa\u00fade (SUS)<\/strong>, sendo fundamental para a manuten\u00e7\u00e3o dos tratamentos m\u00e9dicos de milhares de pacientes, especialmente aqueles em situa\u00e7\u00e3o de vulnerabilidade.<\/p>\n\n\n\n<p class=\"wp-block-paragraph\">A <strong>falta de medicamentos pode comprometer tratamentos cr\u00edticos<\/strong>, impactando diretamente a qualidade de vida da popula\u00e7\u00e3o. Dessa forma, compreender a <strong>estrutura log\u00edstica de distribui\u00e7\u00e3o e os mecanismos de controle adotados<\/strong> \u00e9 essencial para evitar falhas e corrigir eventuais problemas antes que afetem os pacientes.<\/p>\n\n\n\n<p class=\"wp-block-paragraph\">O requerimento tamb\u00e9m destaca a necessidade de <strong>monitoramento sistem\u00e1tico<\/strong> para antecipar solu\u00e7\u00f5es e minimizar impactos negativos. A identifica\u00e7\u00e3o da empresa respons\u00e1vel pela distribui\u00e7\u00e3o \u00e9 crucial para garantir que o servi\u00e7o atenda aos padr\u00f5es exigidos pela legisla\u00e7\u00e3o e pelos contratos firmados com o Poder P\u00fablico.<\/p>\n\n\n\n<p class=\"wp-block-paragraph\">A efici\u00eancia na distribui\u00e7\u00e3o tamb\u00e9m evita <strong>desigualdades entre as UBSs<\/strong>, garantindo que todas as regi\u00f5es da cidade tenham acesso igualit\u00e1rio aos medicamentos necess\u00e1rios.<\/p>\n\n\n\n<p class=\"wp-block-paragraph\">Devido \u00e0 relev\u00e2ncia do tema e ao impacto direto na popula\u00e7\u00e3o, os vereadores solicitaram <strong>urg\u00eancia na resposta do Executivo<\/strong>. \u00c9 fundamental que a administra\u00e7\u00e3o municipal forne\u00e7a os esclarecimentos necess\u00e1rios para que a sociedade tenha conhecimento sobre a situa\u00e7\u00e3o e para que medidas eficazes sejam tomadas a fim de evitar desabastecimentos futuros.<\/p>\n\n\n\n<p class=\"wp-block-paragraph\"><strong>Acompanhe as atualiza\u00e7\u00f5es e fique por dentro das a\u00e7\u00f5es para garantir uma sa\u00fade p\u00fablica de qualidade<\/strong><\/p>\n","protected":false},"excerpt":{"rendered":"<p>Os vereadores Jos\u00e9 Aparecido Maciel (Z\u00e9 da Farm\u00e1cia &#8211; Solidariedade) e Elias Ribeiro Barbosa (PRTB) protocolaram um requerimento solicitando informa\u00e7\u00f5es sobre a distribui\u00e7\u00e3o de medicamentos nas Unidades B\u00e1sicas de Sa\u00fade (UBS), Policl\u00ednica e Farm\u00e1cia Municipal do munic\u00edpio. O objetivo \u00e9 garantir maior transpar\u00eancia na gest\u00e3o dos insumos de sa\u00fade, assegurando que nenhum cidad\u00e3o fique desassistido [&hellip;]<\/p>\n","protected":false},"author":1,"featured_media":2763,"comment_status":"open","ping_status":"open","sticky":false,"template":"","format":"standard","meta":{"_jetpack_newsletter_access":"","_jetpack_dont_email_post_to_subs":false,"_jetpack_newsletter_tier_id":0,"_jetpack_memberships_contains_paywalled_content":false,"_mbp_banners":[],"_jetpack_feature_clip_id":0,"_jetpack_memberships_contains_paid_content":false,"footnotes":"","jetpack_publicize_message":"","jetpack_publicize_feature_enabled":true,"jetpack_social_post_already_shared":true,"jetpack_social_options":{"image_generator_settings":{"template":"highway","default_image_id":0,"font":"","enabled":false},"version":2},"jetpack_post_was_ever_published":false},"categories":[19,15],"tags":[],"class_list":["post-24658","post","type-post","status-publish","format-standard","has-post-thumbnail","category-politica","category-saude"],"jetpack_publicize_connections":[],"jetpack-related-posts":[],"jetpack_shortlink":"https:\/\/wp.me\/p7Eq1F-6pI","jetpack_sharing_enabled":true,"jetpack_featured_media_url":"https:\/\/i0.wp.com\/guialimeira.com.br\/news\/wp-content\/uploads\/2024\/04\/remedios_agencia_brasil.jpg?fit=1600%2C800&ssl=1","_links":{"self":[{"href":"https:\/\/guialimeira.com.br\/news\/wp-json\/wp\/v2\/posts\/24658","targetHints":{"allow":["GET"]}}],"collection":[{"href":"https:\/\/guialimeira.com.br\/news\/wp-json\/wp\/v2\/posts"}],"about":[{"href":"https:\/\/guialimeira.com.br\/news\/wp-json\/wp\/v2\/types\/post"}],"author":[{"embeddable":true,"href":"https:\/\/guialimeira.com.br\/news\/wp-json\/wp\/v2\/users\/1"}],"replies":[{"embeddable":true,"href":"https:\/\/guialimeira.com.br\/news\/wp-json\/wp\/v2\/comments?post=24658"}],"version-history":[{"count":1,"href":"https:\/\/guialimeira.com.br\/news\/wp-json\/wp\/v2\/posts\/24658\/revisions"}],"predecessor-version":[{"id":24659,"href":"https:\/\/guialimeira.com.br\/news\/wp-json\/wp\/v2\/posts\/24658\/revisions\/24659"}],"wp:featuredmedia":[{"embeddable":true,"href":"https:\/\/guialimeira.com.br\/news\/wp-json\/wp\/v2\/media\/2763"}],"wp:attachment":[{"href":"https:\/\/guialimeira.com.br\/news\/wp-json\/wp\/v2\/media?parent=24658"}],"wp:term":[{"taxonomy":"category","embeddable":true,"href":"https:\/\/guialimeira.com.br\/news\/wp-json\/wp\/v2\/categories?post=24658"},{"taxonomy":"post_tag","embeddable":true,"href":"https:\/\/guialimeira.com.br\/news\/wp-json\/wp\/v2\/tags?post=24658"}],"curies":[{"name":"wp","href":"https:\/\/api.w.org\/{rel}","templated":true}]}}