{"id":24653,"date":"2025-02-24T15:36:56","date_gmt":"2025-02-24T18:36:56","guid":{"rendered":"https:\/\/guialimeira.com.br\/2025\/02\/24\/governo-de-sao-paulo-inicia-extincao-da-emtu\/"},"modified":"2025-02-24T15:36:56","modified_gmt":"2025-02-24T18:36:56","slug":"governo-de-sao-paulo-inicia-extincao-da-emtu","status":"publish","type":"post","link":"https:\/\/guialimeira.com.br\/news\/governo-de-sao-paulo-inicia-extincao-da-emtu\/","title":{"rendered":"Governo de S\u00e3o Paulo inicia extin\u00e7\u00e3o da EMTU"},"content":{"rendered":"<p> <br \/>\n<\/p>\n<div>\n<p>O governo paulista come\u00e7a agora a chamada desmobiliza\u00e7\u00e3o da Empresa Metropolitana de Transportes Urbanos de S\u00e3o Paulo (EMTU). A decis\u00e3o foi publicada nesta segunda-feira (24) no Di\u00e1rio Oficial do Estado.\u00a0<img data-recalc-dims=\"1\" decoding=\"async\" src=\"https:\/\/i0.wp.com\/agenciabrasil.ebc.com.br\/ebc.png?w=696&#038;ssl=1\" style=\"width:1px; height:1px; display:inline;\"\/><img data-recalc-dims=\"1\" decoding=\"async\" src=\"https:\/\/i0.wp.com\/agenciabrasil.ebc.com.br\/ebc.gif?w=696&#038;ssl=1\" style=\"width:1px; height:1px; display:inline;\"\/><\/p>\n<p>A EMTU \u00e9 respons\u00e1vel pelo gerenciamento dos transportes de baixa e m\u00e9dia capacidades, como \u00f4nibus e ve\u00edculos leves sobre trilhos (VLT).<\/p>\n<p>Conforme os termos do decreto, o prazo para apresenta\u00e7\u00e3o do plano de desmobiliza\u00e7\u00e3o ou extin\u00e7\u00e3o da empresa p\u00fablica, vinculada \u00e0 Secretaria de Transportes Metropolitanos, \u00e9 de sete dias. Com o fim da empresa, as tarefas ficar\u00e3o a cargo da Ag\u00eancia de Servi\u00e7os P\u00fablicos Delegados de Transporte do Estado de S\u00e3o Paulo (Artesp).<\/p>\n<h2>Acervo t\u00e9cnico<\/h2>\n<p>A nota da secretaria &#8211; publicada no site do governo estadual &#8211; aponta tamb\u00e9m que o plano de desmobiliza\u00e7\u00e3o prev\u00ea a destina\u00e7\u00e3o do acervo t\u00e9cnico, a gest\u00e3o dos contratos vigentes e a redistribui\u00e7\u00e3o das atividades de fiscaliza\u00e7\u00e3o, controle e regula\u00e7\u00e3o dos servi\u00e7os de transporte coletivo metropolitano.<\/p>\n<p>Ainda segundo o governo do estado, a desmobiliza\u00e7\u00e3o n\u00e3o vai alterar os servi\u00e7os prestados ou a rela\u00e7\u00e3o com as concession\u00e1rias.<\/p>\n<p>A extin\u00e7\u00e3o da EMTU foi decidida ainda na gest\u00e3o do ex-governador Jo\u00e3o D\u00f3ria (2018-2022). A aprova\u00e7\u00e3o pela Assembleia Legislativa de S\u00e3o Paulo (Alesp) foi em 2020. Na administra\u00e7\u00e3o atual, do governador Tarc\u00edsio de Freitas, a medida faz parte do chamado S\u00e3o Paulo na Dire\u00e7\u00e3o Certa, iniciativa que tem por meta o equil\u00edbrio fiscal e a moderniza\u00e7\u00e3o do estado.<\/p>\n<p>\u00a0<\/p>\n<p>\u00a0<\/p>\n<p>      <!-- Relacionada --><\/p>\n<p>            <!-- Relacionada -->\n    <\/div>\n<p><br \/>\n<br \/><a href=\"https:\/\/agenciabrasil.ebc.com.br\/economia\/noticia\/2025-02\/governo-de-sao-paulo-inicia-extincao-da-emtu\" rel=\"noopener\">Ag\u00eancia Brasil<\/a><\/p>\n","protected":false},"excerpt":{"rendered":"<p>O governo paulista come\u00e7a agora a chamada desmobiliza\u00e7\u00e3o da Empresa Metropolitana de Transportes Urbanos de S\u00e3o Paulo (EMTU). A decis\u00e3o foi publicada nesta segunda-feira (24) no Di\u00e1rio Oficial do Estado.\u00a0 A EMTU \u00e9 respons\u00e1vel pelo gerenciamento dos transportes de baixa e m\u00e9dia capacidades, como \u00f4nibus e ve\u00edculos leves sobre trilhos (VLT). Conforme os termos do [&hellip;]<\/p>\n","protected":false},"author":1,"featured_media":24654,"comment_status":"open","ping_status":"open","sticky":false,"template":"","format":"standard","meta":{"_jetpack_newsletter_access":"","_jetpack_dont_email_post_to_subs":false,"_jetpack_newsletter_tier_id":0,"_jetpack_memberships_contains_paywalled_content":false,"_mbp_banners":[],"_jetpack_feature_clip_id":0,"_jetpack_memberships_contains_paid_content":false,"footnotes":"","jetpack_publicize_message":"","jetpack_publicize_feature_enabled":true,"jetpack_social_post_already_shared":true,"jetpack_social_options":{"image_generator_settings":{"template":"highway","default_image_id":0,"font":"","enabled":false},"version":2},"jetpack_post_was_ever_published":false},"categories":[24],"tags":[],"class_list":["post-24653","post","type-post","status-publish","format-standard","has-post-thumbnail","category-economia"],"jetpack_publicize_connections":[],"jetpack-related-posts":[],"jetpack_shortlink":"https:\/\/wp.me\/p7Eq1F-6pD","jetpack_sharing_enabled":true,"jetpack_featured_media_url":"https:\/\/i0.wp.com\/guialimeira.com.br\/news\/wp-content\/uploads\/2025\/02\/governo_de_sp_autoriza_a_desmobilizacao_da_emtu.jpg?fit=1600%2C800&ssl=1","_links":{"self":[{"href":"https:\/\/guialimeira.com.br\/news\/wp-json\/wp\/v2\/posts\/24653","targetHints":{"allow":["GET"]}}],"collection":[{"href":"https:\/\/guialimeira.com.br\/news\/wp-json\/wp\/v2\/posts"}],"about":[{"href":"https:\/\/guialimeira.com.br\/news\/wp-json\/wp\/v2\/types\/post"}],"author":[{"embeddable":true,"href":"https:\/\/guialimeira.com.br\/news\/wp-json\/wp\/v2\/users\/1"}],"replies":[{"embeddable":true,"href":"https:\/\/guialimeira.com.br\/news\/wp-json\/wp\/v2\/comments?post=24653"}],"version-history":[{"count":0,"href":"https:\/\/guialimeira.com.br\/news\/wp-json\/wp\/v2\/posts\/24653\/revisions"}],"wp:featuredmedia":[{"embeddable":true,"href":"https:\/\/guialimeira.com.br\/news\/wp-json\/wp\/v2\/media\/24654"}],"wp:attachment":[{"href":"https:\/\/guialimeira.com.br\/news\/wp-json\/wp\/v2\/media?parent=24653"}],"wp:term":[{"taxonomy":"category","embeddable":true,"href":"https:\/\/guialimeira.com.br\/news\/wp-json\/wp\/v2\/categories?post=24653"},{"taxonomy":"post_tag","embeddable":true,"href":"https:\/\/guialimeira.com.br\/news\/wp-json\/wp\/v2\/tags?post=24653"}],"curies":[{"name":"wp","href":"https:\/\/api.w.org\/{rel}","templated":true}]}}