{"id":2463,"date":"2024-04-23T14:32:50","date_gmt":"2024-04-23T17:32:50","guid":{"rendered":"https:\/\/guialimeira.com.br\/2024\/04\/23\/prefeitura-oferece-curso-gratuito-de-programacao-python\/"},"modified":"2024-04-23T14:32:50","modified_gmt":"2024-04-23T17:32:50","slug":"prefeitura-oferece-curso-gratuito-de-programacao-python","status":"publish","type":"post","link":"https:\/\/guialimeira.com.br\/news\/prefeitura-oferece-curso-gratuito-de-programacao-python\/","title":{"rendered":"Prefeitura oferece curso gratuito de programa\u00e7\u00e3o Python"},"content":{"rendered":"<p> <br \/>\n<\/p>\n<div>\n            <main class=\"\">&#13;<br \/>\n                &#13;<br \/>\n&#13;<br \/>\n&#13;<br \/>\n&#13;<br \/>\n    <img data-recalc-dims=\"1\" decoding=\"async\" src=\"https:\/\/i0.wp.com\/ecrie.com.br\/sistema\/conteudos\/imagem\/m_137_0_1_23042024143103.jpg?w=696&#038;ssl=1\" alt=\"Prefeitura oferece curso gratuito de programa\u00e7\u00e3o Python\"\/>&#13;<br \/>\n&#13;<\/p>\n<p style=\"text-align: justify;\" align=\"justify\">A Prefeitura de Limeira, por meio da parceria entre Fundo Social, Ceprosom e Senai, abre nesta quinta-feira (25) inscri\u00e7\u00f5es para o curso de programa\u00e7\u00e3o \u201cFundamentos de Python I\u201d. Para matricular-se, \u00e9 necess\u00e1rio ter, no m\u00ednimo, 14 anos, ensino fundamental completo, no\u00e7\u00f5es b\u00e1sicas de inform\u00e1tica e apresentar originais e c\u00f3pias do RG, CPF, comprovante de endere\u00e7o e de escolaridade.<\/p>\n<p>&#13;<\/p>\n<p style=\"text-align: justify;\" align=\"justify\">Os interessados devem comparecer ao N\u00facleo de Inclus\u00e3o Socioprodutiva (Nisp), localizado no N\u00facleo de Atendimento ao Cidad\u00e3o (NAC), na Av. Dr. Lauro Corr\u00eaa da Silva, 3.800, entre 8h e 17h.<\/p>\n<p>&#13;<\/p>\n<p style=\"text-align: justify;\" align=\"justify\">Pessoas com idade entre 14 e 17 anos devem, obrigatoriamente, comparecer com o respons\u00e1vel, que tamb\u00e9m precisa apresentar original e c\u00f3pia do RG e CPF.<\/p>\n<p>&#13;<\/p>\n<p style=\"text-align: justify;\" align=\"justify\">As inscri\u00e7\u00f5es seguem at\u00e9 o preenchimento das 28 vagas dispon\u00edveis, que ser\u00e1 por ordem de chegada. Mais informa\u00e7\u00f5es podem ser obtidas pelos telefones 3404-6209, 3404-6210 e 3404-6225.<\/p>\n<p>&#13;<\/p>\n<p style=\"text-align: justify;\" align=\"justify\">ATIVIDADE<\/p>\n<p>&#13;<\/p>\n<p style=\"text-align: justify;\" align=\"justify\">O objetivo do curso \u00e9 desenvolver compet\u00eancias relativas \u00e0 programa\u00e7\u00e3o utilizando linguagem Python, bem como preparar o profissional para obter as certifica\u00e7\u00f5es PCEP\u2122 \u2014 Certified Entry-Level Python Programmer (Exame PCEP-30-0x).<\/p>\n<p>&#13;<\/p>\n<p style=\"text-align: justify;\" align=\"justify\">As aulas ser\u00e3o ministradas na sala de inform\u00e1tica do NAC, \u00e0s segundas-feiras, das 13h \u00e0s 17h, entre os dias 6 de maio a 24 de junho.<\/p>\n<p>&#13;<\/p>\n<p style=\"text-align: justify;\" align=\"justify\">SERVI\u00c7O<\/p>\n<p>&#13;<\/p>\n<p style=\"text-align: justify;\" align=\"justify\">Inscri\u00e7\u00f5es para o curso \u201cFundamentos de Python I\u201d<\/p>\n<p>&#13;<\/p>\n<p style=\"text-align: justify;\" align=\"justify\">25 de abril (quinta-feira)<\/p>\n<p>&#13;<\/p>\n<p style=\"text-align: justify;\" align=\"justify\">8h e 17h<\/p>\n<p>&#13;<\/p>\n<p style=\"text-align: justify;\" align=\"justify\">Nisp &#8211; Av. Dr. Lauro Corr\u00eaa da Silva, n\u00ba 3.800<\/p>\n<p>&#13;<br \/>\n&#13;<br \/>\n&#13;<br \/>\n&#13;<\/p>\n<aside class=\"list-related no-print\">&#13;<br \/>\n        &#13;<br \/>\n&#13;<\/p>\n<article class=\"list-item noticias \">&#13;<br \/>\n                    <a class=\"list-item__img\" href=\"https:\/\/limeira.sp.gov.br\/imprensa\/noticias\/ceprosom\/no-cras-ceu-erika-tank-confere-projeto-cidadania-itinerante\" tabindex=\"-1\" aria-hidden=\"true\" rel=\"noopener\">&#13;<br \/>\n                        <img data-recalc-dims=\"1\" decoding=\"async\" src=\"https:\/\/i0.wp.com\/ecrie.com.br\/sistema\/conteudos\/imagem\/m_137_0_1_19042024150503.jpg?w=696&#038;ssl=1\" alt=\"No Cras CEU, Erika Tank confere projeto Cidadania Itinerante\"\/>&#13;<br \/>\n                    <\/a>&#13;<br \/>\n&#13;<br \/>\n                &#13;<br \/>\n            <\/article>\n<p>&#13;<\/p>\n<article class=\"list-item noticias \">&#13;<br \/>\n                    <a class=\"list-item__img\" href=\"https:\/\/limeira.sp.gov.br\/imprensa\/noticias\/ceprosom\/projeto-cozinhalimento-realiza-oficinas-em-limeira\" tabindex=\"-1\" aria-hidden=\"true\" rel=\"noopener\">&#13;<br \/>\n                        <img data-recalc-dims=\"1\" decoding=\"async\" src=\"https:\/\/i0.wp.com\/ecrie.com.br\/sistema\/conteudos\/imagem\/m_137_0_1_19042024144326.jpg?w=696&#038;ssl=1\" alt=\"Projeto Cozinhalimento realiza oficinas em Limeira\"\/>&#13;<br \/>\n                    <\/a>&#13;<br \/>\n&#13;<br \/>\n                &#13;<br \/>\n            <\/article>\n<p>&#13;<\/p>\n<article class=\"list-item noticias \">&#13;<br \/>\n                    <a class=\"list-item__img\" href=\"https:\/\/limeira.sp.gov.br\/imprensa\/noticias\/ceprosom\/limeira-recebe-encontro-regional-de-assistencia-social-para-discutir-programacao-2024\" tabindex=\"-1\" aria-hidden=\"true\" rel=\"noopener\">&#13;<br \/>\n                        <img data-recalc-dims=\"1\" decoding=\"async\" src=\"https:\/\/i0.wp.com\/ecrie.com.br\/sistema\/conteudos\/imagem\/m_137_0_1_19042024135909.jpg?w=696&#038;ssl=1\" alt=\"Limeira recebe encontro regional de Assist\u00eancia Social para discutir programa\u00e7\u00e3o 2024\"\/>&#13;<br \/>\n                    <\/a>&#13;<br \/>\n&#13;<br \/>\n                &#13;<br \/>\n            <\/article>\n<p>&#13;<br \/>\n    <\/aside>\n<p>&#13;<br \/>\n&#13;<br \/>\n            <\/main><\/p><\/div>\n<p><br \/>\n<br \/><a href=\"https:\/\/limeira.sp.gov.br\/prefeitura-oferece-curso-gratuito-de-programacao-python\" rel=\"noopener\">Informa\u00e7\u00f5es da PML <\/a><\/p>\n","protected":false},"excerpt":{"rendered":"<p>&#13; &#13; &#13; &#13; &#13; &#13; &#13; A Prefeitura de Limeira, por meio da parceria entre Fundo Social, Ceprosom e Senai, abre nesta quinta-feira (25) inscri\u00e7\u00f5es para o curso de programa\u00e7\u00e3o \u201cFundamentos de Python I\u201d. Para matricular-se, \u00e9 necess\u00e1rio ter, no m\u00ednimo, 14 anos, ensino fundamental completo, no\u00e7\u00f5es b\u00e1sicas de inform\u00e1tica e apresentar originais e [&hellip;]<\/p>\n","protected":false},"author":1,"featured_media":2464,"comment_status":"open","ping_status":"open","sticky":false,"template":"","format":"standard","meta":{"_jetpack_newsletter_access":"","_jetpack_dont_email_post_to_subs":false,"_jetpack_newsletter_tier_id":0,"_jetpack_memberships_contains_paywalled_content":false,"_mbp_banners":[],"_jetpack_feature_clip_id":0,"_jetpack_memberships_contains_paid_content":false,"footnotes":"","jetpack_publicize_message":"","jetpack_publicize_feature_enabled":true,"jetpack_social_post_already_shared":true,"jetpack_social_options":{"image_generator_settings":{"template":"highway","default_image_id":0,"font":"","enabled":false},"version":2},"jetpack_post_was_ever_published":false},"categories":[16],"tags":[],"class_list":["post-2463","post","type-post","status-publish","format-standard","has-post-thumbnail","category-local"],"jetpack_publicize_connections":[],"jetpack-related-posts":[],"jetpack_shortlink":"https:\/\/wp.me\/p7Eq1F-DJ","jetpack_sharing_enabled":true,"jetpack_featured_media_url":"https:\/\/i0.wp.com\/guialimeira.com.br\/news\/wp-content\/uploads\/2024\/04\/m_137_0_1_23042024143103.jpg?fit=900%2C598&ssl=1","_links":{"self":[{"href":"https:\/\/guialimeira.com.br\/news\/wp-json\/wp\/v2\/posts\/2463","targetHints":{"allow":["GET"]}}],"collection":[{"href":"https:\/\/guialimeira.com.br\/news\/wp-json\/wp\/v2\/posts"}],"about":[{"href":"https:\/\/guialimeira.com.br\/news\/wp-json\/wp\/v2\/types\/post"}],"author":[{"embeddable":true,"href":"https:\/\/guialimeira.com.br\/news\/wp-json\/wp\/v2\/users\/1"}],"replies":[{"embeddable":true,"href":"https:\/\/guialimeira.com.br\/news\/wp-json\/wp\/v2\/comments?post=2463"}],"version-history":[{"count":0,"href":"https:\/\/guialimeira.com.br\/news\/wp-json\/wp\/v2\/posts\/2463\/revisions"}],"wp:featuredmedia":[{"embeddable":true,"href":"https:\/\/guialimeira.com.br\/news\/wp-json\/wp\/v2\/media\/2464"}],"wp:attachment":[{"href":"https:\/\/guialimeira.com.br\/news\/wp-json\/wp\/v2\/media?parent=2463"}],"wp:term":[{"taxonomy":"category","embeddable":true,"href":"https:\/\/guialimeira.com.br\/news\/wp-json\/wp\/v2\/categories?post=2463"},{"taxonomy":"post_tag","embeddable":true,"href":"https:\/\/guialimeira.com.br\/news\/wp-json\/wp\/v2\/tags?post=2463"}],"curies":[{"name":"wp","href":"https:\/\/api.w.org\/{rel}","templated":true}]}}