{"id":24627,"date":"2025-02-24T11:25:56","date_gmt":"2025-02-24T14:25:56","guid":{"rendered":"https:\/\/guialimeira.com.br\/2025\/02\/24\/brasil-condena-israel-por-remocao-de-40-mil-palestinos-na-cisjordania\/"},"modified":"2025-02-24T11:25:56","modified_gmt":"2025-02-24T14:25:56","slug":"brasil-condena-israel-por-remocao-de-40-mil-palestinos-na-cisjordania","status":"publish","type":"post","link":"https:\/\/guialimeira.com.br\/news\/brasil-condena-israel-por-remocao-de-40-mil-palestinos-na-cisjordania\/","title":{"rendered":"Brasil condena Israel por remo\u00e7\u00e3o de 40 mil palestinos na Cisjord\u00e2nia"},"content":{"rendered":"<p> <br \/>\n<\/p>\n<div>\n<p>O governo brasileiro expressou preocupa\u00e7\u00e3o e condenou o uso de tanques em opera\u00e7\u00f5es militares de Israel na Cisjord\u00e2nia que determinaram a remo\u00e7\u00e3o for\u00e7ada de 40 mil palestinos.<img data-recalc-dims=\"1\" decoding=\"async\" src=\"https:\/\/i0.wp.com\/agenciabrasil.ebc.com.br\/ebc.png?w=696&#038;ssl=1\" style=\"width:1px; height:1px; display:inline;\"\/><img data-recalc-dims=\"1\" decoding=\"async\" src=\"https:\/\/i0.wp.com\/agenciabrasil.ebc.com.br\/ebc.gif?w=696&#038;ssl=1\" style=\"width:1px; height:1px; display:inline;\"\/><\/p>\n<p><a href=\"https:\/\/agenciabrasil.ebc.com.br\/internacional\/noticia\/2025-02\/israel-expulsa-40-mil-na-cisjordania-em-maior-operacao-em-20-anos\" target=\"_blank\" rel=\"noopener\">Pela primeira vez em 20 anos<\/a>, o ex\u00e9rcito israelense usou tanques para desalojar palestinos nos territ\u00f3rios ocupados da Cisjord\u00e2nia.<\/p>\n<p>\u201cO governo brasileiro expressa forte preocupa\u00e7\u00e3o com a intensifica\u00e7\u00e3o, nas \u00faltimas semanas, de opera\u00e7\u00f5es militares israelenses nos campos de refugiados de Jenin, Tulkarm e Nur Al-Shams, no Norte da Cisjord\u00e2nia, e condena o recente emprego de tanques e a ocupa\u00e7\u00e3o militar\u201d, diz a nota do Minist\u00e9rio das Rela\u00e7\u00f5es Exteriores (MRE).<\/p>\n<p>Nesse domingo (23), Israel conduziu nova opera\u00e7\u00e3o militar na Cisjord\u00e2nia. \u201cNesse contexto, [o governo brasileiro] deplora a remo\u00e7\u00e3o for\u00e7ada de cerca de 40 mil moradores daqueles campos, em viola\u00e7\u00e3o ao direito internacional e ao direito internacional humanit\u00e1rio\u201d, completou o Itamaraty.<\/p>\n<p>O Brasil pediu ainda que a Ag\u00eancia das Na\u00e7\u00f5es Unidas para Refugiados Palestinos (UNRWA) possa manter suas atividades na regi\u00e3o e lembrou que a Corte Internacional de Justi\u00e7a (CIJ) da Organiza\u00e7\u00e3o das Na\u00e7\u00f5es Unidas (ONU) j\u00e1 considerou ilegal a presen\u00e7a israelense nos territ\u00f3rios palestinos.<\/p>\n<h2>Proibi\u00e7\u00e3o<\/h2>\n<p>O governo israelense informou que proibiu a UNRWA de atuar nesses locais, que acusa de \u201capoio ao terrorismo\u201d. As autoridades de Tel Aviv afirmam ainda que n\u00e3o permitir\u00e3o o retorno dos palestinos expulsos de suas casas. \u00a0<\/p>\n<p>\u201cN\u00e3o permitiremos o retorno dos moradores e n\u00e3o permitiremos que o terror retorne e flores\u00e7a\u201d, disse, nesse domingo, o ministro da Defesa, Israel Katz. O governo de Tel-Aviv alega que as a\u00e7\u00f5es s\u00e3o para combater o terrorismo.<\/p>\n<p>Em nota, o Minist\u00e9rio das Rela\u00e7\u00f5es Exteriores da Autoridade Palestina, que controla parte da Cisjord\u00e2nia, afirmou que Israel busca anexar os territ\u00f3rios palestinos.<\/p>\n<p>\u201cO Minist\u00e9rio v\u00ea esses acontecimentos &#8211; incluindo as declara\u00e7\u00f5es de Katz, o envio de tanques e a intimida\u00e7\u00e3o deliberada de civis indefesos &#8211; como uma grave escalada na Cisjord\u00e2nia e uma tentativa flagrante de consolidar o genoc\u00eddio e o deslocamento for\u00e7ado contra nosso povo desarmado\u201d, diz a representa\u00e7\u00e3o palestina da Cisjord\u00e2nia, que ainda pede que a comunidade internacional intervenha.<\/p>\n<p>A remo\u00e7\u00e3o for\u00e7ada de civis \u00e9 considerada crime, segundo o direito internacional, conforme define a Conven\u00e7\u00e3o de Genebra. Tamb\u00e9m \u00e9 considerada crime internacional a aquisi\u00e7\u00e3o de territ\u00f3rios por meio da guerra, conforme estabelece a Resolu\u00e7\u00e3o 242 do Conselho de Seguran\u00e7a das Na\u00e7\u00f5es Unidas (ONU).<\/p>\n<p>      <!-- Relacionada --><\/p>\n<p>            <!-- Relacionada -->\n    <\/div>\n<p><br \/>\n<br \/><a href=\"https:\/\/agenciabrasil.ebc.com.br\/internacional\/noticia\/2025-02\/brasil-condena-israel-por-remocao-de-40-mil-palestinos-na-cisjordania\" rel=\"noopener\">Ag\u00eancia Brasil <\/a><\/p>\n","protected":false},"excerpt":{"rendered":"<p>O governo brasileiro expressou preocupa\u00e7\u00e3o e condenou o uso de tanques em opera\u00e7\u00f5es militares de Israel na Cisjord\u00e2nia que determinaram a remo\u00e7\u00e3o for\u00e7ada de 40 mil palestinos. Pela primeira vez em 20 anos, o ex\u00e9rcito israelense usou tanques para desalojar palestinos nos territ\u00f3rios ocupados da Cisjord\u00e2nia. \u201cO governo brasileiro expressa forte preocupa\u00e7\u00e3o com a intensifica\u00e7\u00e3o, [&hellip;]<\/p>\n","protected":false},"author":1,"featured_media":24597,"comment_status":"open","ping_status":"open","sticky":false,"template":"","format":"standard","meta":{"_jetpack_newsletter_access":"","_jetpack_dont_email_post_to_subs":false,"_jetpack_newsletter_tier_id":0,"_jetpack_memberships_contains_paywalled_content":false,"_mbp_banners":[],"_jetpack_feature_clip_id":0,"_jetpack_memberships_contains_paid_content":false,"footnotes":"","jetpack_publicize_message":"","jetpack_publicize_feature_enabled":true,"jetpack_social_post_already_shared":true,"jetpack_social_options":{"image_generator_settings":{"template":"highway","default_image_id":0,"font":"","enabled":false},"version":2},"jetpack_post_was_ever_published":false},"categories":[25],"tags":[],"class_list":["post-24627","post","type-post","status-publish","format-standard","has-post-thumbnail","category-internacional"],"jetpack_publicize_connections":[],"jetpack-related-posts":[],"jetpack_shortlink":"https:\/\/wp.me\/p7Eq1F-6pd","jetpack_sharing_enabled":true,"jetpack_featured_media_url":"https:\/\/i0.wp.com\/guialimeira.com.br\/news\/wp-content\/uploads\/2025\/02\/2025-01-19t121024z_1194156796_rc2zcca7pcqt_rtrmadp_3_israel-palestinians-gaza-ceasefire-egypt_0.jpg?fit=1600%2C800&ssl=1","_links":{"self":[{"href":"https:\/\/guialimeira.com.br\/news\/wp-json\/wp\/v2\/posts\/24627","targetHints":{"allow":["GET"]}}],"collection":[{"href":"https:\/\/guialimeira.com.br\/news\/wp-json\/wp\/v2\/posts"}],"about":[{"href":"https:\/\/guialimeira.com.br\/news\/wp-json\/wp\/v2\/types\/post"}],"author":[{"embeddable":true,"href":"https:\/\/guialimeira.com.br\/news\/wp-json\/wp\/v2\/users\/1"}],"replies":[{"embeddable":true,"href":"https:\/\/guialimeira.com.br\/news\/wp-json\/wp\/v2\/comments?post=24627"}],"version-history":[{"count":0,"href":"https:\/\/guialimeira.com.br\/news\/wp-json\/wp\/v2\/posts\/24627\/revisions"}],"wp:featuredmedia":[{"embeddable":true,"href":"https:\/\/guialimeira.com.br\/news\/wp-json\/wp\/v2\/media\/24597"}],"wp:attachment":[{"href":"https:\/\/guialimeira.com.br\/news\/wp-json\/wp\/v2\/media?parent=24627"}],"wp:term":[{"taxonomy":"category","embeddable":true,"href":"https:\/\/guialimeira.com.br\/news\/wp-json\/wp\/v2\/categories?post=24627"},{"taxonomy":"post_tag","embeddable":true,"href":"https:\/\/guialimeira.com.br\/news\/wp-json\/wp\/v2\/tags?post=24627"}],"curies":[{"name":"wp","href":"https:\/\/api.w.org\/{rel}","templated":true}]}}