{"id":24622,"date":"2025-02-24T10:42:56","date_gmt":"2025-02-24T13:42:56","guid":{"rendered":"https:\/\/guialimeira.com.br\/?p=24622"},"modified":"2025-02-24T10:42:56","modified_gmt":"2025-02-24T13:42:56","slug":"lu-bogo-pede-climatizacao-nas-salas-de-aula-da-rede-estadual","status":"publish","type":"post","link":"https:\/\/guialimeira.com.br\/news\/lu-bogo-pede-climatizacao-nas-salas-de-aula-da-rede-estadual\/","title":{"rendered":"Lu Bogo pede climatiza\u00e7\u00e3o nas salas de aula da rede estadual"},"content":{"rendered":"\n<figure class=\"wp-block-gallery has-nested-images columns-default is-cropped wp-block-gallery-1 is-layout-flex wp-block-gallery-is-layout-flex\"><\/figure>\n \r\n<br><img data-recalc-dims=\"1\" decoding=\"async\" src=\"https:\/\/i0.wp.com\/guialimeira.com.br\/wp-content\/uploads\/2025\/02\/2025-02-24_lu-bogo-pede-climatizacao-nas-salas-de-aula-da-rede-estadual_3.jpg?w=696&#038;ssl=1\" \/><br><div>\n\t\t\t\t\t<p>A vereadora Lu Bogo (PL) protocolou nesta sexta-feira, 21 de fevereiro, a <a href=\"https:\/\/consulta.limeira.sp.leg.br\/Documentos\/Documento\/367283\" rel=\"noopener\">Mo\u00e7\u00e3o de Apelo N\u00ba 28\/2025<\/a> ao governador Tarc\u00edsio de Freitas e ao secret\u00e1rio de Estado da Educa\u00e7\u00e3o, Renato Feder, para climatizar as salas de aula das escolas estaduais de Limeira. A motiva\u00e7\u00e3o desta mo\u00e7\u00e3o de apelo, de acordo com a parlamentar, foi devido \u00e0 onda de calor de fevereiro.<\/p><p>\u201cAs temperaturas est\u00e3o muito elevadas. Em algumas escolas estaduais os alunos contam com ventilador, mas n\u00e3o \u00e9 o suficiente para proporcionar conforto para que professores e alunos permane\u00e7am em sala de aula. As altas temperaturas est\u00e3o deixando os alunos inquietos, al\u00e9m da desidrata\u00e7\u00e3o, risco de desmaio, mal s\u00fabito\u201d, explicou Lu Bogo.<\/p><p>Em Limeira, de acordo com dados do site da Diretoria de Ensino, h\u00e1 30 escolas estaduais que atendem 45,6 mil estudantes. \u201cCom esta mo\u00e7\u00e3o, estamos pedindo que Limeira entre na lista da Secretaria da Educa\u00e7\u00e3o do Estado (SEDUC), seja inclu\u00edda no processo de climatiza\u00e7\u00e3o, que j\u00e1 est\u00e1 com 595 escolas em todo Estado atendidas. Estamos colocando Limeira no radar deste projeto\u201d, comentou Lu Bogo.<\/p><p>\u201cCom esta climatiza\u00e7\u00e3o vamos oferecer aos estudantes e profissionais que atuam na rede Estadual mais qualidade e conforto no ambiente escolar\u201d, destacou a vereadora.<\/p><p>A Mo\u00e7\u00e3o de Apelo foi protocolada nesta sexta-feira. A mesma ser\u00e1 encaminhada para o governador e ao secret\u00e1rio de Estado da Educa\u00e7\u00e3o, com c\u00f3pia para a Diretoria de Ensino de Limeira e para o prefeito de Limeira ap\u00f3s leitura, discuss\u00e3o e vota\u00e7\u00e3o em Plen\u00e1rio.<\/p><p><i>Do Gabinete Parlamentar &#8211; Lu Bogo (PL)<\/i><\/p><p><strong>As mat\u00e9rias de origem dos Gabinetes Parlamentares s\u00e3o de inteira\u00a0 responsabilidade dos parlamentares e de\u00a0 suas assessorias. S\u00e3o devidamente assinadas e n\u00e3o refletem, necessariamente, a opini\u00e3o institucional da C\u00e2mara Municipal de Limeira.<\/strong><\/p>\t\t\t\t<\/div>\r\n<br>\r\n<br><a href=\"https:\/\/www.limeira.sp.leg.br\/noticias\/view\/2025-02-24_lu-bogo-pede-climatizacao-nas-salas-de-aula-da-rede-estadual\" rel=\"noopener\">Informa\u00e7\u00f5es CMLSource link <\/a>","protected":false},"excerpt":{"rendered":"<p>A vereadora Lu Bogo (PL) protocolou nesta sexta-feira, 21 de fevereiro, a Mo\u00e7\u00e3o de Apelo N\u00ba 28\/2025 ao governador Tarc\u00edsio de Freitas e ao secret\u00e1rio de Estado da Educa\u00e7\u00e3o, Renato Feder, para climatizar as salas de aula das escolas estaduais de Limeira. A motiva\u00e7\u00e3o desta mo\u00e7\u00e3o de apelo, de acordo com a parlamentar, foi devido [&hellip;]<\/p>\n","protected":false},"author":1,"featured_media":24623,"comment_status":"open","ping_status":"open","sticky":false,"template":"","format":"standard","meta":{"_jetpack_newsletter_access":"","_jetpack_dont_email_post_to_subs":false,"_jetpack_newsletter_tier_id":0,"_jetpack_memberships_contains_paywalled_content":false,"_mbp_banners":[],"_jetpack_feature_clip_id":0,"_jetpack_memberships_contains_paid_content":false,"footnotes":"","jetpack_publicize_message":"","jetpack_publicize_feature_enabled":true,"jetpack_social_post_already_shared":true,"jetpack_social_options":{"image_generator_settings":{"template":"highway","default_image_id":0,"font":"","enabled":false},"version":2},"jetpack_post_was_ever_published":false},"categories":[19],"tags":[],"class_list":["post-24622","post","type-post","status-publish","format-standard","has-post-thumbnail","category-politica"],"jetpack_publicize_connections":[],"jetpack-related-posts":[],"jetpack_shortlink":"https:\/\/wp.me\/p7Eq1F-6p8","jetpack_sharing_enabled":true,"jetpack_featured_media_url":"https:\/\/i0.wp.com\/guialimeira.com.br\/news\/wp-content\/uploads\/2025\/02\/Lu-Bogo-pede-climatizacao-nas-salas-de-aula-da-rede.jpg?fit=1280%2C640&ssl=1","_links":{"self":[{"href":"https:\/\/guialimeira.com.br\/news\/wp-json\/wp\/v2\/posts\/24622","targetHints":{"allow":["GET"]}}],"collection":[{"href":"https:\/\/guialimeira.com.br\/news\/wp-json\/wp\/v2\/posts"}],"about":[{"href":"https:\/\/guialimeira.com.br\/news\/wp-json\/wp\/v2\/types\/post"}],"author":[{"embeddable":true,"href":"https:\/\/guialimeira.com.br\/news\/wp-json\/wp\/v2\/users\/1"}],"replies":[{"embeddable":true,"href":"https:\/\/guialimeira.com.br\/news\/wp-json\/wp\/v2\/comments?post=24622"}],"version-history":[{"count":1,"href":"https:\/\/guialimeira.com.br\/news\/wp-json\/wp\/v2\/posts\/24622\/revisions"}],"predecessor-version":[{"id":24624,"href":"https:\/\/guialimeira.com.br\/news\/wp-json\/wp\/v2\/posts\/24622\/revisions\/24624"}],"wp:featuredmedia":[{"embeddable":true,"href":"https:\/\/guialimeira.com.br\/news\/wp-json\/wp\/v2\/media\/24623"}],"wp:attachment":[{"href":"https:\/\/guialimeira.com.br\/news\/wp-json\/wp\/v2\/media?parent=24622"}],"wp:term":[{"taxonomy":"category","embeddable":true,"href":"https:\/\/guialimeira.com.br\/news\/wp-json\/wp\/v2\/categories?post=24622"},{"taxonomy":"post_tag","embeddable":true,"href":"https:\/\/guialimeira.com.br\/news\/wp-json\/wp\/v2\/tags?post=24622"}],"curies":[{"name":"wp","href":"https:\/\/api.w.org\/{rel}","templated":true}]}}