{"id":24617,"date":"2025-02-24T10:25:08","date_gmt":"2025-02-24T13:25:08","guid":{"rendered":"https:\/\/guialimeira.com.br\/2025\/02\/24\/devemos-alcancar-a-paz-pela-forca-diz-zelenskyy-no-3o-ano-em-guerra\/"},"modified":"2025-02-24T10:25:08","modified_gmt":"2025-02-24T13:25:08","slug":"devemos-alcancar-a-paz-pela-forca-diz-zelenskyy-no-3o-ano-em-guerra","status":"publish","type":"post","link":"https:\/\/guialimeira.com.br\/news\/devemos-alcancar-a-paz-pela-forca-diz-zelenskyy-no-3o-ano-em-guerra\/","title":{"rendered":"\u201cDevemos alcan\u00e7ar a paz pela for\u00e7a\u201d, diz Zelenskyy no 3\u00ba ano em guerra"},"content":{"rendered":"<p> <br \/>\n<\/p>\n<div>\n<p>No evento que marcou o terceiro ano da invas\u00e3o russa da Ucr\u00e2nia, o presidente Volodymyr Zelenskyy afirmou, nesta ter\u00e7a-feira (24), que a paz deve ser alcan\u00e7ada pelo meio da for\u00e7a e com a participa\u00e7\u00e3o da Ucr\u00e2nia e dos pa\u00edses europeus na mesa de negocia\u00e7\u00e3o.<img data-recalc-dims=\"1\" decoding=\"async\" src=\"https:\/\/i0.wp.com\/agenciabrasil.ebc.com.br\/ebc.png?w=696&#038;ssl=1\" style=\"width:1px; height:1px; display:inline;\"\/><img data-recalc-dims=\"1\" decoding=\"async\" src=\"https:\/\/i0.wp.com\/agenciabrasil.ebc.com.br\/ebc.gif?w=696&#038;ssl=1\" style=\"width:1px; height:1px; display:inline;\"\/><\/p>\n<p>\u201cPutin n\u00e3o nos dar\u00e1 essa paz, ele n\u00e3o a dar\u00e1 em troca de algo. Devemos alcan\u00e7ar a paz por meio da for\u00e7a, sabedoria e unidade \u2013 por meio da nossa coopera\u00e7\u00e3o com voc\u00eas\u201d, afirmou o presidente ucraniano em reuni\u00e3o com lideran\u00e7as europeias, como o presidente espanhol, Pedro S\u00e1nchez, al\u00e9m do primeiro-ministro canadense, Justin Trudeau.<\/p>\n<p>A defesa de Zelesnsky de que a Ucr\u00e2nia e a Europa participem das negocia\u00e7\u00f5es sobre a guerra ocorre ap\u00f3s o presidente Donaldo Trump, dos Estados Unidos (EUA), ter aberto uma negocia\u00e7\u00e3o direta com o presidente russo, Vladimir Putin, sem a participa\u00e7\u00e3o dos europeus.<\/p>\n<p>\u201cA guerra continua contra a Ucr\u00e2nia e, portanto, a Ucr\u00e2nia deve estar na mesa de negocia\u00e7\u00f5es. Junto com a Europa. O alvo estrat\u00e9gico da R\u00fassia \u00e9 a Europa, o modo de vida europeu e, portanto, a seguran\u00e7a e o destino da Europa n\u00e3o podem ser determinados sem a Europa. Ucr\u00e2nia, Europa, juntamente com a Am\u00e9rica \u2013 devemos estar na mesa de negocia\u00e7\u00f5es em frente \u00e0 R\u00fassia\u201d, afirmou o presidente ucraniano.<\/p>\n<p>Questionado por jornalistas, no domingo (23), se deixaria o cargo em troca da paz, Zelesnsky respondeu que apenas renunciaria em troca da entrada do pa\u00eds na Otan [Organiza\u00e7\u00e3o do Tratado do Atl\u00e2ntico Norte], informou a Reuters. A inten\u00e7\u00e3o da Ucr\u00e2nia entrar na Otan foi uma das justificativas de Moscou para invadir o pa\u00eds.<\/p>\n<p>No discurso desta ter\u00e7a-feira, o presidente ucraniano voltou a defender a entrada na organiza\u00e7\u00e3o militar de defesa. \u201c[A Ucr\u00e2nia merece] garantias de seguran\u00e7a fornecidas pela Otan. E se a ades\u00e3o da Ucr\u00e2nia e do nosso povo \u00e0 OTAN continuar fechada, voc\u00ea e eu n\u00e3o teremos outra escolha a n\u00e3o ser construir a Otan\u00a0na Ucr\u00e2nia, isto \u00e9, fornecer tal financiamento, tais contingentes e tal produ\u00e7\u00e3o de defesa que signifique paz garantida\u201d, afirmou, acrescentando que a Ucr\u00e2nia j\u00e1 possui 28 acordos bilaterais de seguran\u00e7a com parceiros.<\/p>\n<h2>Reviravolta<\/h2>\n<p>Ao completar tr\u00eas anos, nesta segunda-feira (24), a Guerra na Ucr\u00e2nia vive importante <a href=\"https:\/\/agenciabrasil.ebc.com.br\/internacional\/noticia\/2025-02\/reforma-do-capitalismo-nos-eua-causa-reviravolta-em-guerra-da-ucrania\" target=\"_blank\" rel=\"noopener\">reviravolta marcada pela nova posi\u00e7\u00e3o dos EUA sobre o conflito<\/a>, com a exclus\u00e3o da Europa das negocia\u00e7\u00f5es de paz, o isolamento do governo da Ucr\u00e2nia e o atendimento \u00e0s exig\u00eancias de Moscou.<\/p>\n<p>Para o especialista em Europa e ex-senador pela It\u00e1lia em 2006, o ativista \u00edtalo-brasileiro Jos\u00e9 Lu\u00eds Del Roio, a mudan\u00e7a na posi\u00e7\u00e3o dos EUA \u00e9 motivada pela reestrutura\u00e7\u00e3o do capitalismo no interior do pa\u00eds norte-americano, sendo essa uma resposta \u00e0 perda de espa\u00e7o e competitividade da economia estadunidense para, principalmente, \u00e0 \u00c1sia, com destaque para a China.<\/p>\n<p>Desde o final da 2\u00aa Guerra Mundial, a Europa &#8211; ent\u00e3o aliado de primeira ordem dos EUA &#8211; recebe recursos do Tesouro estadunidense por meio da Otan [Organiza\u00e7\u00e3o do Tratado do Atl\u00e2ntico Norte]. Agora, Washington diz que a Europa deve pagar sua pr\u00f3pria seguran\u00e7a.<\/p>\n<p>Del Roio avalia que Trump tenta uma alternativa \u00e0 situa\u00e7\u00e3o atual da economia dos EUA. \u201cSe a alternativa \u00e9 boa ou ruim, para os EUA e para o mundo, vamos ver. O que est\u00e1 em jogo \u00e9 a reestrutura\u00e7\u00e3o do capitalismo norte-americano a partir do seu interior. Esse terremoto interno nos EUA atinge profundamente a Europa. Agora, ela est\u00e1 \u00f3rf\u00e3\u201d, acrescentou.<\/p>\n<p>      <!-- Relacionada --><\/p>\n<p>            <!-- Relacionada -->\n    <\/div>\n<p><br \/>\n<br \/><a href=\"https:\/\/agenciabrasil.ebc.com.br\/internacional\/noticia\/2025-02\/devemos-alcancar-paz-pela-forca-diz-zelenskyy-no-3o-ano-em-guerra\" rel=\"noopener\">Ag\u00eancia Brasil <\/a><\/p>\n","protected":false},"excerpt":{"rendered":"<p>No evento que marcou o terceiro ano da invas\u00e3o russa da Ucr\u00e2nia, o presidente Volodymyr Zelenskyy afirmou, nesta ter\u00e7a-feira (24), que a paz deve ser alcan\u00e7ada pelo meio da for\u00e7a e com a participa\u00e7\u00e3o da Ucr\u00e2nia e dos pa\u00edses europeus na mesa de negocia\u00e7\u00e3o. \u201cPutin n\u00e3o nos dar\u00e1 essa paz, ele n\u00e3o a dar\u00e1 em [&hellip;]<\/p>\n","protected":false},"author":1,"featured_media":24618,"comment_status":"open","ping_status":"open","sticky":false,"template":"","format":"standard","meta":{"_jetpack_newsletter_access":"","_jetpack_dont_email_post_to_subs":false,"_jetpack_newsletter_tier_id":0,"_jetpack_memberships_contains_paywalled_content":false,"_mbp_banners":[],"_jetpack_feature_clip_id":0,"_jetpack_memberships_contains_paid_content":false,"footnotes":"","jetpack_publicize_message":"","jetpack_publicize_feature_enabled":true,"jetpack_social_post_already_shared":true,"jetpack_social_options":{"image_generator_settings":{"template":"highway","default_image_id":0,"font":"","enabled":false},"version":2},"jetpack_post_was_ever_published":false},"categories":[25],"tags":[],"class_list":["post-24617","post","type-post","status-publish","format-standard","has-post-thumbnail","category-internacional"],"jetpack_publicize_connections":[],"jetpack-related-posts":[],"jetpack_shortlink":"https:\/\/wp.me\/p7Eq1F-6p3","jetpack_sharing_enabled":true,"jetpack_featured_media_url":"https:\/\/i0.wp.com\/guialimeira.com.br\/news\/wp-content\/uploads\/2025\/02\/2022-02-14t152111z_833532916_mt1tassp50916871_rtrmadp_3_tass-pic.jpg?fit=1600%2C800&ssl=1","_links":{"self":[{"href":"https:\/\/guialimeira.com.br\/news\/wp-json\/wp\/v2\/posts\/24617","targetHints":{"allow":["GET"]}}],"collection":[{"href":"https:\/\/guialimeira.com.br\/news\/wp-json\/wp\/v2\/posts"}],"about":[{"href":"https:\/\/guialimeira.com.br\/news\/wp-json\/wp\/v2\/types\/post"}],"author":[{"embeddable":true,"href":"https:\/\/guialimeira.com.br\/news\/wp-json\/wp\/v2\/users\/1"}],"replies":[{"embeddable":true,"href":"https:\/\/guialimeira.com.br\/news\/wp-json\/wp\/v2\/comments?post=24617"}],"version-history":[{"count":0,"href":"https:\/\/guialimeira.com.br\/news\/wp-json\/wp\/v2\/posts\/24617\/revisions"}],"wp:featuredmedia":[{"embeddable":true,"href":"https:\/\/guialimeira.com.br\/news\/wp-json\/wp\/v2\/media\/24618"}],"wp:attachment":[{"href":"https:\/\/guialimeira.com.br\/news\/wp-json\/wp\/v2\/media?parent=24617"}],"wp:term":[{"taxonomy":"category","embeddable":true,"href":"https:\/\/guialimeira.com.br\/news\/wp-json\/wp\/v2\/categories?post=24617"},{"taxonomy":"post_tag","embeddable":true,"href":"https:\/\/guialimeira.com.br\/news\/wp-json\/wp\/v2\/tags?post=24617"}],"curies":[{"name":"wp","href":"https:\/\/api.w.org\/{rel}","templated":true}]}}