{"id":24594,"date":"2025-02-23T16:41:08","date_gmt":"2025-02-23T19:41:08","guid":{"rendered":"https:\/\/guialimeira.com.br\/?p=24594"},"modified":"2025-02-23T16:42:22","modified_gmt":"2025-02-23T19:42:22","slug":"papa-francisco-condicoes-permanecem-criticas-mas-sem-novas-crises-respiratorias","status":"publish","type":"post","link":"https:\/\/guialimeira.com.br\/news\/papa-francisco-condicoes-permanecem-criticas-mas-sem-novas-crises-respiratorias\/","title":{"rendered":"Papa Francisco: condi\u00e7\u00f5es permanecem cr\u00edticas, mas sem novas crises respirat\u00f3rias"},"content":{"rendered":"\n<p class=\"wp-block-paragraph\">Francisco est\u00e1 vigilante, o oxig\u00eanio continua sendo administrado, melhoram os valores sangu\u00edneos gra\u00e7as \u00e0s transfus\u00f5es, presente uma insufici\u00eancia renal inicial leve, que est\u00e1 sob controle. Hoje participou da Missa.<\/p>\n\n\n\n<p class=\"wp-block-paragraph\"><strong>Vatican News<\/strong><\/p>\n\n\n\n<p class=\"wp-block-paragraph\">A condi\u00e7\u00e3o do Santo Padre continua cr\u00edtica; entretanto, desde a noite passada n\u00e3o houve crise respirat\u00f3ria.<\/p>\n\n\n\n<p class=\"wp-block-paragraph\">Ele foi submetido a duas unidades de hematologia concentrada por transfus\u00e3o, com benef\u00edcios e um retorno do valor da hemoglobina.<\/p>\n\n\n\n<p class=\"wp-block-paragraph\">Sua plaquetopenia permaneceu est\u00e1vel; no entanto, alguns exames de sangue mostram insufici\u00eancia renal inicial leve, que est\u00e1 sob controle.<\/p>\n\n\n\n<p class=\"wp-block-paragraph\">A terapia com oxig\u00eanio de alto fluxo por meio de c\u00e2nulas nasais continua.<\/p>\n\n\n\n<p class=\"wp-block-paragraph\">O Santo Padre continua vigilante e bem orientado.<\/p>\n\n\n\n<p class=\"wp-block-paragraph\">A complexidade do quadro cl\u00ednico e a espera necess\u00e1ria para que as terapias farmacol\u00f3gicas deem algum retorno fazem com que o progn\u00f3stico permane\u00e7a reservado.<\/p>\n\n\n\n<p class=\"wp-block-paragraph\">Durante a manh\u00e3, no apartamento instalado no 10\u00ba andar, ele participou da Santa Missa na companhia de quem cuida dele durante esses dias de hospitaliza\u00e7\u00e3o.<\/p>\n","protected":false},"excerpt":{"rendered":"<p>Francisco est\u00e1 vigilante, o oxig\u00eanio continua sendo administrado, melhoram os valores sangu\u00edneos gra\u00e7as \u00e0s transfus\u00f5es, presente uma insufici\u00eancia renal inicial leve, que est\u00e1 sob controle. Hoje participou da Missa. Vatican News A condi\u00e7\u00e3o do Santo Padre continua cr\u00edtica; entretanto, desde a noite passada n\u00e3o houve crise respirat\u00f3ria. Ele foi submetido a duas unidades de hematologia [&hellip;]<\/p>\n","protected":false},"author":1,"featured_media":4701,"comment_status":"open","ping_status":"open","sticky":false,"template":"","format":"standard","meta":{"_jetpack_newsletter_access":"","_jetpack_dont_email_post_to_subs":false,"_jetpack_newsletter_tier_id":0,"_jetpack_memberships_contains_paywalled_content":false,"_mbp_banners":[],"_jetpack_feature_clip_id":0,"_jetpack_memberships_contains_paid_content":false,"footnotes":"","jetpack_publicize_message":"","jetpack_publicize_feature_enabled":true,"jetpack_social_post_already_shared":true,"jetpack_social_options":{"image_generator_settings":{"template":"highway","default_image_id":0,"font":"","enabled":false},"version":2},"jetpack_post_was_ever_published":false},"categories":[25],"tags":[],"class_list":["post-24594","post","type-post","status-publish","format-standard","has-post-thumbnail","category-internacional"],"jetpack_publicize_connections":[],"jetpack-related-posts":[],"jetpack_shortlink":"https:\/\/wp.me\/p7Eq1F-6oG","jetpack_sharing_enabled":true,"jetpack_featured_media_url":"https:\/\/i0.wp.com\/guialimeira.com.br\/news\/wp-content\/uploads\/2024\/05\/2024-05-05t122343z_1_lynxmpek4403i_rtroptp_4_geral-papa-rs-oracoes.jpg?fit=1600%2C800&ssl=1","_links":{"self":[{"href":"https:\/\/guialimeira.com.br\/news\/wp-json\/wp\/v2\/posts\/24594","targetHints":{"allow":["GET"]}}],"collection":[{"href":"https:\/\/guialimeira.com.br\/news\/wp-json\/wp\/v2\/posts"}],"about":[{"href":"https:\/\/guialimeira.com.br\/news\/wp-json\/wp\/v2\/types\/post"}],"author":[{"embeddable":true,"href":"https:\/\/guialimeira.com.br\/news\/wp-json\/wp\/v2\/users\/1"}],"replies":[{"embeddable":true,"href":"https:\/\/guialimeira.com.br\/news\/wp-json\/wp\/v2\/comments?post=24594"}],"version-history":[{"count":1,"href":"https:\/\/guialimeira.com.br\/news\/wp-json\/wp\/v2\/posts\/24594\/revisions"}],"predecessor-version":[{"id":24595,"href":"https:\/\/guialimeira.com.br\/news\/wp-json\/wp\/v2\/posts\/24594\/revisions\/24595"}],"wp:featuredmedia":[{"embeddable":true,"href":"https:\/\/guialimeira.com.br\/news\/wp-json\/wp\/v2\/media\/4701"}],"wp:attachment":[{"href":"https:\/\/guialimeira.com.br\/news\/wp-json\/wp\/v2\/media?parent=24594"}],"wp:term":[{"taxonomy":"category","embeddable":true,"href":"https:\/\/guialimeira.com.br\/news\/wp-json\/wp\/v2\/categories?post=24594"},{"taxonomy":"post_tag","embeddable":true,"href":"https:\/\/guialimeira.com.br\/news\/wp-json\/wp\/v2\/tags?post=24594"}],"curies":[{"name":"wp","href":"https:\/\/api.w.org\/{rel}","templated":true}]}}