{"id":24587,"date":"2025-02-23T15:41:55","date_gmt":"2025-02-23T18:41:55","guid":{"rendered":"https:\/\/guialimeira.com.br\/?p=24587"},"modified":"2025-02-23T15:41:55","modified_gmt":"2025-02-23T18:41:55","slug":"brasil-e-portugal-assinam-19-acordos-bilaterais","status":"publish","type":"post","link":"https:\/\/guialimeira.com.br\/news\/brasil-e-portugal-assinam-19-acordos-bilaterais\/","title":{"rendered":"Brasil e Portugal assinam 19 acordos bilaterais"},"content":{"rendered":"\n<figure class=\"wp-block-gallery has-nested-images columns-default is-cropped wp-block-gallery-1 is-layout-flex wp-block-gallery-is-layout-flex\">\n<figure class=\"wp-block-image size-large\"><\/figure>\n\t\t\t\t\t\n<figure class=\"wp-block-image size-large\"><img loading=\"lazy\" decoding=\"async\" width=\"1\" height=\"1\" data-attachment-id=\"24586\" data-permalink=\"https:\/\/guialimeira.com.br\/news\/brasil-e-portugal-assinam-19-acordos-bilaterais-2\/\" data-orig-file=\"https:\/\/i0.wp.com\/guialimeira.com.br\/news\/wp-content\/uploads\/2025\/02\/1740336111_244_ebc.gif?fit=1%2C1&amp;ssl=1\" data-orig-size=\"1,1\" data-comments-opened=\"1\" data-image-meta=\"{&quot;aperture&quot;:&quot;0&quot;,&quot;credit&quot;:&quot;&quot;,&quot;camera&quot;:&quot;&quot;,&quot;caption&quot;:&quot;&quot;,&quot;created_timestamp&quot;:&quot;0&quot;,&quot;copyright&quot;:&quot;&quot;,&quot;focal_length&quot;:&quot;0&quot;,&quot;iso&quot;:&quot;0&quot;,&quot;shutter_speed&quot;:&quot;0&quot;,&quot;title&quot;:&quot;&quot;,&quot;orientation&quot;:&quot;0&quot;}\" data-image-title=\"Brasil e Portugal assinam 19 acordos bilaterais\" data-image-description=\"\" data-image-caption=\"\" data-large-file=\"https:\/\/i0.wp.com\/guialimeira.com.br\/news\/wp-content\/uploads\/2025\/02\/1740336111_244_ebc.gif?fit=1%2C1&amp;ssl=1\" data-id=\"24586\" src=\"https:\/\/i0.wp.com\/guialimeira.com.br\/wp-content\/uploads\/2025\/02\/1740336111_244_ebc.gif?resize=1%2C1&amp;ssl=1\" alt=\"\" class=\"wp-image-24586\" \/><\/figure>\n\t\t\t\t\t<\/figure>\n \r\n<br><div>\n                    <p>Brasil e Portugal assinaram, nesta quarta-feira (19), 19 acordos bilaterais em \u00e1reas como sa\u00fade, seguran\u00e7a p\u00fablica, turismo e ci\u00eancia e tecnologia. Os atos ocorreram ap\u00f3s a 14\u00aa Cimeira Brasil-Portugal, presidida pelo presidente Luiz In\u00e1cio Lula da Silva e o primeiro-ministro de Portugal, Lu\u00eds Montenegro, no Pal\u00e1cio do Planalto, em Bras\u00edlia.<img data-recalc-dims=\"1\" decoding=\"async\" src=\"https:\/\/i0.wp.com\/guialimeira.com.br\/wp-content\/uploads\/2025\/02\/1740336111_528_ebc.png?w=696&#038;ssl=1\" style=\"width:1px;height:1px\" \/><img data-recalc-dims=\"1\" decoding=\"async\" src=\"https:\/\/i0.wp.com\/guialimeira.com.br\/wp-content\/uploads\/2025\/02\/1740336111_244_ebc.gif?w=696&#038;ssl=1\" style=\"width:1px;height:1px\" \/><\/p>\n\n<p>\u201cO interc\u00e2mbio com Portugal est\u00e1 adquirindo um perfil diversificado, com integra\u00e7\u00e3o de cadeias produtivas relevantes e que favorecem a exporta\u00e7\u00e3o de produtos brasileiros de maior valor agregado. A expectativa \u00e9 que essa rela\u00e7\u00e3o se aprofunde ainda mais quando o <a href=\"https:\/\/agenciabrasil.ebc.com.br\/economia\/noticia\/2024-12\/acordo-mercosul-ue-os-destaques-das-negociacoes-2023-2024\" target=\"_blank\" rel=\"noopener\">Acordo Mercosul-Uni\u00e3o Europeia<\/a> entrar em vigor\u201d, disse Lula, em declara\u00e7\u00e3o \u00e0 imprensa, sobre o acordo comercial negociado por mais de 20 anos e finalizado no ano passado.<\/p>\n\n<p>\u201cQuando o protecionismo comercial ganha for\u00e7a no mundo, demonstramos o potencial da integra\u00e7\u00e3o. N\u00e3o h\u00e1 d\u00favidas de que o Acordo trar\u00e1 benef\u00edcios para os dois blocos. Ele significar\u00e1 acesso a bens e servi\u00e7os mais baratos, aumento dos investimentos e coopera\u00e7\u00e3o renovada para proteger o meio ambiente, sem preju\u00edzo da pol\u00edtica de neoindustrializa\u00e7\u00e3o brasileira\u201d, destacou o presidente.<\/p>\n\n<p>Antes da c\u00fapula, Lula recebeu o chefe do governo portugu\u00eas para um encontro privado e, na sequ\u00eancia, se juntaram \u00e0s delega\u00e7\u00f5es dos dois pa\u00edses. O encontro de alto n\u00edvel tem o objetivo de discutir e fortalecer a coopera\u00e7\u00e3o bilateral em diversas \u00e1reas, como defesa, seguran\u00e7a, justi\u00e7a, ci\u00eancia, meio ambiente, com\u00e9rcio, sa\u00fade e cultura. A edi\u00e7\u00e3o anterior foi realizada em Lisboa, capital portuguesa, em 2023, durante visita de Lula ao pa\u00eds europeu. Na ocasi\u00e3o, <a href=\"https:\/\/agenciabrasil.ebc.com.br\/politica\/noticia\/2023-04\/brasil-assinara-13-acordos-com-portugal-e-quatro-com-espanha\" target=\"_blank\" rel=\"noopener\">13 acordos bilaterais foram assinados<\/a>.<\/p>\n\n<p>Em 2025, s\u00e3o celebrados os 200 anos do estabelecimento de rela\u00e7\u00f5es diplom\u00e1ticas entre Brasil e Portugal. Atualmente, mais de 500 mil brasileiros residem em Portugal, e cerca de 150 mil portugueses vivem no Brasil. \u00c9 a segunda maior comunidade brasileira no exterior, atr\u00e1s apenas dos Estados Unidos.<\/p>\n\n<p>Diante dessa rela\u00e7\u00e3o hist\u00f3rica, Lula afirmou que \u201cn\u00e3o h\u00e1 espa\u00e7o para racismo e xenofobia\u201d entre as comunidades brasileiras e portuguesas.<\/p>\n\n<p>\u201cNesses 200 anos, muitos portugueses vieram estabelecer-se e criar ra\u00edzes em nosso pa\u00eds, assim como muitos brasileiros mudaram-se para Portugal e ali constitu\u00edram la\u00e7os. Afirmei ao primeiro-ministro Montenegro que precisamos desconstruir a narrativa mentirosa que associa a migra\u00e7\u00e3o brasileira ao aumento da criminalidade em Portugal\u201d, disse Lula.<\/p>\n\n<h2>Atos bilaterais<\/h2>\n\n<p>Os atos assinados hoje na presen\u00e7a de Lula e Montenegro s\u00e3o:<\/p>\n\n<p>&#8211; Justi\u00e7a: acordo de coopera\u00e7\u00e3o sobre investiga\u00e7\u00e3o e combate ao crime organizado transnacional e ao terrorismo.<\/p>\n\n<p>&#8211; Seguran\u00e7a institucional: revis\u00e3o do acordo para sobre prote\u00e7\u00e3o de informa\u00e7\u00e3o classificada.<\/p>\n\n<p>&#8211; Porto e Aeroportos: fomento \u00e0 coopera\u00e7\u00e3o nas \u00e1reas de portos, desenvolvimento da infraestrutura e opera\u00e7\u00e3o de terminais.<\/p>\n\n<p>&#8211; Sa\u00fade e desenvolvimento social: coopera\u00e7\u00e3o e troca de experi\u00eancias para promo\u00e7\u00e3o da alimenta\u00e7\u00e3o saud\u00e1vel e da preven\u00e7\u00e3o da obesidade.<\/p>\n\n<p>&#8211; Meio Ambiente: coopera\u00e7\u00e3o nas \u00e1reas de clima e gest\u00e3o dos ecossistemas.<\/p>\n\n<p>&#8211; Cultura: colabora\u00e7\u00e3o entre o Instituto Brasileiro de Museus (Ibram) e o instituto Museus e Monumentos de Portugal.<\/p>\n\n<p>&#8211; Turismo: plano de a\u00e7\u00e3o para desenvolvimento do turismo no per\u00edodo de 2025-2027.<\/p>\n\n<p>&#8211; Agricultura: coopera\u00e7\u00e3o para simplificar procedimentos sobre o dom\u00ednio do vinho e outros produtos vitivin\u00edcolas.<\/p>\n\n<p>&#8211; Tecnologia: coopera\u00e7\u00e3o e interc\u00e2mbio de boas pr\u00e1ticas sobre di\u00e1logo digital.<\/p>\n\n<p>\u201cLan\u00e7amos um Di\u00e1logo Digital para aprofundar o debate sobre intelig\u00eancia artificial e outras tecnologias emergentes. Avan\u00e7ar na luta contra o extremismo e suas novas faces, que t\u00eam proliferado sobretudo no mundo digital, \u00e9 uma urg\u00eancia compartilhada. Portugal e Brasil trabalham com vis\u00f5es semelhantes sobre a regula\u00e7\u00e3o das grandes empresas de tecnologia e o combate \u00e0 desinforma\u00e7\u00e3o\u201d, disse Lula durante a declara\u00e7\u00e3o \u00e0 imprensa.<\/p>\n\n<p>Outros 10 atos foram assinados durante a c\u00fapula envolvendo diversos minist\u00e9rios, ag\u00eancias e institui\u00e7\u00f5es brasileiras e portuguesas.<\/p>\n\n<p>Tamb\u00e9m foi confirmada a compra de 12 avi\u00f5es Super Tucanos pela For\u00e7a A\u00e9rea Portuguesa e a parceria entre a OGMA Ind\u00fastria Aeron\u00e1utica de Portugal e a Embraer para adapta\u00e7\u00e3o das aeronaves a padr\u00f5es da Organiza\u00e7\u00e3o do Tratado do Atl\u00e2ntico Norte (Otan). O Brasil ainda anunciou a instala\u00e7\u00e3o de escrit\u00f3rio da ApexBrasil, ag\u00eancia de promo\u00e7\u00e3o brasileira, em Lisboa.<\/p>\n\n<p>Ap\u00f3s a coletiva de imprensa, os l\u00edderes e as comitivas foram para o Pal\u00e1cio Itamaraty, onde Lula ofereceu almo\u00e7o em homenagem ao primeiro-ministro Lu\u00eds Montenegro.<\/p>\n\n<h2>Diplomacia<\/h2>\n\n<p>Nesta ter\u00e7a-feira (18), Lula tamb\u00e9m recebeu o presidente de Portugal, Marcelo Rebelo de Sousa, que \u00e9 o chefe de Estado do pa\u00eds europeu, uma fun\u00e7\u00e3o mais diplom\u00e1tica. No Brasil, o presidente da Rep\u00fablica exerce os dois cargos: chefe de Estado e de governo.<\/p>\n\n<p>\u00c0 noite, os dois participam da entrega do <a href=\"https:\/\/agenciabrasil.ebc.com.br\/educacao\/noticia\/2024-06\/poetisa-mineira-adelia-prado-e-vencedora-do-premio-camoes-2024\" target=\"_blank\" rel=\"noopener\">Pr\u00eamio Cam\u00f5es de Literatura a Ad\u00e9lia Prado<\/a>, no Pal\u00e1cio do Itamaraty, o principal pr\u00eamio da literatura em l\u00edngua portuguesa. Mineira de Divin\u00f3polis, Ad\u00e9lia tem 88 anos e \u00e9 considerada a maior poetisa brasileira viva. Ela n\u00e3o compareceu \u00e0 cerim\u00f4nia cerim\u00f4nia por quest\u00f5es de sa\u00fade e foi representada por seu filho Eug\u00eanio Prado.<\/p>\n\n<p>\u00a0<\/p>\n\n      <!-- Relacionada -->\n              \n            <!-- Relacionada -->\n    <\/div>\r\n<br>\r\n<br><a href=\"https:\/\/agenciabrasil.ebc.com.br\/politica\/noticia\/2025-02\/brasil-e-portugal-assinam-19-acordos-bilaterais\" rel=\"noopener\">Ag\u00eancia Brasil<\/a>","protected":false},"excerpt":{"rendered":"<p>Brasil e Portugal assinaram, nesta quarta-feira (19), 19 acordos bilaterais em \u00e1reas como sa\u00fade, seguran\u00e7a p\u00fablica, turismo e ci\u00eancia e tecnologia. Os atos ocorreram ap\u00f3s a 14\u00aa Cimeira Brasil-Portugal, presidida pelo presidente Luiz In\u00e1cio Lula da Silva e o primeiro-ministro de Portugal, Lu\u00eds Montenegro, no Pal\u00e1cio do Planalto, em Bras\u00edlia. \u201cO interc\u00e2mbio com Portugal est\u00e1 [&hellip;]<\/p>\n","protected":false},"author":1,"featured_media":24588,"comment_status":"open","ping_status":"open","sticky":false,"template":"","format":"standard","meta":{"_jetpack_newsletter_access":"","_jetpack_dont_email_post_to_subs":false,"_jetpack_newsletter_tier_id":0,"_jetpack_memberships_contains_paywalled_content":false,"_mbp_banners":[],"_jetpack_feature_clip_id":0,"_jetpack_memberships_contains_paid_content":false,"footnotes":"","jetpack_publicize_message":"","jetpack_publicize_feature_enabled":true,"jetpack_social_post_already_shared":true,"jetpack_social_options":{"image_generator_settings":{"template":"highway","default_image_id":0,"font":"","enabled":false},"version":2},"jetpack_post_was_ever_published":false},"categories":[19],"tags":[],"class_list":["post-24587","post","type-post","status-publish","format-standard","has-post-thumbnail","category-politica"],"jetpack_publicize_connections":[],"jetpack-related-posts":[],"jetpack_shortlink":"https:\/\/wp.me\/p7Eq1F-6oz","jetpack_sharing_enabled":true,"jetpack_featured_media_url":"https:\/\/i0.wp.com\/guialimeira.com.br\/news\/wp-content\/uploads\/2025\/02\/Brasil-e-Portugal-assinam-19-acordos-bilaterais.jpg?fit=1600%2C800&ssl=1","_links":{"self":[{"href":"https:\/\/guialimeira.com.br\/news\/wp-json\/wp\/v2\/posts\/24587","targetHints":{"allow":["GET"]}}],"collection":[{"href":"https:\/\/guialimeira.com.br\/news\/wp-json\/wp\/v2\/posts"}],"about":[{"href":"https:\/\/guialimeira.com.br\/news\/wp-json\/wp\/v2\/types\/post"}],"author":[{"embeddable":true,"href":"https:\/\/guialimeira.com.br\/news\/wp-json\/wp\/v2\/users\/1"}],"replies":[{"embeddable":true,"href":"https:\/\/guialimeira.com.br\/news\/wp-json\/wp\/v2\/comments?post=24587"}],"version-history":[{"count":1,"href":"https:\/\/guialimeira.com.br\/news\/wp-json\/wp\/v2\/posts\/24587\/revisions"}],"predecessor-version":[{"id":24589,"href":"https:\/\/guialimeira.com.br\/news\/wp-json\/wp\/v2\/posts\/24587\/revisions\/24589"}],"wp:featuredmedia":[{"embeddable":true,"href":"https:\/\/guialimeira.com.br\/news\/wp-json\/wp\/v2\/media\/24588"}],"wp:attachment":[{"href":"https:\/\/guialimeira.com.br\/news\/wp-json\/wp\/v2\/media?parent=24587"}],"wp:term":[{"taxonomy":"category","embeddable":true,"href":"https:\/\/guialimeira.com.br\/news\/wp-json\/wp\/v2\/categories?post=24587"},{"taxonomy":"post_tag","embeddable":true,"href":"https:\/\/guialimeira.com.br\/news\/wp-json\/wp\/v2\/tags?post=24587"}],"curies":[{"name":"wp","href":"https:\/\/api.w.org\/{rel}","templated":true}]}}