{"id":24566,"date":"2025-02-23T10:58:53","date_gmt":"2025-02-23T13:58:53","guid":{"rendered":"https:\/\/guialimeira.com.br\/2025\/02\/23\/entenda-a-relacao-entre-a-infeccao-por-vsr-e-a-bronquiolite\/"},"modified":"2025-02-23T10:58:53","modified_gmt":"2025-02-23T13:58:53","slug":"entenda-a-relacao-entre-a-infeccao-por-vsr-e-a-bronquiolite","status":"publish","type":"post","link":"https:\/\/guialimeira.com.br\/news\/entenda-a-relacao-entre-a-infeccao-por-vsr-e-a-bronquiolite\/","title":{"rendered":"Entenda a rela\u00e7\u00e3o entre a infec\u00e7\u00e3o por VSR e a bronquiolite"},"content":{"rendered":"<p> <br \/>\n<\/p>\n<div>\n<p>O Minist\u00e9rio da Sa\u00fade anunciou esta semana que <a href=\"https:\/\/agenciabrasil.ebc.com.br\/saude\/noticia\/2025-02\/sus-incorpora-vacina-contra-virus-sincicial-respiratorio\" target=\"_blank\" rel=\"noopener\">vai incorporar ao Sistema \u00danico de Sa\u00fade (SUS) uma vacina recombinante contra o v\u00edrus sincicial respirat\u00f3rio (VSR)<\/a>, uma das principais causas de infec\u00e7\u00f5es respirat\u00f3rias graves em beb\u00eas, incluindo os temidos quadros de bronquiolite.<img data-recalc-dims=\"1\" decoding=\"async\" src=\"https:\/\/i0.wp.com\/agenciabrasil.ebc.com.br\/ebc.png?w=696&#038;ssl=1\" style=\"width:1px; height:1px; display:inline;\"\/><img data-recalc-dims=\"1\" decoding=\"async\" src=\"https:\/\/i0.wp.com\/agenciabrasil.ebc.com.br\/ebc.gif?w=696&#038;ssl=1\" style=\"width:1px; height:1px; display:inline;\"\/><\/p>\n<p>Trata-se da vacina Abrysvo, produzida pela farmac\u00eautica Pfizer. Segundo o minist\u00e9rio, a dose ser\u00e1 aplicada em gestantes visando proteger o beb\u00ea ao longo dos primeiros meses de vida. A portaria oficializando a incorpora\u00e7\u00e3o e detalhando o esquema vacinal deve ser publicada nos pr\u00f3ximos dias.<\/p>\n<h2>VSR e bronquiolite<\/h2>\n<p>De acordo com a Sociedade Brasileira de Imuniza\u00e7\u00f5es (SBIm), o VSR figura como um dos principais v\u00edrus associados \u00e0 bronquiolite, quadro caracterizado pela inflama\u00e7\u00e3o dos bronqu\u00edolos &#8211; pequenas e finas ramifica\u00e7\u00f5es dos br\u00f4nquios que transportam o oxig\u00eanio at\u00e9 o tecido pulmonar.<\/p>\n<p>Segundo a SBIm, o v\u00edrus circula com maior intensidade no inverno e no in\u00edcio da primavera, per\u00edodos em que pode causar epidemias. No Brasil, a sazonalidade do VSR varia conforme as diferentes regi\u00f5es do pa\u00eds. Surtos em outras esta\u00e7\u00f5es do ano, entretanto, n\u00e3o s\u00e3o incomuns, sobretudo em pa\u00edses de clima tropical.<\/p>\n<p>\u201cQuase todas as crian\u00e7as s\u00e3o infectadas com VSR pelo menos uma vez at\u00e9 os dois anos de idade. Recorr\u00eancias em outros momentos da vida s\u00e3o comuns, uma vez que a infec\u00e7\u00e3o n\u00e3o proporciona imunidade completa, mas, em geral, s\u00e3o menos graves\u201d, destaca a SBIm.<\/p>\n<p>Nos Estados Unidos, por exemplo, o VSR \u00e9 respons\u00e1vel por mais de 50 mil hospitaliza\u00e7\u00f5es entre menores de cinco anos. J\u00e1 no Brasil, dados da Secretaria de Aten\u00e7\u00e3o Prim\u00e1ria \u00e0 Sa\u00fade indicam que o v\u00edrus \u00e9 respons\u00e1vel por cerca de 80% dos casos de bronquiolite e at\u00e9 60% dos quadros de pneumonia em crian\u00e7as menores de 2 anos.<\/p>\n<p>De acordo com a SBIm, algumas condi\u00e7\u00f5es cr\u00f4nicas aumentam o risco de infec\u00e7\u00e3o grave por VSR: doen\u00e7a pulmonar obstrutiva cr\u00f4nica (DPOC) e a asma; doen\u00e7as cardiovasculares, como insufici\u00eancia card\u00edaca congestiva e doen\u00e7a arterial coronariana; imunocomprometimento moderado ou grave; diabetes <em>mellitus<\/em>; dist\u00farbios renais e hep\u00e1ticos; e dist\u00farbios hematol\u00f3gicos.<\/p>\n<h2>Sintomas<\/h2>\n<p>A maioria das crian\u00e7as infectadas pelo VSR apresenta sintomas leves, geralmente semelhantes aos de um resfriado comum. Em menores de dois anos, entretanto, a infec\u00e7\u00e3o pode evoluir para sintomas mais graves e associados \u00e0 bronquiolite.<\/p>\n<p>Inicialmente, h\u00e1 coriza, tosse leve e, em alguns casos, febre. Em um a dois dias, pode haver piora da tosse, dificuldade para respirar, aumento da frequ\u00eancia respirat\u00f3ria &#8211; com chiado a cada expira\u00e7\u00e3o &#8211; e dificuldade para mamar e deglutir. Como sinal da menor oxigena\u00e7\u00e3o, pode haver azulamento de dedos e l\u00e1bios.<\/p>\n<h2>Diagn\u00f3stico e tratamento<\/h2>\n<p>O diagn\u00f3stico, de acordo com a SBIm, \u00e9 cl\u00ednico, mas a identifica\u00e7\u00e3o e a confirma\u00e7\u00e3o de infec\u00e7\u00e3o por VSR s\u00e3o feitas somente por meio de exames laboratoriais, incluindo testes r\u00e1pidos e ensaios moleculares, como PCR-RT, que detectam o ant\u00edgeno viral.<\/p>\n<p>\u201cN\u00e3o h\u00e1 tratamento espec\u00edfico para o VSR. Diante de um quadro grave, \u00e9 imprescind\u00edvel a hospitaliza\u00e7\u00e3o para oxigenoterapia e outras medidas de suporte. Pode ser necess\u00e1rio o uso de respiradores mec\u00e2nicos, em ambiente de UTI [unidade de terapia intensiva], destacou a entidade.<\/p>\n<p>\u201cA maioria dos pacientes inicia a recupera\u00e7\u00e3o em cerca de sete dias e se restabelece totalmente. Entretanto, crian\u00e7as podem desenvolver altera\u00e7\u00f5es respirat\u00f3rias cr\u00f4nicas e tornam-se mais propensas \u00e0 asma no futuro\u201d, completou a SBIm.<\/p>\n<h2>Transmiss\u00e3o<\/h2>\n<p>O VSR \u00e9 transmitido pelas secre\u00e7\u00f5es do nariz ou da boca da pessoa infectada, por contato direto ou por got\u00edculas. A transmiss\u00e3o come\u00e7a dois dias antes de aparecerem os sintomas e s\u00f3 termina quando a infec\u00e7\u00e3o est\u00e1 completamente controlada. O per\u00edodo de maior cont\u00e1gio \u00e9 nos primeiros dias da infec\u00e7\u00e3o.<\/p>\n<p>      <!-- Relacionada --><\/p>\n<p>            <!-- Relacionada -->\n    <\/div>\n<p><br \/>\n<br \/><a href=\"https:\/\/agenciabrasil.ebc.com.br\/saude\/noticia\/2025-02\/entenda-relacao-entre-infeccao-por-vsr-e-bronquiolite\" rel=\"noopener\">Ag\u00eancia Brasil <\/a><\/p>\n","protected":false},"excerpt":{"rendered":"<p>O Minist\u00e9rio da Sa\u00fade anunciou esta semana que vai incorporar ao Sistema \u00danico de Sa\u00fade (SUS) uma vacina recombinante contra o v\u00edrus sincicial respirat\u00f3rio (VSR), uma das principais causas de infec\u00e7\u00f5es respirat\u00f3rias graves em beb\u00eas, incluindo os temidos quadros de bronquiolite. Trata-se da vacina Abrysvo, produzida pela farmac\u00eautica Pfizer. Segundo o minist\u00e9rio, a dose ser\u00e1 [&hellip;]<\/p>\n","protected":false},"author":1,"featured_media":2248,"comment_status":"open","ping_status":"open","sticky":false,"template":"","format":"standard","meta":{"_jetpack_newsletter_access":"","_jetpack_dont_email_post_to_subs":false,"_jetpack_newsletter_tier_id":0,"_jetpack_memberships_contains_paywalled_content":false,"_mbp_banners":[],"_jetpack_feature_clip_id":0,"_jetpack_memberships_contains_paid_content":false,"footnotes":"","jetpack_publicize_message":"","jetpack_publicize_feature_enabled":true,"jetpack_social_post_already_shared":true,"jetpack_social_options":{"image_generator_settings":{"template":"highway","default_image_id":0,"font":"","enabled":false},"version":2},"jetpack_post_was_ever_published":false},"categories":[15],"tags":[],"class_list":["post-24566","post","type-post","status-publish","format-standard","has-post-thumbnail","category-saude"],"jetpack_publicize_connections":[],"jetpack-related-posts":[],"jetpack_shortlink":"https:\/\/wp.me\/p7Eq1F-6oe","jetpack_sharing_enabled":true,"jetpack_featured_media_url":"https:\/\/i0.wp.com\/guialimeira.com.br\/news\/wp-content\/uploads\/2024\/04\/dsc8057.jpg?fit=1600%2C800&ssl=1","_links":{"self":[{"href":"https:\/\/guialimeira.com.br\/news\/wp-json\/wp\/v2\/posts\/24566","targetHints":{"allow":["GET"]}}],"collection":[{"href":"https:\/\/guialimeira.com.br\/news\/wp-json\/wp\/v2\/posts"}],"about":[{"href":"https:\/\/guialimeira.com.br\/news\/wp-json\/wp\/v2\/types\/post"}],"author":[{"embeddable":true,"href":"https:\/\/guialimeira.com.br\/news\/wp-json\/wp\/v2\/users\/1"}],"replies":[{"embeddable":true,"href":"https:\/\/guialimeira.com.br\/news\/wp-json\/wp\/v2\/comments?post=24566"}],"version-history":[{"count":0,"href":"https:\/\/guialimeira.com.br\/news\/wp-json\/wp\/v2\/posts\/24566\/revisions"}],"wp:featuredmedia":[{"embeddable":true,"href":"https:\/\/guialimeira.com.br\/news\/wp-json\/wp\/v2\/media\/2248"}],"wp:attachment":[{"href":"https:\/\/guialimeira.com.br\/news\/wp-json\/wp\/v2\/media?parent=24566"}],"wp:term":[{"taxonomy":"category","embeddable":true,"href":"https:\/\/guialimeira.com.br\/news\/wp-json\/wp\/v2\/categories?post=24566"},{"taxonomy":"post_tag","embeddable":true,"href":"https:\/\/guialimeira.com.br\/news\/wp-json\/wp\/v2\/tags?post=24566"}],"curies":[{"name":"wp","href":"https:\/\/api.w.org\/{rel}","templated":true}]}}