{"id":24559,"date":"2025-02-23T09:18:03","date_gmt":"2025-02-23T12:18:03","guid":{"rendered":"https:\/\/guialimeira.com.br\/?p=24559"},"modified":"2025-02-23T09:18:03","modified_gmt":"2025-02-23T12:18:03","slug":"comissao-de-obras-vistoria-erosao-no-acostamento-da-via-santo-antonio","status":"publish","type":"post","link":"https:\/\/guialimeira.com.br\/news\/comissao-de-obras-vistoria-erosao-no-acostamento-da-via-santo-antonio\/","title":{"rendered":"Comiss\u00e3o de Obras vistoria eros\u00e3o no acostamento da via Santo Ant\u00f4nio"},"content":{"rendered":"\n<figure class=\"wp-block-gallery has-nested-images columns-default is-cropped wp-block-gallery-1 is-layout-flex wp-block-gallery-is-layout-flex\"><\/figure>\n \r\n<br><img data-recalc-dims=\"1\" decoding=\"async\" src=\"https:\/\/i0.wp.com\/guialimeira.com.br\/wp-content\/uploads\/2025\/02\/2025-02-14_comissao-de-obras-vistoria-erosao-no-acostamento-da-via-santo-antonio_1.jpg?w=696&#038;ssl=1\" \/><br><div>\n\t\t\t\t\t<p>A falta de sinaliza\u00e7\u00e3o de obstru\u00e7\u00e3o na pista da via Santo Ant\u00f4nio, no bairro Pires de Baixo, motivou uma visita da\u00a0 Comiss\u00e3o de Obras e Planejamento Urbano da C\u00e2mara nesta sexta-feira, 14 de fevereiro. De acordo com as reclama\u00e7\u00f5es de mun\u00edcipes recebidas pelos parlamentares, o acostamento sofreu uma grave eros\u00e3o durante as chuvas da \u00faltima semana e uma \u00e1rvore ca\u00edda dificultava ainda mais o tr\u00e2nsito na estrada.<\/p><p>Ao chegar ao local os vereadores constataram que a \u00e1rvore ca\u00edda foi retirada e foram colocados cavaletes no limite do asfalto, no entanto n\u00e3o h\u00e1 sinaliza\u00e7\u00e3o pr\u00e9via do bloqueio, o que pode causar acidentes, uma vez que alguns carros trafegam em alta velocidade e por causa do estreitamento da estrada acabam invadindo a pista contr\u00e1ria.<\/p><p>\u201cAntes que aconte\u00e7a a obra em si, \u00e9 preciso sinalizar a via com uma certa dist\u00e2ncia, para que quando o condutor vier na via Santo Ant\u00f4nio ele saiba que \u00e0 frente tem obras, mas da forma como est\u00e1 sinalizado aqui as pessoas n\u00e3o conseguem ver, e n\u00e3o tem nem espa\u00e7o para dois carros passarem\u201d, explicou o presidente da Comiss\u00e3o, vereador Helder do T\u00e1xi (PSD).<\/p><p>Os parlamentares convidaram representantes da Prefeitura para acompanhar a dilig\u00eancia, por\u00e9m ningu\u00e9m compareceu. Agora a Comiss\u00e3o vai fazer um requerimento para o Executivo solicitando a sinaliza\u00e7\u00e3o e vai acompanhar a execu\u00e7\u00e3o da obra de recomposi\u00e7\u00e3o da via.<\/p><p><strong>Recapeamento da avenida Tiradentes<\/strong><\/p><p>A Comiss\u00e3o tamb\u00e9m vistoriou as obras de recapeamento da avenida Tiradentes, na continuidade do viaduto J\u00e2nio Quadros. Os parlamentares conversaram com Jos\u00e9 Claudinei, encarregado da empresa Romarello, que \u00e9 respons\u00e1vel pela obra. De acordo com o funcion\u00e1rio, a conclus\u00e3o est\u00e1 prevista para esta sexta-feira, 14 de fevereiro.<\/p><p><strong>Comiss\u00e3o<\/strong><\/p><p>A Comiss\u00e3o de Obras e Planejamento Urbano \u00e9 respons\u00e1vel por temas como servi\u00e7os p\u00fablicos, uso, ocupa\u00e7\u00e3o e parcelamento do solo, e \u00e9 formada pelos vereadores Helder do T\u00e1xi (PSD), presidente; M\u00e1rcio do Estacionamento (DC), vice-presidente; e\u00a0 Jo\u00e3o Antunes Bano (SD), secret\u00e1rio. As reuni\u00f5es ordin\u00e1rias do colegiado acontecem \u00e0s quintas-feiras, a partir das 13h30.<\/p>\t\t\t\t<\/div>\r\n<br>\r\n<br><a href=\"https:\/\/www.limeira.sp.leg.br\/noticias\/view\/2025-02-14_comissao-de-obras-vistoria-erosao-no-acostamento-da-via-santo-antonio\" rel=\"noopener\">Informa\u00e7\u00f5es CMLSource link <\/a>","protected":false},"excerpt":{"rendered":"<p>A falta de sinaliza\u00e7\u00e3o de obstru\u00e7\u00e3o na pista da via Santo Ant\u00f4nio, no bairro Pires de Baixo, motivou uma visita da\u00a0 Comiss\u00e3o de Obras e Planejamento Urbano da C\u00e2mara nesta sexta-feira, 14 de fevereiro. De acordo com as reclama\u00e7\u00f5es de mun\u00edcipes recebidas pelos parlamentares, o acostamento sofreu uma grave eros\u00e3o durante as chuvas da \u00faltima [&hellip;]<\/p>\n","protected":false},"author":1,"featured_media":24560,"comment_status":"open","ping_status":"open","sticky":false,"template":"","format":"standard","meta":{"_jetpack_newsletter_access":"","_jetpack_dont_email_post_to_subs":false,"_jetpack_newsletter_tier_id":0,"_jetpack_memberships_contains_paywalled_content":false,"_mbp_banners":[],"_jetpack_feature_clip_id":0,"_jetpack_memberships_contains_paid_content":false,"footnotes":"","jetpack_publicize_message":"","jetpack_publicize_feature_enabled":true,"jetpack_social_post_already_shared":true,"jetpack_social_options":{"image_generator_settings":{"template":"highway","default_image_id":0,"font":"","enabled":false},"version":2},"jetpack_post_was_ever_published":false},"categories":[19],"tags":[],"class_list":["post-24559","post","type-post","status-publish","format-standard","has-post-thumbnail","category-politica"],"jetpack_publicize_connections":[],"jetpack-related-posts":[],"jetpack_shortlink":"https:\/\/wp.me\/p7Eq1F-6o7","jetpack_sharing_enabled":true,"jetpack_featured_media_url":"https:\/\/i0.wp.com\/guialimeira.com.br\/news\/wp-content\/uploads\/2025\/02\/Comissao-de-Obras-vistoria-erosao-no-acostamento-da-via-Santo.jpg?fit=1280%2C640&ssl=1","_links":{"self":[{"href":"https:\/\/guialimeira.com.br\/news\/wp-json\/wp\/v2\/posts\/24559","targetHints":{"allow":["GET"]}}],"collection":[{"href":"https:\/\/guialimeira.com.br\/news\/wp-json\/wp\/v2\/posts"}],"about":[{"href":"https:\/\/guialimeira.com.br\/news\/wp-json\/wp\/v2\/types\/post"}],"author":[{"embeddable":true,"href":"https:\/\/guialimeira.com.br\/news\/wp-json\/wp\/v2\/users\/1"}],"replies":[{"embeddable":true,"href":"https:\/\/guialimeira.com.br\/news\/wp-json\/wp\/v2\/comments?post=24559"}],"version-history":[{"count":1,"href":"https:\/\/guialimeira.com.br\/news\/wp-json\/wp\/v2\/posts\/24559\/revisions"}],"predecessor-version":[{"id":24561,"href":"https:\/\/guialimeira.com.br\/news\/wp-json\/wp\/v2\/posts\/24559\/revisions\/24561"}],"wp:featuredmedia":[{"embeddable":true,"href":"https:\/\/guialimeira.com.br\/news\/wp-json\/wp\/v2\/media\/24560"}],"wp:attachment":[{"href":"https:\/\/guialimeira.com.br\/news\/wp-json\/wp\/v2\/media?parent=24559"}],"wp:term":[{"taxonomy":"category","embeddable":true,"href":"https:\/\/guialimeira.com.br\/news\/wp-json\/wp\/v2\/categories?post=24559"},{"taxonomy":"post_tag","embeddable":true,"href":"https:\/\/guialimeira.com.br\/news\/wp-json\/wp\/v2\/tags?post=24559"}],"curies":[{"name":"wp","href":"https:\/\/api.w.org\/{rel}","templated":true}]}}