{"id":24555,"date":"2025-02-23T08:16:52","date_gmt":"2025-02-23T11:16:52","guid":{"rendered":"https:\/\/guialimeira.com.br\/?p=24555"},"modified":"2025-02-23T08:16:52","modified_gmt":"2025-02-23T11:16:52","slug":"nota-de-pesar-pelo-falecimento-do-ex-vereador-fausto-antonio-de-paula","status":"publish","type":"post","link":"https:\/\/guialimeira.com.br\/news\/nota-de-pesar-pelo-falecimento-do-ex-vereador-fausto-antonio-de-paula\/","title":{"rendered":"Nota de pesar pelo falecimento do ex-vereador Fausto Antonio de Paula"},"content":{"rendered":"\n<figure class=\"wp-block-gallery has-nested-images columns-default is-cropped wp-block-gallery-1 is-layout-flex wp-block-gallery-is-layout-flex\"><\/figure>\n \r\n<br><img data-recalc-dims=\"1\" decoding=\"async\" src=\"https:\/\/i0.wp.com\/guialimeira.com.br\/wp-content\/uploads\/2025\/02\/2025-02-15_nota-de-pesar-pelo-falecimento-do-exvereador-fausto-antonio-de-paula_1.png?w=696&#038;ssl=1\" \/><br><div>\n\t\t\t\t\t<p>A C\u00e2mara Municipal de Limeira manifesta profundo pesar pelo falecimento do ex-vereador e m\u00e9dico cardiologista Fausto Antonio de Paula, neste s\u00e1bado, 15 de fevereiro. O presidente, vereador Everton Ferreira (PSD), declarou luto oficial no Legislativo limeirense por tr\u00eas dias.\u00a0<\/p><p>Fausto exerceu o mandato de vereador na C\u00e2mara em tr\u00eas oportunidades \u2013 de 1997 a 2000, de 2001 a 2004 e de 2005 a 2008. Ele tamb\u00e9m ocupou o cargo de secret\u00e1rio municipal de Sa\u00fade por duas vezes.<\/p><p>Considerando que o ex-vereador\u00a0 seguiu a miss\u00e3o constitucional de legislar e fiscalizar o Poder Executivo em favor do bem-estar da sociedade e do desenvolvimento de Limeira e entregou \u00e0 popula\u00e7\u00e3o \u201cum trabalho t\u00e9cnico de excelente qualidade, com resultados ben\u00e9ficos marcantes na sa\u00fade p\u00fablica da cidade\u201d, foi declarado luto oficial por tr\u00eas dias na C\u00e2mara Municipal de Limeira, por meio do <a href=\"https:\/\/consulta.limeira.sp.leg.br\/arquivo?Id=477002\" rel=\"noopener\">Ato da Presid\u00eancia N\u00ba 9\/2025<\/a>.<\/p><p>A C\u00e2mara Municipal de Limeira manifesta solidariedade e o sentimento de profundo pesar aos familiares e amigos em luto.\u00a0<\/p><p>Everton Ferreira<\/p><p>Presidente da C\u00e2mara Municipal de Limeira<\/p>\t\t\t\t<\/div>\r\n<br>\r\n<br><a href=\"https:\/\/www.limeira.sp.leg.br\/noticias\/view\/2025-02-15_nota-de-pesar-pelo-falecimento-do-exvereador-fausto-antonio-de-paula\" rel=\"noopener\">Informa\u00e7\u00f5es CMLSource link <\/a>","protected":false},"excerpt":{"rendered":"<p>A C\u00e2mara Municipal de Limeira manifesta profundo pesar pelo falecimento do ex-vereador e m\u00e9dico cardiologista Fausto Antonio de Paula, neste s\u00e1bado, 15 de fevereiro. O presidente, vereador Everton Ferreira (PSD), declarou luto oficial no Legislativo limeirense por tr\u00eas dias.\u00a0 Fausto exerceu o mandato de vereador na C\u00e2mara em tr\u00eas oportunidades \u2013 de 1997 a 2000, [&hellip;]<\/p>\n","protected":false},"author":1,"featured_media":24556,"comment_status":"open","ping_status":"open","sticky":false,"template":"","format":"standard","meta":{"_jetpack_newsletter_access":"","_jetpack_dont_email_post_to_subs":false,"_jetpack_newsletter_tier_id":0,"_jetpack_memberships_contains_paywalled_content":false,"_mbp_banners":[],"_jetpack_feature_clip_id":0,"_jetpack_memberships_contains_paid_content":false,"footnotes":"","jetpack_publicize_message":"","jetpack_publicize_feature_enabled":true,"jetpack_social_post_already_shared":true,"jetpack_social_options":{"image_generator_settings":{"template":"highway","default_image_id":0,"font":"","enabled":false},"version":2},"jetpack_post_was_ever_published":false},"categories":[19],"tags":[],"class_list":["post-24555","post","type-post","status-publish","format-standard","has-post-thumbnail","category-politica"],"jetpack_publicize_connections":[],"jetpack-related-posts":[],"jetpack_shortlink":"https:\/\/wp.me\/p7Eq1F-6o3","jetpack_sharing_enabled":true,"jetpack_featured_media_url":"https:\/\/i0.wp.com\/guialimeira.com.br\/news\/wp-content\/uploads\/2025\/02\/Nota-de-pesar-pelo-falecimento-do-ex-vereador-Fausto-Antonio-de.png?fit=1280%2C640&ssl=1","_links":{"self":[{"href":"https:\/\/guialimeira.com.br\/news\/wp-json\/wp\/v2\/posts\/24555","targetHints":{"allow":["GET"]}}],"collection":[{"href":"https:\/\/guialimeira.com.br\/news\/wp-json\/wp\/v2\/posts"}],"about":[{"href":"https:\/\/guialimeira.com.br\/news\/wp-json\/wp\/v2\/types\/post"}],"author":[{"embeddable":true,"href":"https:\/\/guialimeira.com.br\/news\/wp-json\/wp\/v2\/users\/1"}],"replies":[{"embeddable":true,"href":"https:\/\/guialimeira.com.br\/news\/wp-json\/wp\/v2\/comments?post=24555"}],"version-history":[{"count":1,"href":"https:\/\/guialimeira.com.br\/news\/wp-json\/wp\/v2\/posts\/24555\/revisions"}],"predecessor-version":[{"id":24557,"href":"https:\/\/guialimeira.com.br\/news\/wp-json\/wp\/v2\/posts\/24555\/revisions\/24557"}],"wp:featuredmedia":[{"embeddable":true,"href":"https:\/\/guialimeira.com.br\/news\/wp-json\/wp\/v2\/media\/24556"}],"wp:attachment":[{"href":"https:\/\/guialimeira.com.br\/news\/wp-json\/wp\/v2\/media?parent=24555"}],"wp:term":[{"taxonomy":"category","embeddable":true,"href":"https:\/\/guialimeira.com.br\/news\/wp-json\/wp\/v2\/categories?post=24555"},{"taxonomy":"post_tag","embeddable":true,"href":"https:\/\/guialimeira.com.br\/news\/wp-json\/wp\/v2\/tags?post=24555"}],"curies":[{"name":"wp","href":"https:\/\/api.w.org\/{rel}","templated":true}]}}