{"id":24546,"date":"2025-02-23T07:15:59","date_gmt":"2025-02-23T10:15:59","guid":{"rendered":"https:\/\/guialimeira.com.br\/?p=24546"},"modified":"2025-02-23T07:15:59","modified_gmt":"2025-02-23T10:15:59","slug":"lu-bogo-questiona-a-semaforizacao-na-rotatoria-de-acesso-ao-viaduto-prefeito-paulo-dandrea","status":"publish","type":"post","link":"https:\/\/guialimeira.com.br\/news\/lu-bogo-questiona-a-semaforizacao-na-rotatoria-de-acesso-ao-viaduto-prefeito-paulo-dandrea\/","title":{"rendered":"Lu Bogo questiona a semaforiza\u00e7\u00e3o na rotat\u00f3ria de acesso ao Viaduto Prefeito Paulo d\u2019Andrea"},"content":{"rendered":"\n<figure class=\"wp-block-gallery has-nested-images columns-default is-cropped wp-block-gallery-1 is-layout-flex wp-block-gallery-is-layout-flex\"><\/figure>\n \r\n<br><img data-recalc-dims=\"1\" decoding=\"async\" src=\"https:\/\/i0.wp.com\/guialimeira.com.br\/wp-content\/uploads\/2025\/02\/2025-02-17_lu-bogo-questiona-a-semaforizacao-na-rotatoria-de-acesso-ao-viaduto-prefeito-paulo-dandre.png?w=696&#038;ssl=1\" \/><br><div>\n\t\t\t\t\t<p>O tr\u00e2nsito na rotat\u00f3ria que d\u00e1 acesso ao viaduto Prefeito Paulo d\u2019Andrea, perto dos hor\u00e1rios de pico, com grande volume de ve\u00edculos e tr\u00e2nsito parado, motivou a vereadora Lu Bogo (PL) a protocolar o <a href=\"https:\/\/consulta.limeira.sp.leg.br\/Documentos\/Documento\/365264\" rel=\"noopener\">Requerimento N\u00ba 28\/2025<\/a> com questionamentos a respeito da poss\u00edvel implanta\u00e7\u00e3o de sem\u00e1foro neste local.<\/p><p>\u201cAntes das 8h, no hor\u00e1rio do almo\u00e7o, entre 11h e 14h, e entre 17h e 19h o tr\u00e2nsito para. A rotat\u00f3ria parece travada para o acesso \u00e0 Av. Comendador Agostinho Prada ou para a Av. Maestro Xixirri. Sem contar que pedestres e ciclistas n\u00e3o conseguem atravessar de um lado a outro do Anel Vi\u00e1rio\u201d, comenta a vereadora.<\/p><p>\u201cPara dar fluidez ao tr\u00e2nsito e que todos respeitem os intervalos de travessia de um lado a outro, dando oportunidade para os ciclistas e pedestres atravessarem em seguran\u00e7a \u00e9 importante a implanta\u00e7\u00e3o de sem\u00e1foro\u201d, completa a vereadora.<\/p><p>O requerimento foi encaminhado para o Executivo que ter\u00e1 at\u00e9 30 dias para responder \u00e0 vereadora.\u00a0<\/p><p><i>Do Gabinete Parlamentar &#8211; Lu Bogo (PL)<\/i><\/p><p><strong>As mat\u00e9rias de origem dos Gabinetes Parlamentares s\u00e3o de inteira\u00a0 responsabilidade dos parlamentares e de\u00a0 suas assessorias. S\u00e3o devidamente assinadas e n\u00e3o refletem, necessariamente, a opini\u00e3o institucional da C\u00e2mara Municipal de Limeira.<\/strong><\/p>\t\t\t\t<\/div>\r\n<br>\r\n<br><a href=\"https:\/\/www.limeira.sp.leg.br\/noticias\/view\/2025-02-17_lu-bogo-questiona-a-semaforizacao-na-rotatoria-de-acesso-ao-viaduto-prefeito-paulo-dandrea\" rel=\"noopener\">Informa\u00e7\u00f5es CMLSource link <\/a>","protected":false},"excerpt":{"rendered":"<p>O tr\u00e2nsito na rotat\u00f3ria que d\u00e1 acesso ao viaduto Prefeito Paulo d\u2019Andrea, perto dos hor\u00e1rios de pico, com grande volume de ve\u00edculos e tr\u00e2nsito parado, motivou a vereadora Lu Bogo (PL) a protocolar o Requerimento N\u00ba 28\/2025 com questionamentos a respeito da poss\u00edvel implanta\u00e7\u00e3o de sem\u00e1foro neste local. \u201cAntes das 8h, no hor\u00e1rio do almo\u00e7o, [&hellip;]<\/p>\n","protected":false},"author":1,"featured_media":24547,"comment_status":"open","ping_status":"open","sticky":false,"template":"","format":"standard","meta":{"_jetpack_newsletter_access":"","_jetpack_dont_email_post_to_subs":false,"_jetpack_newsletter_tier_id":0,"_jetpack_memberships_contains_paywalled_content":false,"_mbp_banners":[],"_jetpack_feature_clip_id":0,"_jetpack_memberships_contains_paid_content":false,"footnotes":"","jetpack_publicize_message":"","jetpack_publicize_feature_enabled":true,"jetpack_social_post_already_shared":true,"jetpack_social_options":{"image_generator_settings":{"template":"highway","default_image_id":0,"font":"","enabled":false},"version":2},"jetpack_post_was_ever_published":false},"categories":[19],"tags":[],"class_list":["post-24546","post","type-post","status-publish","format-standard","has-post-thumbnail","category-politica"],"jetpack_publicize_connections":[],"jetpack-related-posts":[],"jetpack_shortlink":"https:\/\/wp.me\/p7Eq1F-6nU","jetpack_sharing_enabled":true,"jetpack_featured_media_url":"https:\/\/i0.wp.com\/guialimeira.com.br\/news\/wp-content\/uploads\/2025\/02\/Lu-Bogo-questiona-a-semaforizacao-na-rotatoria-de-acesso-ao.png?fit=1280%2C640&ssl=1","_links":{"self":[{"href":"https:\/\/guialimeira.com.br\/news\/wp-json\/wp\/v2\/posts\/24546","targetHints":{"allow":["GET"]}}],"collection":[{"href":"https:\/\/guialimeira.com.br\/news\/wp-json\/wp\/v2\/posts"}],"about":[{"href":"https:\/\/guialimeira.com.br\/news\/wp-json\/wp\/v2\/types\/post"}],"author":[{"embeddable":true,"href":"https:\/\/guialimeira.com.br\/news\/wp-json\/wp\/v2\/users\/1"}],"replies":[{"embeddable":true,"href":"https:\/\/guialimeira.com.br\/news\/wp-json\/wp\/v2\/comments?post=24546"}],"version-history":[{"count":1,"href":"https:\/\/guialimeira.com.br\/news\/wp-json\/wp\/v2\/posts\/24546\/revisions"}],"predecessor-version":[{"id":24548,"href":"https:\/\/guialimeira.com.br\/news\/wp-json\/wp\/v2\/posts\/24546\/revisions\/24548"}],"wp:featuredmedia":[{"embeddable":true,"href":"https:\/\/guialimeira.com.br\/news\/wp-json\/wp\/v2\/media\/24547"}],"wp:attachment":[{"href":"https:\/\/guialimeira.com.br\/news\/wp-json\/wp\/v2\/media?parent=24546"}],"wp:term":[{"taxonomy":"category","embeddable":true,"href":"https:\/\/guialimeira.com.br\/news\/wp-json\/wp\/v2\/categories?post=24546"},{"taxonomy":"post_tag","embeddable":true,"href":"https:\/\/guialimeira.com.br\/news\/wp-json\/wp\/v2\/tags?post=24546"}],"curies":[{"name":"wp","href":"https:\/\/api.w.org\/{rel}","templated":true}]}}