{"id":24542,"date":"2025-02-23T06:14:54","date_gmt":"2025-02-23T09:14:54","guid":{"rendered":"https:\/\/guialimeira.com.br\/?p=24542"},"modified":"2025-02-23T06:14:54","modified_gmt":"2025-02-23T09:14:54","slug":"pauta-de-votacao-camara-de-limeira-aprova-dois-projetos-em-sessao-ordinaria","status":"publish","type":"post","link":"https:\/\/guialimeira.com.br\/news\/pauta-de-votacao-camara-de-limeira-aprova-dois-projetos-em-sessao-ordinaria\/","title":{"rendered":"Pauta de vota\u00e7\u00e3o: C\u00e2mara de Limeira aprova dois projetos em sess\u00e3o ordin\u00e1ria"},"content":{"rendered":"\n<figure class=\"wp-block-gallery has-nested-images columns-default is-cropped wp-block-gallery-1 is-layout-flex wp-block-gallery-is-layout-flex\"><\/figure>\n \r\n<br><img data-recalc-dims=\"1\" decoding=\"async\" src=\"https:\/\/i0.wp.com\/guialimeira.com.br\/wp-content\/uploads\/2025\/02\/2025-02-17_pauta-de-votacao-camara-de-limeira-aprova-dois-projetos-em-sessao-ordinaria_1.jpg?w=696&#038;ssl=1\" \/><br><div>\n\t\t\t\t\t<p>A C\u00e2mara Municipal de Limeira aprovou, na sess\u00e3o ordin\u00e1ria desta segunda-feira, 17 de fevereiro, dois projetos que estavam na pauta de vota\u00e7\u00e3o da <a href=\"https:\/\/consulta.limeira.sp.leg.br\/Sessoes\/Sessao\/3429\" rel=\"noopener\">Ordem do Dia<\/a>. Na fase do <a href=\"https:\/\/consulta.limeira.sp.leg.br\/Sessoes\/Documento\/366447\" rel=\"noopener\">Expediente<\/a>, parte destinada \u00e0 leitura de todos os documentos protocolados na Casa, foram lidos requerimentos e votadas mo\u00e7\u00f5es. E na Tribuna Livre, reservada para o uso da palavra por mun\u00edcipes para falar de assuntos de interesse da cidade, foram tratados os temas: acompanhamento dos tr\u00e2mites legislativos pela Ordem dos Advogados do Brasil (OAB) de Limeira, equidade nas escolas municipais, enfrentamento \u00e0s drogas e ao alcoolismo, e reabertura do Centro do Idoso.<\/p><p>O capit\u00e3o da Pol\u00edcia Civil, Herlon de Paula, usou a palavra durante a sess\u00e3o ordin\u00e1ria. Ele parabenizou os policiais presentes, que receberam uma homenagem por meio da <a href=\"https:\/\/consulta.limeira.sp.leg.br\/arquivo?Id=474517\" rel=\"noopener\">Mo\u00e7\u00e3o N\u00ba 8\/2025<\/a>,\u00a0 de autoria do vereador Costa Junior (PODE), pelo trabalho desempenhado pela Equipe Bravo da 1\u00aa Cia do 36\u00ba Batalh\u00e3o da Pol\u00edcia Militar do Interior.\u00a0<\/p><p>O v\u00eddeo da sess\u00e3o na \u00edntegra pode ser conferido neste <a href=\"https:\/\/youtu.be\/mZdp-Wp5j0k?t=101\" rel=\"noopener\">link<\/a>.<\/p><p><strong>Tribuna Livre<\/strong><\/p><p>O primeiro a usar a palavra foi o advogado Pablo Augusto Santos Biazotto, presidente da Comiss\u00e3o de Acompanhamento Legislativo da OAB Limeira. Ele falou que o \u00f3rg\u00e3o tem a responsabilidade de acompanhar de perto os trabalhos legislativos da C\u00e2mara e que observar\u00e1 os tr\u00e2mites das proposi\u00e7\u00f5es na Casa e, sempre que poss\u00edvel, estabelecer\u00e1 di\u00e1logo propositivo com os vereadores com o objetivo de aprimorar a qualidade das normas e fortalecer a seguran\u00e7a jur\u00eddica do munic\u00edpio. Desejou aos parlamentares um novo ciclo legislativo produtivo e com grandes realiza\u00e7\u00f5es. \u201cQue esse seja um espa\u00e7o de converg\u00eancia de ideias e de compromisso com o bem comum\u201d, declarou.<\/p><p>Em seguida, Valquiria Brito, representando a Escola Municipal de Educa\u00e7\u00e3o Infantil e Ensino Fundamental Deputado La\u00e9rcio Corte, discorreu sobre a import\u00e2ncia do servi\u00e7o social para a educa\u00e7\u00e3o. Ela pontuou que nas escolas municipais n\u00e3o h\u00e1 equidade no tratamento e falta infraestrutura adequada. De acordo com ela, a escola La\u00e9rcio Corte precisa de melhores condi\u00e7\u00f5es e de acessibilidade, pois o pr\u00e9dio n\u00e3o conta com banheiro adequado nem para as crian\u00e7as e nem para os cadeirantes. \u201cVim para enaltecer o trabalho que a equipe fez sem o apoio do governo anterior e para pedir aos vereadores que visitem as escolas e que nos representem, porque nossas crian\u00e7as precisam ser tratadas com respeito\u201d, refor\u00e7ou.<\/p><p>O Dia Nacional de Enfrentando \u00e0s Drogas e Alcoolismo foi o tema tratado pelo orador Jos\u00e9 Ant\u00f4nio Chagas de Oliveira. Segundo ele, duas datas devem ser destacadas no calend\u00e1rio: o dia 18 de fevereiro, que \u00e9 o Dia de Enfrentamento ao Alcoolismo, e o dia 20 de fevereiro, Dia Nacional de Enfrentamento \u00e0s Drogas. Ele falou sobre as a\u00e7\u00f5es do Conselho Municipal Antidrogas (Comad) e convidou os vereadores para participar do primeiro encontro do Conselho Municipal de Pol\u00edticas sobre Drogas que acontece no dia 19 de fevereiro, \u00e0s 19h30.\u00a0<\/p><p>Encerrando o uso da Tribuna, Nanci Benvinda Martins solicitou o apoio dos vereadores para pedir \u00e0 Prefeitura a reforma e reabertura do Centro do Idoso. Ela explicou que o espa\u00e7o j\u00e1 foi muito importante para a cidade, mas hoje se encontra abandonado. A oradora acentuou que a cidade necessita de \u00e1reas de lazer para os idosos e mais espa\u00e7os p\u00fablicos com atividade f\u00edsica. \u201cSabemos que a atividade f\u00edsica \u00e9 importante em todas as etapas de nossa vida, mas na terceira idade \u00e9 muito mais importante, para que haja mais sa\u00fade, menos visitas aos hospitais, menos uso de rem\u00e9dios e para que as pessoas possam manter a sua sa\u00fade em dia. Pedimos que essa Casa de Leis olhe com mais carinho aos idosos e que juntos possamos lutar por espa\u00e7os para todos que precisam praticar atividade f\u00edsica na terceira idade\u201d, argumentou.<\/p><p>Veja os discursos da Tribuna Livre neste <a href=\"https:\/\/youtu.be\/mZdp-Wp5j0k?t=8045\" rel=\"noopener\">link<\/a>.<\/p><p>Confira como foi a vota\u00e7\u00e3o:<\/p><p><strong>Aprovado &#8211; <\/strong><a href=\"https:\/\/consulta.limeira.sp.leg.br\/Documentos\/Documento\/327612\" rel=\"noopener\">Projeto de Lei N\u00b0 165\/2023<\/a>, da vereadora Lu Bogo (PL), disp\u00f5e sobre a divulga\u00e7\u00e3o, na conta de \u00e1gua, da data da \u00faltima troca do hidr\u00f4metro e a comunica\u00e7\u00e3o pr\u00e9via da troca do equipamento nos im\u00f3veis do munic\u00edpio.<\/p><p><strong>Adiado &#8211; <\/strong><a href=\"https:\/\/consulta.limeira.sp.leg.br\/Documentos\/Documento\/347550\" rel=\"noopener\">Projeto de Lei N\u00b0 90\/2024<\/a>, dos vereadores Elias Barbosa (PRTB), Helder do T\u00e1xi (PSD), Jo\u00e3o Bano (SD) e do ex-vereador Jos\u00e9 Farid Zaine, disp\u00f5e sobre a cria\u00e7\u00e3o de um canal de comunica\u00e7\u00e3o entre a concession\u00e1ria de servi\u00e7os de saneamento b\u00e1sico BRK Ambiental e entidades civis coletivas, condominiais, associa\u00e7\u00f5es de bairro ou regi\u00e3o para a resolu\u00e7\u00e3o de problemas t\u00e9cnicos coletivos.\u00a0<\/p><p><strong>Aprovado &#8211; <\/strong><a href=\"https:\/\/consulta.limeira.sp.leg.br\/Documentos\/Documento\/346253\" rel=\"noopener\">Projeto de Decreto Legislativo N\u00ba 15\/2024<\/a>, do vereador Helder do T\u00e1xi (PSD), concede a Medalha de Bravura entre os Justos \u2013 Cabo Odilon Lopes aos agentes da Defesa Civil, Mibilicy Gon\u00e7alves, Camilo de Oliveira, Jos\u00e9 Roberto Fernandes Junior, Otacilio Bispo Jord\u00e3o Filho e Luciana Alvez de Souza Marquez.<\/p><p><strong>Adiado &#8211;<\/strong> <a href=\"https:\/\/consulta.limeira.sp.leg.br\/Documentos\/Documento\/348144\" rel=\"noopener\">Projeto de Resolu\u00e7\u00e3o N\u00b0 13\/2024<\/a>, do vereador Nilton Santos (Republicanos) e do ex-vereador Francisco Maurino dos Santos, institui no \u00e2mbito da C\u00e2mara Municipal de Limeira a Semana Municipal da Terceira Idade.\u00a0<\/p>\t\t\t\t<\/div>\r\n<br>\r\n<br><a href=\"https:\/\/www.limeira.sp.leg.br\/noticias\/view\/2025-02-17_pauta-de-votacao-camara-de-limeira-aprova-dois-projetos-em-sessao-ordinaria\" rel=\"noopener\">Informa\u00e7\u00f5es CMLSource link <\/a>","protected":false},"excerpt":{"rendered":"<p>A C\u00e2mara Municipal de Limeira aprovou, na sess\u00e3o ordin\u00e1ria desta segunda-feira, 17 de fevereiro, dois projetos que estavam na pauta de vota\u00e7\u00e3o da Ordem do Dia. Na fase do Expediente, parte destinada \u00e0 leitura de todos os documentos protocolados na Casa, foram lidos requerimentos e votadas mo\u00e7\u00f5es. E na Tribuna Livre, reservada para o uso [&hellip;]<\/p>\n","protected":false},"author":1,"featured_media":24543,"comment_status":"open","ping_status":"open","sticky":false,"template":"","format":"standard","meta":{"_jetpack_newsletter_access":"","_jetpack_dont_email_post_to_subs":false,"_jetpack_newsletter_tier_id":0,"_jetpack_memberships_contains_paywalled_content":false,"_mbp_banners":[],"_jetpack_feature_clip_id":0,"_jetpack_memberships_contains_paid_content":false,"footnotes":"","jetpack_publicize_message":"","jetpack_publicize_feature_enabled":true,"jetpack_social_post_already_shared":true,"jetpack_social_options":{"image_generator_settings":{"template":"highway","default_image_id":0,"font":"","enabled":false},"version":2},"jetpack_post_was_ever_published":false},"categories":[19],"tags":[],"class_list":["post-24542","post","type-post","status-publish","format-standard","has-post-thumbnail","category-politica"],"jetpack_publicize_connections":[],"jetpack-related-posts":[],"jetpack_shortlink":"https:\/\/wp.me\/p7Eq1F-6nQ","jetpack_sharing_enabled":true,"jetpack_featured_media_url":"https:\/\/i0.wp.com\/guialimeira.com.br\/news\/wp-content\/uploads\/2025\/02\/Pauta-de-votacao-Camara-de-Limeira-aprova-dois-projetos-em.jpg?fit=1280%2C640&ssl=1","_links":{"self":[{"href":"https:\/\/guialimeira.com.br\/news\/wp-json\/wp\/v2\/posts\/24542","targetHints":{"allow":["GET"]}}],"collection":[{"href":"https:\/\/guialimeira.com.br\/news\/wp-json\/wp\/v2\/posts"}],"about":[{"href":"https:\/\/guialimeira.com.br\/news\/wp-json\/wp\/v2\/types\/post"}],"author":[{"embeddable":true,"href":"https:\/\/guialimeira.com.br\/news\/wp-json\/wp\/v2\/users\/1"}],"replies":[{"embeddable":true,"href":"https:\/\/guialimeira.com.br\/news\/wp-json\/wp\/v2\/comments?post=24542"}],"version-history":[{"count":1,"href":"https:\/\/guialimeira.com.br\/news\/wp-json\/wp\/v2\/posts\/24542\/revisions"}],"predecessor-version":[{"id":24544,"href":"https:\/\/guialimeira.com.br\/news\/wp-json\/wp\/v2\/posts\/24542\/revisions\/24544"}],"wp:featuredmedia":[{"embeddable":true,"href":"https:\/\/guialimeira.com.br\/news\/wp-json\/wp\/v2\/media\/24543"}],"wp:attachment":[{"href":"https:\/\/guialimeira.com.br\/news\/wp-json\/wp\/v2\/media?parent=24542"}],"wp:term":[{"taxonomy":"category","embeddable":true,"href":"https:\/\/guialimeira.com.br\/news\/wp-json\/wp\/v2\/categories?post=24542"},{"taxonomy":"post_tag","embeddable":true,"href":"https:\/\/guialimeira.com.br\/news\/wp-json\/wp\/v2\/tags?post=24542"}],"curies":[{"name":"wp","href":"https:\/\/api.w.org\/{rel}","templated":true}]}}