{"id":24538,"date":"2025-02-23T05:41:00","date_gmt":"2025-02-23T08:41:00","guid":{"rendered":"https:\/\/guialimeira.com.br\/?p=24538"},"modified":"2025-02-23T05:41:00","modified_gmt":"2025-02-23T08:41:00","slug":"bolsonaro-recebia-ala-radical-que-romantizava-golpe-militar-diz-cid","status":"publish","type":"post","link":"https:\/\/guialimeira.com.br\/news\/bolsonaro-recebia-ala-radical-que-romantizava-golpe-militar-diz-cid\/","title":{"rendered":"Bolsonaro recebia ala radical que \u201cromantizava\u201d golpe militar, diz Cid"},"content":{"rendered":"\n<figure class=\"wp-block-gallery has-nested-images columns-default is-cropped wp-block-gallery-1 is-layout-flex wp-block-gallery-is-layout-flex\">\n<figure class=\"wp-block-image size-large\"><\/figure>\n\t\t\t\t\t\n<figure class=\"wp-block-image size-large\"><img loading=\"lazy\" decoding=\"async\" width=\"1\" height=\"1\" data-attachment-id=\"24537\" data-permalink=\"https:\/\/guialimeira.com.br\/news\/bolsonaro-recebia-ala-radical-que-romantizava-golpe-militar-diz-cid-2\/\" data-orig-file=\"https:\/\/i0.wp.com\/guialimeira.com.br\/news\/wp-content\/uploads\/2025\/02\/1740300057_973_ebc.gif?fit=1%2C1&amp;ssl=1\" data-orig-size=\"1,1\" data-comments-opened=\"1\" data-image-meta=\"{&quot;aperture&quot;:&quot;0&quot;,&quot;credit&quot;:&quot;&quot;,&quot;camera&quot;:&quot;&quot;,&quot;caption&quot;:&quot;&quot;,&quot;created_timestamp&quot;:&quot;0&quot;,&quot;copyright&quot;:&quot;&quot;,&quot;focal_length&quot;:&quot;0&quot;,&quot;iso&quot;:&quot;0&quot;,&quot;shutter_speed&quot;:&quot;0&quot;,&quot;title&quot;:&quot;&quot;,&quot;orientation&quot;:&quot;0&quot;}\" data-image-title=\"Bolsonaro recebia ala radical que \u201cromantizava\u201d golpe militar, diz Cid\" data-image-description=\"\" data-image-caption=\"\" data-large-file=\"https:\/\/i0.wp.com\/guialimeira.com.br\/news\/wp-content\/uploads\/2025\/02\/1740300057_973_ebc.gif?fit=1%2C1&amp;ssl=1\" data-id=\"24537\" src=\"https:\/\/i0.wp.com\/guialimeira.com.br\/wp-content\/uploads\/2025\/02\/1740300057_973_ebc.gif?resize=1%2C1&amp;ssl=1\" alt=\"\" class=\"wp-image-24537\" \/><\/figure>\n\t\t\t\t\t<\/figure>\n \r\n<br><div>\n                    <p>Depois de perder a elei\u00e7\u00e3o presidencial, em outubro de 2022, o ex-presidente Jair Bolsonaro passou a se reunir com grupos \u201cradicais\u201d que \u201cromantizavam\u201d o artigo 142 da Constitui\u00e7\u00e3o para estimular uma interven\u00e7\u00e3o militar no pa\u00eds.<img data-recalc-dims=\"1\" decoding=\"async\" src=\"https:\/\/i0.wp.com\/guialimeira.com.br\/wp-content\/uploads\/2025\/02\/1740300057_170_ebc.png?w=696&#038;ssl=1\" style=\"width:1px;height:1px\" \/><img data-recalc-dims=\"1\" decoding=\"async\" src=\"https:\/\/i0.wp.com\/guialimeira.com.br\/wp-content\/uploads\/2025\/02\/1740300057_973_ebc.gif?w=696&#038;ssl=1\" style=\"width:1px;height:1px\" \/><\/p>\n\n<p>A alega\u00e7\u00e3o consta no primeiro depoimento \u00e0 Pol\u00edcia Federal (PF), em 28 de agosto de 2023, prestado pelo tenente-coronel Mauro Cid, antigo ajudante de ordens do ex-presidente Jair Bolsonaro que fechou acordo de dela\u00e7\u00e3o premiada com os investigadores.<\/p>\n\n<p>O <a href=\"https:\/\/agenciabrasil.ebc.com.br\/justica\/noticia\/2025-02\/moraes-levanta-sigilo-de-delacao-em-que-cid-implica-bolsonaro\" target=\"_blank\" rel=\"noopener\">sigilo sobre a dela\u00e7\u00e3o premiada foi derrubado<\/a> nesta quarta-feira (19) pelo ministro Alexandre de Mores, do Supremo Tribunal Federal (STF). No dia anterior, Bolsonaro, Cid e mais 32 pessoas foram <a href=\"https:\/\/agenciabrasil.ebc.com.br\/justica\/noticia\/2025-02\/pgr-denuncia-bolsonaro-e-mais-33-por-tentativa-de-golpe-de-estado\" target=\"_blank\" rel=\"noopener\">denunciados pelo procurador-geral da Rep\u00fablica<\/a>, Paulo Gonet, por tentativa de golpe de Estado e aboli\u00e7\u00e3o violenta do Estado Democr\u00e1tico de Direito, entre outros crimes.<\/p>\n\n<p>Segundo o relato de Cid \u00e0 PF, depois de ser derrotado em sua tentativa de reelei\u00e7\u00e3o, em outubro de 2022, Bolsonaro passou a receber tr\u00eas grupos distintos no Pal\u00e1cio da Alvorada, sendo que um deles era formado por pessoas \u201cque gostariam, de alguma forma, de incentivar um golpe de Estado\u201d.<\/p>\n\n<p>Esse grupo \u201cqueria que ele [Bolsonaro] assinasse o decreto\u201d, relatou Cid, referindo-se a uma minuta de decreto para\u00a0interven\u00e7\u00e3o dos militares na Justi\u00e7a Eleitoral. O documento previa a pris\u00e3o do pr\u00f3prio Moraes, bem como do ministro Gilmar Mendes, do STF, e do senador Rodrigo Pacheco (PSD-MG), ent\u00e3o presidente do Senado.<\/p>\n\n<p><strong><a href=\"https:\/\/agenciabrasil.ebc.com.br\/radioagencia-nacional\/justica\/audio\/2025-02\/saiba-exigencias-de-mauro-cid-para-acordar-delacao-premiada\" target=\"_blank\" rel=\"noopener\">&gt;&gt;\u00a0Saiba as exig\u00eancias de Mauro Cid para acordar dela\u00e7\u00e3o premiada<\/a><\/strong><\/p>\n\n\n\n<p>Uma minuta de teor similar foi encontrada pela PF na casa do ex-ministro da Justi\u00e7a Anderson Torres, pouco depois dos atos golpistas de 8 de janeiro de 2023, quando apoiadores de Bolsonaro invadiram e depredaram as sedes dos Tr\u00eas Poderes, em Bras\u00edlia. A pe\u00e7a foi inserida no processo como prova.<\/p>\n\n<p>Cid acrescentou que os integrantes deste grupo mais radical \u201cacreditavam que quando o presidente desse a ordem [para o golpe], ele teria apoio do povo e dos CACs [colecionadores, atiradores ou ca\u00e7adores com autoriza\u00e7\u00e3o para porte de armas]\u201d.<\/p>\n\n<p>Essas pessoas \u201c\u2019romantizavam\u2019 o artigo\u00a0142 da Constitui\u00e7\u00e3o Federal como o fundamento para o golpe de Estado\u201d, afirmou Cid. O dispositivo diz que os militares atuam \u201csob a autoridade suprema do Presidente da Rep\u00fablica\u201d, e que as For\u00e7as Armadas \u201cdestinam-se \u00e0 defesa da P\u00e1tria, \u00e0 garantia dos poderes constitucionais e, por iniciativa de qualquer destes, da lei e da ordem\u201d.<\/p>\n\n<h2>Minuta de golpe e CACs<\/h2>\n\n<p>Entre os mais radicais no entorno de Bolsonaro, o tenente-coronel citou Filipe Martins, ex-assessor especial para assuntos internacionais da Presid\u00eancia.<\/p>\n\n<p>Teria partido de Martins a iniciativa de redigir a minuta de golpe, segundo relatou Cid. Uma vez ajustado com as recomenda\u00e7\u00f5es de Bolsonaro, o documento teria sido apresentado pelo pr\u00f3prio ex-presidente aos comandantes das For\u00e7as Armadas, em reuni\u00e3o no Pal\u00e1cio da Alvorada.<\/p>\n\n<p>Segundo Cid, a ex-primeira-dama Michelle Bolsonaro era tamb\u00e9m uma das mais radicais, insistindo junto a Bolsonaro sobre o apoio do povo e dos CACs para um golpe de Estado.<\/p>\n\n<p>\u00c0quela altura, em dezembro de 2022, milhares de apoiadores de Bolsonaro estavam acampados em frente a instala\u00e7\u00f5es do Ex\u00e9rcito para pedir uma interven\u00e7\u00e3o militar. Cid relatou que o ex-presidente \u201cn\u00e3o queria que o pessoal sa\u00edsse das ruas\u201d e \u201ctinha certeza que encontraria uma fraude nas umas eletr\u00f4nicas e, por isso, precisava de um clamor popular\u201d.<\/p>\n\n<h2>Benef\u00edcios<\/h2>\n\n<p>Em troca da dela\u00e7\u00e3o premiada, Cid pediu para receber o perd\u00e3o judicial ou cumprir uma pena m\u00e1xima de dois anos por seu envolvimento na elabora\u00e7\u00e3o da trama golpista. O benef\u00edcio que dever\u00e1 receber, contudo, deve\u00a0ser decidido pelos ministros do Supremo somente ap\u00f3s eventual condena\u00e7\u00e3o.<\/p>\n\n<p>Antes, a Primeira Turma do Supremo ainda deve julgar se aceita ou n\u00e3o a den\u00fancia, tornando r\u00e9us Bolsonaro, Cid e os demais envolvidos.<\/p>\n\n      <!-- Relacionada -->\n              \n            <!-- Relacionada -->\n    <\/div>\r\n<br>\r\n<br><a href=\"https:\/\/agenciabrasil.ebc.com.br\/politica\/noticia\/2025-02\/bolsonaro-recebia-ala-radical-que-romantizava-golpe-militar-diz-cid\" rel=\"noopener\">Ag\u00eancia Brasil<\/a>","protected":false},"excerpt":{"rendered":"<p>Depois de perder a elei\u00e7\u00e3o presidencial, em outubro de 2022, o ex-presidente Jair Bolsonaro passou a se reunir com grupos \u201cradicais\u201d que \u201cromantizavam\u201d o artigo 142 da Constitui\u00e7\u00e3o para estimular uma interven\u00e7\u00e3o militar no pa\u00eds. A alega\u00e7\u00e3o consta no primeiro depoimento \u00e0 Pol\u00edcia Federal (PF), em 28 de agosto de 2023, prestado pelo tenente-coronel Mauro [&hellip;]<\/p>\n","protected":false},"author":1,"featured_media":24539,"comment_status":"open","ping_status":"open","sticky":false,"template":"","format":"standard","meta":{"_jetpack_newsletter_access":"","_jetpack_dont_email_post_to_subs":false,"_jetpack_newsletter_tier_id":0,"_jetpack_memberships_contains_paywalled_content":false,"_mbp_banners":[],"_jetpack_feature_clip_id":0,"_jetpack_memberships_contains_paid_content":false,"footnotes":"","jetpack_publicize_message":"","jetpack_publicize_feature_enabled":true,"jetpack_social_post_already_shared":true,"jetpack_social_options":{"image_generator_settings":{"template":"highway","default_image_id":0,"font":"","enabled":false},"version":2},"jetpack_post_was_ever_published":false},"categories":[19],"tags":[],"class_list":["post-24538","post","type-post","status-publish","format-standard","has-post-thumbnail","category-politica"],"jetpack_publicize_connections":[],"jetpack-related-posts":[],"jetpack_shortlink":"https:\/\/wp.me\/p7Eq1F-6nM","jetpack_sharing_enabled":true,"jetpack_featured_media_url":"https:\/\/i0.wp.com\/guialimeira.com.br\/news\/wp-content\/uploads\/2025\/02\/Bolsonaro-recebia-ala-radical-que-romantizava-golpe-militar-diz-Cid.jpg?fit=1600%2C800&ssl=1","_links":{"self":[{"href":"https:\/\/guialimeira.com.br\/news\/wp-json\/wp\/v2\/posts\/24538","targetHints":{"allow":["GET"]}}],"collection":[{"href":"https:\/\/guialimeira.com.br\/news\/wp-json\/wp\/v2\/posts"}],"about":[{"href":"https:\/\/guialimeira.com.br\/news\/wp-json\/wp\/v2\/types\/post"}],"author":[{"embeddable":true,"href":"https:\/\/guialimeira.com.br\/news\/wp-json\/wp\/v2\/users\/1"}],"replies":[{"embeddable":true,"href":"https:\/\/guialimeira.com.br\/news\/wp-json\/wp\/v2\/comments?post=24538"}],"version-history":[{"count":1,"href":"https:\/\/guialimeira.com.br\/news\/wp-json\/wp\/v2\/posts\/24538\/revisions"}],"predecessor-version":[{"id":24540,"href":"https:\/\/guialimeira.com.br\/news\/wp-json\/wp\/v2\/posts\/24538\/revisions\/24540"}],"wp:featuredmedia":[{"embeddable":true,"href":"https:\/\/guialimeira.com.br\/news\/wp-json\/wp\/v2\/media\/24539"}],"wp:attachment":[{"href":"https:\/\/guialimeira.com.br\/news\/wp-json\/wp\/v2\/media?parent=24538"}],"wp:term":[{"taxonomy":"category","embeddable":true,"href":"https:\/\/guialimeira.com.br\/news\/wp-json\/wp\/v2\/categories?post=24538"},{"taxonomy":"post_tag","embeddable":true,"href":"https:\/\/guialimeira.com.br\/news\/wp-json\/wp\/v2\/tags?post=24538"}],"curies":[{"name":"wp","href":"https:\/\/api.w.org\/{rel}","templated":true}]}}