{"id":24533,"date":"2025-02-23T05:13:53","date_gmt":"2025-02-23T08:13:53","guid":{"rendered":"https:\/\/guialimeira.com.br\/?p=24533"},"modified":"2025-02-23T05:13:53","modified_gmt":"2025-02-23T08:13:53","slug":"concessionaria-de-agua-deve-informar-data-da-ultima-troca-de-hidrometro","status":"publish","type":"post","link":"https:\/\/guialimeira.com.br\/news\/concessionaria-de-agua-deve-informar-data-da-ultima-troca-de-hidrometro\/","title":{"rendered":"Concession\u00e1ria de \u00e1gua deve informar data da \u00faltima troca de hidr\u00f4metro"},"content":{"rendered":"\n<figure class=\"wp-block-gallery has-nested-images columns-default is-cropped wp-block-gallery-1 is-layout-flex wp-block-gallery-is-layout-flex\"><\/figure>\n \r\n<br><img data-recalc-dims=\"1\" decoding=\"async\" src=\"https:\/\/i0.wp.com\/guialimeira.com.br\/wp-content\/uploads\/2025\/02\/2025-02-18_concessionaria-de-agua-deve-informar-data-da-ultima-troca-de-hidrometro_3.jpg?w=696&#038;ssl=1\" \/><br><div>\n\t\t\t\t\t<p>A data da \u00faltima troca do hidr\u00f4metro dos im\u00f3veis dever\u00e1 ser informada na conta de consumo pela concession\u00e1ria dos servi\u00e7os de \u00e1gua de Limeira. A concession\u00e1ria tamb\u00e9m dever\u00e1 comunicar, previamente, a data prov\u00e1vel da troca dos equipamentos dos respectivos im\u00f3veis. A medida \u00e9 prevista pelo<a href=\"https:\/\/consulta.limeira.sp.leg.br\/Documentos\/Documento\/327612\" rel=\"noopener\"> Projeto de Lei N\u00b0 165\/2023<\/a>, da vereadora Lu Bogo (PL), votado na sess\u00e3o ordin\u00e1ria desta segunda-feira, 17 de fevereiro. A mat\u00e9ria foi aprovada por meio do<a href=\"https:\/\/consulta.limeira.sp.leg.br\/arquivo?Id=415183\" rel=\"noopener\"> Substitutivo N\u00ba 51<\/a>.\u00a0\u00a0<\/p><p>A finalidade da proposta, segundo a autora, \u00e9 garantir mais transpar\u00eancia e permitir facilidade de acesso \u00e0 informa\u00e7\u00e3o aos usu\u00e1rios do servi\u00e7o. \u201cRecentemente muitos mun\u00edcipes relataram que foram pegos de surpresa ao chegar em casa e ter o hidr\u00f4metro trocado, o que gerou descontentamento\u201d, descreveu Lu Bogo na justificativa ao texto legislativo.\u00a0\u00a0\u00a0<\/p><p>A parlamentar explicou ainda que a substitui\u00e7\u00e3o do hidr\u00f4metro realizada pela concession\u00e1ria \u00e9 gratuita. Al\u00e9m disso, o equipamento tem selo de inspe\u00e7\u00e3o Inmetro e passa por aferi\u00e7\u00e3o e precis\u00e3o do medidor. \u201cPor\u00e9m, a reclama\u00e7\u00e3o dos mun\u00edcipes \u00e9 que a varia\u00e7\u00e3o do consumo no im\u00f3vel ap\u00f3s a troca \u00e9 geralmente para mais, por estas raz\u00f5es \u00e9 preciso que seja dada a comunica\u00e7\u00e3o da troca do hidr\u00f4metro e o registro, em conta, da \u00faltima troca\u201d, sinalizou a vereadora.\u00a0\u00a0\u00a0\u00a0<\/p><p>O projeto aprovado segue para aprecia\u00e7\u00e3o do prefeito Murilo F\u00e9lix (Podemos), que pode sancion\u00e1-lo ou vet\u00e1-lo. Se sancionado, ser\u00e1 promulgado e publicado no Jornal Oficial. A lei entra em vigor na data de publica\u00e7\u00e3o e cabe \u00e0 Prefeitura regulament\u00e1-la.\u00a0\u00a0<\/p>\t\t\t\t<\/div>\r\n<br>\r\n<br><a href=\"https:\/\/www.limeira.sp.leg.br\/noticias\/view\/2025-02-18_concessionaria-de-agua-deve-informar-data-da-ultima-troca-de-hidrometro\" rel=\"noopener\">Informa\u00e7\u00f5es CMLSource link <\/a>","protected":false},"excerpt":{"rendered":"<p>A data da \u00faltima troca do hidr\u00f4metro dos im\u00f3veis dever\u00e1 ser informada na conta de consumo pela concession\u00e1ria dos servi\u00e7os de \u00e1gua de Limeira. A concession\u00e1ria tamb\u00e9m dever\u00e1 comunicar, previamente, a data prov\u00e1vel da troca dos equipamentos dos respectivos im\u00f3veis. A medida \u00e9 prevista pelo Projeto de Lei N\u00b0 165\/2023, da vereadora Lu Bogo (PL), [&hellip;]<\/p>\n","protected":false},"author":1,"featured_media":24534,"comment_status":"open","ping_status":"open","sticky":false,"template":"","format":"standard","meta":{"_jetpack_newsletter_access":"","_jetpack_dont_email_post_to_subs":false,"_jetpack_newsletter_tier_id":0,"_jetpack_memberships_contains_paywalled_content":false,"_mbp_banners":[],"_jetpack_feature_clip_id":0,"_jetpack_memberships_contains_paid_content":false,"footnotes":"","jetpack_publicize_message":"","jetpack_publicize_feature_enabled":true,"jetpack_social_post_already_shared":true,"jetpack_social_options":{"image_generator_settings":{"template":"highway","default_image_id":0,"font":"","enabled":false},"version":2},"jetpack_post_was_ever_published":false},"categories":[19],"tags":[],"class_list":["post-24533","post","type-post","status-publish","format-standard","has-post-thumbnail","category-politica"],"jetpack_publicize_connections":[],"jetpack-related-posts":[],"jetpack_shortlink":"https:\/\/wp.me\/p7Eq1F-6nH","jetpack_sharing_enabled":true,"jetpack_featured_media_url":"https:\/\/i0.wp.com\/guialimeira.com.br\/news\/wp-content\/uploads\/2025\/02\/Concessionaria-de-agua-deve-informar-data-da-ultima-troca-de.jpg?fit=1280%2C640&ssl=1","_links":{"self":[{"href":"https:\/\/guialimeira.com.br\/news\/wp-json\/wp\/v2\/posts\/24533","targetHints":{"allow":["GET"]}}],"collection":[{"href":"https:\/\/guialimeira.com.br\/news\/wp-json\/wp\/v2\/posts"}],"about":[{"href":"https:\/\/guialimeira.com.br\/news\/wp-json\/wp\/v2\/types\/post"}],"author":[{"embeddable":true,"href":"https:\/\/guialimeira.com.br\/news\/wp-json\/wp\/v2\/users\/1"}],"replies":[{"embeddable":true,"href":"https:\/\/guialimeira.com.br\/news\/wp-json\/wp\/v2\/comments?post=24533"}],"version-history":[{"count":1,"href":"https:\/\/guialimeira.com.br\/news\/wp-json\/wp\/v2\/posts\/24533\/revisions"}],"predecessor-version":[{"id":24535,"href":"https:\/\/guialimeira.com.br\/news\/wp-json\/wp\/v2\/posts\/24533\/revisions\/24535"}],"wp:featuredmedia":[{"embeddable":true,"href":"https:\/\/guialimeira.com.br\/news\/wp-json\/wp\/v2\/media\/24534"}],"wp:attachment":[{"href":"https:\/\/guialimeira.com.br\/news\/wp-json\/wp\/v2\/media?parent=24533"}],"wp:term":[{"taxonomy":"category","embeddable":true,"href":"https:\/\/guialimeira.com.br\/news\/wp-json\/wp\/v2\/categories?post=24533"},{"taxonomy":"post_tag","embeddable":true,"href":"https:\/\/guialimeira.com.br\/news\/wp-json\/wp\/v2\/tags?post=24533"}],"curies":[{"name":"wp","href":"https:\/\/api.w.org\/{rel}","templated":true}]}}