{"id":24529,"date":"2025-02-23T04:12:50","date_gmt":"2025-02-23T07:12:50","guid":{"rendered":"https:\/\/guialimeira.com.br\/?p=24529"},"modified":"2025-02-23T04:12:50","modified_gmt":"2025-02-23T07:12:50","slug":"camara-homenageia-agentes-da-defesa-civil-com-a-medalha-de-bravura-entre-os-justos-cabo-odilon-lopes","status":"publish","type":"post","link":"https:\/\/guialimeira.com.br\/news\/camara-homenageia-agentes-da-defesa-civil-com-a-medalha-de-bravura-entre-os-justos-cabo-odilon-lopes\/","title":{"rendered":"C\u00e2mara homenageia agentes da Defesa Civil com a Medalha de Bravura entre os Justos \u2013 Cabo Odilon Lopes"},"content":{"rendered":"\n<figure class=\"wp-block-gallery has-nested-images columns-default is-cropped wp-block-gallery-1 is-layout-flex wp-block-gallery-is-layout-flex\"><\/figure>\n \r\n<br><img data-recalc-dims=\"1\" decoding=\"async\" src=\"https:\/\/i0.wp.com\/guialimeira.com.br\/wp-content\/uploads\/2025\/02\/2025-02-18_camara-homenageia-agentes-da-defesa-civil-com-a-medalha-de-bravura-entre-os-justos--cabo-.jpeg?w=696&#038;ssl=1\" \/><br><div>\n\t\t\t\t\t<p>Na sess\u00e3o ordin\u00e1ria desta segunda-feira, 17 de fevereiro, a C\u00e2mara Municipal de Limeira aprovou o <a href=\"https:\/\/consulta.limeira.sp.leg.br\/Documentos\/Documento\/346253\" rel=\"noopener\">Projeto de Decreto Legislativo N\u00ba 15\/2024<\/a>, do vereador Helder do T\u00e1xi (PSD), que concede a Medalha de Bravura entre os Justos \u2013 Cabo Odilon Lopes aos agentes da Defesa Civil, Mibilicy Gon\u00e7alves, Camilo de Oliveira, Jos\u00e9 Roberto Fernandes Junior, Otacilio Bispo Jord\u00e3o Filho e Luciana Alvez de Souza Marquez.<\/p><p>Segundo a propositura, um grupo de alunos de uma escola estadual relatou junto \u00e0 base da Defesa Civil uma tentativa de suic\u00eddio, pr\u00f3ximo a base de prote\u00e7\u00e3o, que fica sob o Ribeir\u00e3o Tatu. Os agentes prestaram atendimento e acolheram a adolescente e solicitaram apoio da Guarda Civil Municipal e da dire\u00e7\u00e3o da escola. \u201cO suic\u00eddio \u00e9 considerado um grave problema de sa\u00fade p\u00fablica mundial e tem aumentado consideravelmente nos \u00faltimos anos. \u00c9 um fen\u00f4meno complexo e multifatorial que gera consequ\u00eancias desestruturantes na sociedade\u201d, aponta o vereador.<\/p><p>Posteriormente a adolescente foi encaminhada at\u00e9 a unidade escolar e o Conselho Tutelar foi acionado para encaminhar a jovem aos familiares. Conforme a justificativa do projeto, por conta do sigilo e por preservar a identidade das v\u00edtimas, as tentativas de suic\u00eddio n\u00e3o s\u00e3o divulgadas.\u00a0<\/p><p>\u201cO acolhimento adequado, e os cuidados prestados nestas situa\u00e7\u00f5es tornam estes agentes da Defesa Civil her\u00f3is sem capa, que, com toda per\u00edcia e empatia, salvam vidas, como da adolescente relatada acima, sem esperar nada em troca, tornando a entrega desta homenagem ainda mais especial\u201d, concluiu o vereador Helder do T\u00e1xi.<\/p>\t\t\t\t<\/div>\r\n<br>\r\n<br><a href=\"https:\/\/www.limeira.sp.leg.br\/noticias\/view\/2025-02-18_camara-homenageia-agentes-da-defesa-civil-com-a-medalha-de-bravura-entre-os-justos--cabo-odilon-lopes\" rel=\"noopener\">Informa\u00e7\u00f5es CMLSource link <\/a>","protected":false},"excerpt":{"rendered":"<p>Na sess\u00e3o ordin\u00e1ria desta segunda-feira, 17 de fevereiro, a C\u00e2mara Municipal de Limeira aprovou o Projeto de Decreto Legislativo N\u00ba 15\/2024, do vereador Helder do T\u00e1xi (PSD), que concede a Medalha de Bravura entre os Justos \u2013 Cabo Odilon Lopes aos agentes da Defesa Civil, Mibilicy Gon\u00e7alves, Camilo de Oliveira, Jos\u00e9 Roberto Fernandes Junior, Otacilio [&hellip;]<\/p>\n","protected":false},"author":1,"featured_media":24530,"comment_status":"open","ping_status":"open","sticky":false,"template":"","format":"standard","meta":{"_jetpack_newsletter_access":"","_jetpack_dont_email_post_to_subs":false,"_jetpack_newsletter_tier_id":0,"_jetpack_memberships_contains_paywalled_content":false,"_mbp_banners":[],"_jetpack_feature_clip_id":0,"_jetpack_memberships_contains_paid_content":false,"footnotes":"","jetpack_publicize_message":"","jetpack_publicize_feature_enabled":true,"jetpack_social_post_already_shared":true,"jetpack_social_options":{"image_generator_settings":{"template":"highway","default_image_id":0,"font":"","enabled":false},"version":2},"jetpack_post_was_ever_published":false},"categories":[19],"tags":[],"class_list":["post-24529","post","type-post","status-publish","format-standard","has-post-thumbnail","category-politica"],"jetpack_publicize_connections":[],"jetpack-related-posts":[],"jetpack_shortlink":"https:\/\/wp.me\/p7Eq1F-6nD","jetpack_sharing_enabled":true,"jetpack_featured_media_url":"https:\/\/i0.wp.com\/guialimeira.com.br\/news\/wp-content\/uploads\/2025\/02\/Camara-homenageia-agentes-da-Defesa-Civil-com-a-Medalha-de.jpeg?fit=1280%2C640&ssl=1","_links":{"self":[{"href":"https:\/\/guialimeira.com.br\/news\/wp-json\/wp\/v2\/posts\/24529","targetHints":{"allow":["GET"]}}],"collection":[{"href":"https:\/\/guialimeira.com.br\/news\/wp-json\/wp\/v2\/posts"}],"about":[{"href":"https:\/\/guialimeira.com.br\/news\/wp-json\/wp\/v2\/types\/post"}],"author":[{"embeddable":true,"href":"https:\/\/guialimeira.com.br\/news\/wp-json\/wp\/v2\/users\/1"}],"replies":[{"embeddable":true,"href":"https:\/\/guialimeira.com.br\/news\/wp-json\/wp\/v2\/comments?post=24529"}],"version-history":[{"count":1,"href":"https:\/\/guialimeira.com.br\/news\/wp-json\/wp\/v2\/posts\/24529\/revisions"}],"predecessor-version":[{"id":24531,"href":"https:\/\/guialimeira.com.br\/news\/wp-json\/wp\/v2\/posts\/24529\/revisions\/24531"}],"wp:featuredmedia":[{"embeddable":true,"href":"https:\/\/guialimeira.com.br\/news\/wp-json\/wp\/v2\/media\/24530"}],"wp:attachment":[{"href":"https:\/\/guialimeira.com.br\/news\/wp-json\/wp\/v2\/media?parent=24529"}],"wp:term":[{"taxonomy":"category","embeddable":true,"href":"https:\/\/guialimeira.com.br\/news\/wp-json\/wp\/v2\/categories?post=24529"},{"taxonomy":"post_tag","embeddable":true,"href":"https:\/\/guialimeira.com.br\/news\/wp-json\/wp\/v2\/tags?post=24529"}],"curies":[{"name":"wp","href":"https:\/\/api.w.org\/{rel}","templated":true}]}}