{"id":24525,"date":"2025-02-23T03:11:54","date_gmt":"2025-02-23T06:11:54","guid":{"rendered":"https:\/\/guialimeira.com.br\/?p=24525"},"modified":"2025-02-23T03:11:54","modified_gmt":"2025-02-23T06:11:54","slug":"36-batalhao-da-policia-militar-e-homenageado-com-mocao","status":"publish","type":"post","link":"https:\/\/guialimeira.com.br\/news\/36-batalhao-da-policia-militar-e-homenageado-com-mocao\/","title":{"rendered":"36\u00b0 Batalh\u00e3o da Pol\u00edcia Militar \u00e9 homenageado com mo\u00e7\u00e3o"},"content":{"rendered":"\n<figure class=\"wp-block-gallery has-nested-images columns-default is-cropped wp-block-gallery-1 is-layout-flex wp-block-gallery-is-layout-flex\"><\/figure>\n \r\n<br><img data-recalc-dims=\"1\" decoding=\"async\" src=\"https:\/\/i0.wp.com\/guialimeira.com.br\/wp-content\/uploads\/2025\/02\/2025-02-18_36-batalhao-da-policia-militar-e-homenageado-com-mocao_1.jpg?w=696&#038;ssl=1\" \/><br><div>\n\t\t\t\t\t<p>A <a href=\"https:\/\/consulta.limeira.sp.leg.br\/Documentos\/Documento\/365272\" rel=\"noopener\">Mo\u00e7\u00e3o N\u00b0 8\/2025<\/a>, de autoria do vereador Costa J\u00fanior (Podemos), aprovada na sess\u00e3o ordin\u00e1ria desta segunda-feira, 17 de fevereiro, homenageia a equipe do 36\u00b0 Batalh\u00e3o da Pol\u00edcia Militar do Interior por opera\u00e7\u00e3o em uma ocorr\u00eancia de flagrante de tr\u00e1fico de drogas e posse de arma de fogo.\u00a0\u00a0\u00a0<\/p><p>O destaque da mo\u00e7\u00e3o relembra a atua\u00e7\u00e3o dos Policiais Militares cabo PM William de Azevedo Ouv\u00eddio e do cabo PM Paulo Henrique Santos de Almeida durante uma a\u00e7\u00e3o ocorrida em dezembro de 2024. A opera\u00e7\u00e3o teve in\u00edcio ap\u00f3s a pris\u00e3o de um integrante de uma fac\u00e7\u00e3o criminosa, quando a equipe da Pol\u00edcia Militar foi encaminhada a um estacionamento na \u00e1rea central da cidade que estava sendo utilizado para o com\u00e9rcio e armazenamento de drogas,\u00a0 al\u00e9m de servir como ponto de reuni\u00e3o da fac\u00e7\u00e3o.\u00a0<\/p><p>Tamb\u00e9m fazem parte da opera\u00e7\u00e3o os policiais 1\u00b0 Tenente Pm Rafael Lopes Silveira, 1\u00b0 Sargento Pm Leandro Salvador Atanazio, Cabo PM Jos\u00e9 Luiz de Pauli, Cabo PM Daniel Jos\u00e9 De Oliveira, Cabo PM Gleberson Frank Moura Santos, Cabo PM Vanderlei Donizeti Castilho J\u00fanior, Soldado PM Roberto Burger, Soldado PM Gustavo Henrique Zullo e Soldado PM Wendel Luciano Viaro.<\/p><p>Durante discurso, o vereador autor Costa J\u00fanior destacou os resultados da opera\u00e7\u00e3o e enfatizou a import\u00e2ncia do trabalho da Pol\u00edcia Militar para a seguran\u00e7a da sociedade.<\/p><p>A fala completa do vereador pode ser conferida neste <a href=\"https:\/\/www.youtube.com\/live\/mZdp-Wp5j0k?si=PaadK2fyWrM7TwqW&amp;t=6600\" rel=\"noopener\">link.\u00a0<\/a><\/p>\t\t\t\t<\/div>\r\n<br>\r\n<br><a href=\"https:\/\/www.limeira.sp.leg.br\/noticias\/view\/2025-02-18_36-batalhao-da-policia-militar-e-homenageado-com-mocao\" rel=\"noopener\">Informa\u00e7\u00f5es CMLSource link <\/a>","protected":false},"excerpt":{"rendered":"<p>A Mo\u00e7\u00e3o N\u00b0 8\/2025, de autoria do vereador Costa J\u00fanior (Podemos), aprovada na sess\u00e3o ordin\u00e1ria desta segunda-feira, 17 de fevereiro, homenageia a equipe do 36\u00b0 Batalh\u00e3o da Pol\u00edcia Militar do Interior por opera\u00e7\u00e3o em uma ocorr\u00eancia de flagrante de tr\u00e1fico de drogas e posse de arma de fogo.\u00a0\u00a0\u00a0 O destaque da mo\u00e7\u00e3o relembra a atua\u00e7\u00e3o [&hellip;]<\/p>\n","protected":false},"author":1,"featured_media":24526,"comment_status":"open","ping_status":"open","sticky":false,"template":"","format":"standard","meta":{"_jetpack_newsletter_access":"","_jetpack_dont_email_post_to_subs":false,"_jetpack_newsletter_tier_id":0,"_jetpack_memberships_contains_paywalled_content":false,"_mbp_banners":[],"_jetpack_feature_clip_id":0,"_jetpack_memberships_contains_paid_content":false,"footnotes":"","jetpack_publicize_message":"","jetpack_publicize_feature_enabled":true,"jetpack_social_post_already_shared":true,"jetpack_social_options":{"image_generator_settings":{"template":"highway","default_image_id":0,"font":"","enabled":false},"version":2},"jetpack_post_was_ever_published":false},"categories":[19],"tags":[],"class_list":["post-24525","post","type-post","status-publish","format-standard","has-post-thumbnail","category-politica"],"jetpack_publicize_connections":[],"jetpack-related-posts":[],"jetpack_shortlink":"https:\/\/wp.me\/p7Eq1F-6nz","jetpack_sharing_enabled":true,"jetpack_featured_media_url":"https:\/\/i0.wp.com\/guialimeira.com.br\/news\/wp-content\/uploads\/2025\/02\/36%C2%B0-Batalhao-da-Policia-Militar-e-homenageado-com-mocao.jpg?fit=1280%2C640&ssl=1","_links":{"self":[{"href":"https:\/\/guialimeira.com.br\/news\/wp-json\/wp\/v2\/posts\/24525","targetHints":{"allow":["GET"]}}],"collection":[{"href":"https:\/\/guialimeira.com.br\/news\/wp-json\/wp\/v2\/posts"}],"about":[{"href":"https:\/\/guialimeira.com.br\/news\/wp-json\/wp\/v2\/types\/post"}],"author":[{"embeddable":true,"href":"https:\/\/guialimeira.com.br\/news\/wp-json\/wp\/v2\/users\/1"}],"replies":[{"embeddable":true,"href":"https:\/\/guialimeira.com.br\/news\/wp-json\/wp\/v2\/comments?post=24525"}],"version-history":[{"count":1,"href":"https:\/\/guialimeira.com.br\/news\/wp-json\/wp\/v2\/posts\/24525\/revisions"}],"predecessor-version":[{"id":24527,"href":"https:\/\/guialimeira.com.br\/news\/wp-json\/wp\/v2\/posts\/24525\/revisions\/24527"}],"wp:featuredmedia":[{"embeddable":true,"href":"https:\/\/guialimeira.com.br\/news\/wp-json\/wp\/v2\/media\/24526"}],"wp:attachment":[{"href":"https:\/\/guialimeira.com.br\/news\/wp-json\/wp\/v2\/media?parent=24525"}],"wp:term":[{"taxonomy":"category","embeddable":true,"href":"https:\/\/guialimeira.com.br\/news\/wp-json\/wp\/v2\/categories?post=24525"},{"taxonomy":"post_tag","embeddable":true,"href":"https:\/\/guialimeira.com.br\/news\/wp-json\/wp\/v2\/tags?post=24525"}],"curies":[{"name":"wp","href":"https:\/\/api.w.org\/{rel}","templated":true}]}}