{"id":24521,"date":"2025-02-23T02:10:52","date_gmt":"2025-02-23T05:10:52","guid":{"rendered":"https:\/\/guialimeira.com.br\/?p=24521"},"modified":"2025-02-23T02:10:52","modified_gmt":"2025-02-23T05:10:52","slug":"mocao-de-reconhecimento-aos-gideoes-internacionais-do-brasil-e-aprovada","status":"publish","type":"post","link":"https:\/\/guialimeira.com.br\/news\/mocao-de-reconhecimento-aos-gideoes-internacionais-do-brasil-e-aprovada\/","title":{"rendered":"Mo\u00e7\u00e3o de reconhecimento aos Gide\u00f5es Internacionais do Brasil \u00e9 aprovada"},"content":{"rendered":"\n<figure class=\"wp-block-gallery has-nested-images columns-default is-cropped wp-block-gallery-1 is-layout-flex wp-block-gallery-is-layout-flex\"><\/figure>\n \r\n<br><img data-recalc-dims=\"1\" decoding=\"async\" src=\"https:\/\/i0.wp.com\/guialimeira.com.br\/wp-content\/uploads\/2025\/02\/2025-02-18_mocao-de-reconhecimento-aos-gideoes-internacionais-do-brasil-e-aprovada_1.jpg?w=696&#038;ssl=1\" \/><br><div>\n\t\t\t\t\t<p>A C\u00e2mara Municipal de Limeira aprovou na sess\u00e3o ordin\u00e1ria desta segunda-feira, 17 de fevereiro, a<a href=\"https:\/\/consulta.limeira.sp.leg.br\/Documentos\/Documento\/366264\" rel=\"noopener\"> Mo\u00e7\u00e3o N\u00ba 19\/2025<\/a> em reconhecimento aos Gide\u00f5es Internacionais do Brasil. Associa\u00e7\u00e3o Crist\u00e3 Interdenominacional, o grupo trabalha como mission\u00e1rio de evangeliza\u00e7\u00e3o e distribui\u00e7\u00e3o gratuita da B\u00edblia Sagrada e do Novo Testamento em diversos setores da sociedade.\u00a0 A propositura \u00e9 de autoria do vereador Felipe Penedo (PL).\u00a0<\/p><p>\u201cOs Gide\u00f5es Internacionais \u2013 Campo de Limeira tem realizado um trabalho not\u00e1vel na cidade e regi\u00e3o, promovendo a distribui\u00e7\u00e3o de exemplares do Novo Testamento em hospitais, escolas, for\u00e7as de seguran\u00e7a, estabelecimentos prisionais e demais locais estrat\u00e9gicos para o alcance da Palavra de Deus\u201d, considerou Felipe Penedo no texto legislativo.\u00a0\u00a0<\/p><p>O parlamentar descreveu que a difus\u00e3o das Escrituras Sagradas, com o prop\u00f3sito de levar a mensagem do Evangelho, \u00e9 feita a todas as pessoas, independentemente de cren\u00e7a, classe social ou nacionalidade.\u00a0 Ele citou a distribui\u00e7\u00e3o de exemplares do Novo Testamento na rede municipal de ensino de Limeira, proporcionando aos alunos acesso \u00e0 mensagem crist\u00e3 e contribuindo para a forma\u00e7\u00e3o \u00e9tica e moral dos jovens.\u00a0\u00a0<\/p><p>\u201cEsta a\u00e7\u00e3o, realizada com total respeito \u00e0 liberdade de cren\u00e7a e aos princ\u00edpios democr\u00e1ticos, representa um gesto de amor ao pr\u00f3ximo e um compromisso com a transforma\u00e7\u00e3o espiritual e social da comunidade\u201d, enfatizou.\u00a0\u00a0<\/p><p>Ainda segundo o vereador, f\u00e9, solidariedade, esperan\u00e7a e compromisso com o bem comum, impactando positivamente a sociedade e promovendo um ambiente de reflex\u00e3o e crescimento espiritual s\u00e3o os valores do trabalho mission\u00e1rio realizado pelos Gide\u00f5es Internacionais em Limeira.\u00a0\u00a0<\/p><p>O discurso completo do vereador pode ser acessado neste<a href=\"https:\/\/youtu.be\/mZdp-Wp5j0k?t=7088\" rel=\"noopener\"> link<\/a>.\u00a0<\/p><p><i>Do Gabinete Parlamentar \u2013 vereador Felipe Penedo (PL)\u00a0<\/i><\/p><p><strong>As mat\u00e9rias de origem dos Gabinetes Parlamentares s\u00e3o de inteira\u00a0 responsabilidade dos parlamentares e de suas assessorias. S\u00e3o devidamente assinadas e n\u00e3o refletem, necessariamente, a opini\u00e3o institucional da C\u00e2mara Municipal de Limeira.<\/strong><\/p>\t\t\t\t<\/div>\r\n<br>\r\n<br><a href=\"https:\/\/www.limeira.sp.leg.br\/noticias\/view\/2025-02-18_mocao-de-reconhecimento-aos-gideoes-internacionais-do-brasil-e-aprovada\" rel=\"noopener\">Informa\u00e7\u00f5es CMLSource link <\/a>","protected":false},"excerpt":{"rendered":"<p>A C\u00e2mara Municipal de Limeira aprovou na sess\u00e3o ordin\u00e1ria desta segunda-feira, 17 de fevereiro, a Mo\u00e7\u00e3o N\u00ba 19\/2025 em reconhecimento aos Gide\u00f5es Internacionais do Brasil. Associa\u00e7\u00e3o Crist\u00e3 Interdenominacional, o grupo trabalha como mission\u00e1rio de evangeliza\u00e7\u00e3o e distribui\u00e7\u00e3o gratuita da B\u00edblia Sagrada e do Novo Testamento em diversos setores da sociedade.\u00a0 A propositura \u00e9 de autoria [&hellip;]<\/p>\n","protected":false},"author":1,"featured_media":24522,"comment_status":"open","ping_status":"open","sticky":false,"template":"","format":"standard","meta":{"_jetpack_newsletter_access":"","_jetpack_dont_email_post_to_subs":false,"_jetpack_newsletter_tier_id":0,"_jetpack_memberships_contains_paywalled_content":false,"_mbp_banners":[],"_jetpack_feature_clip_id":0,"_jetpack_memberships_contains_paid_content":false,"footnotes":"","jetpack_publicize_message":"","jetpack_publicize_feature_enabled":true,"jetpack_social_post_already_shared":true,"jetpack_social_options":{"image_generator_settings":{"template":"highway","default_image_id":0,"font":"","enabled":false},"version":2},"jetpack_post_was_ever_published":false},"categories":[19],"tags":[],"class_list":["post-24521","post","type-post","status-publish","format-standard","has-post-thumbnail","category-politica"],"jetpack_publicize_connections":[],"jetpack-related-posts":[],"jetpack_shortlink":"https:\/\/wp.me\/p7Eq1F-6nv","jetpack_sharing_enabled":true,"jetpack_featured_media_url":"https:\/\/i0.wp.com\/guialimeira.com.br\/news\/wp-content\/uploads\/2025\/02\/Mocao-de-reconhecimento-aos-Gideoes-Internacionais-do-Brasil-e-aprovada.jpg?fit=1280%2C640&ssl=1","_links":{"self":[{"href":"https:\/\/guialimeira.com.br\/news\/wp-json\/wp\/v2\/posts\/24521","targetHints":{"allow":["GET"]}}],"collection":[{"href":"https:\/\/guialimeira.com.br\/news\/wp-json\/wp\/v2\/posts"}],"about":[{"href":"https:\/\/guialimeira.com.br\/news\/wp-json\/wp\/v2\/types\/post"}],"author":[{"embeddable":true,"href":"https:\/\/guialimeira.com.br\/news\/wp-json\/wp\/v2\/users\/1"}],"replies":[{"embeddable":true,"href":"https:\/\/guialimeira.com.br\/news\/wp-json\/wp\/v2\/comments?post=24521"}],"version-history":[{"count":1,"href":"https:\/\/guialimeira.com.br\/news\/wp-json\/wp\/v2\/posts\/24521\/revisions"}],"predecessor-version":[{"id":24523,"href":"https:\/\/guialimeira.com.br\/news\/wp-json\/wp\/v2\/posts\/24521\/revisions\/24523"}],"wp:featuredmedia":[{"embeddable":true,"href":"https:\/\/guialimeira.com.br\/news\/wp-json\/wp\/v2\/media\/24522"}],"wp:attachment":[{"href":"https:\/\/guialimeira.com.br\/news\/wp-json\/wp\/v2\/media?parent=24521"}],"wp:term":[{"taxonomy":"category","embeddable":true,"href":"https:\/\/guialimeira.com.br\/news\/wp-json\/wp\/v2\/categories?post=24521"},{"taxonomy":"post_tag","embeddable":true,"href":"https:\/\/guialimeira.com.br\/news\/wp-json\/wp\/v2\/tags?post=24521"}],"curies":[{"name":"wp","href":"https:\/\/api.w.org\/{rel}","templated":true}]}}