{"id":24517,"date":"2025-02-23T01:09:51","date_gmt":"2025-02-23T04:09:51","guid":{"rendered":"https:\/\/guialimeira.com.br\/?p=24517"},"modified":"2025-02-23T01:09:51","modified_gmt":"2025-02-23T04:09:51","slug":"projeto-motolancia-cria-diretrizes-para-a-utilizacao-de-motocicletas-equipadas-no-samu","status":"publish","type":"post","link":"https:\/\/guialimeira.com.br\/news\/projeto-motolancia-cria-diretrizes-para-a-utilizacao-de-motocicletas-equipadas-no-samu\/","title":{"rendered":"Projeto Motol\u00e2ncia cria diretrizes para a utiliza\u00e7\u00e3o de motocicletas equipadas no Samu"},"content":{"rendered":"\n<figure class=\"wp-block-gallery has-nested-images columns-default is-cropped wp-block-gallery-1 is-layout-flex wp-block-gallery-is-layout-flex\"><\/figure>\n \r\n<br><img data-recalc-dims=\"1\" decoding=\"async\" src=\"https:\/\/i0.wp.com\/guialimeira.com.br\/wp-content\/uploads\/2025\/02\/2025-02-18_projeto-motolancia-cria-diretrizes-para-a-utilizacao-de-motocicletas-equipadas-no-samu_1..jpeg?w=696&#038;ssl=1\" \/><br><div>\n\t\t\t\t\t<p>Com o objetivo de estabelecer avan\u00e7os para o Servi\u00e7o de Atendimento M\u00f3vel de Urg\u00eancia (Samu) em Limeira, o vereador Jos\u00e9 Aparecido Maciel, conhecido como Z\u00e9 da Farm\u00e1cia (Solidariedade), prop\u00f5e a implanta\u00e7\u00e3o do Programa Motol\u00e2ncia. O<a href=\"https:\/\/consulta.limeira.sp.leg.br\/Documentos\/Documento\/366658\" rel=\"noopener\"> Projeto de Lei N\u00ba 21\/2025<\/a> estabelece diretrizes para a utiliza\u00e7\u00e3o de motocicletas equipadas para o atendimento r\u00e1pido de emerg\u00eancias, garantindo maior agilidade na assist\u00eancia \u00e0 popula\u00e7\u00e3o.<\/p><p>Segundo o parlamentar, com base na <a href=\"https:\/\/bvsms.saude.gov.br\/bvs\/saudelegis\/gm\/2008\/prt2971_08_12_2008.html\" rel=\"noopener\">Portaria N\u00ba 2.971\/GM\/MS<\/a> do Minist\u00e9rio da Sa\u00fade, a proposta visa otimizar o tempo de resposta do Samu, permitindo que as motol\u00e2ncias atuem em situa\u00e7\u00f5es as quais o acesso \u00e9 dificultado pelo tr\u00e2nsito intenso ou condi\u00e7\u00f5es geogr\u00e1ficas. A proposta tamb\u00e9m prev\u00ea o suporte \u00e0s ambul\u00e2ncias convencionais em interven\u00e7\u00f5es cr\u00edticas, como reanima\u00e7\u00e3o cardiopulmonar e socorro \u00e0s v\u00edtimas de acidentes.<\/p><p>O vereador Z\u00e9 da Farm\u00e1cia destacou que a mobilidade urbana tem sido um desafio crescente para o Samu e que a implanta\u00e7\u00e3o das motol\u00e2ncias representa uma solu\u00e7\u00e3o eficaz para minimizar atrasos e salvar vidas. &#8220;Nosso objetivo \u00e9 oferecer um atendimento mais \u00e1gil e eficiente, garantindo que as primeiras manobras de suporte b\u00e1sico sejam realizadas no menor tempo poss\u00edvel, aumentando as chances de sobrevida das v\u00edtimas&#8221;, enfatizou o autor do projeto.<\/p><p>A propositura tamb\u00e9m determina que as equipes motorizadas do Samu ser\u00e3o treinadas e equipadas conforme as exig\u00eancias do Minist\u00e9rio da Sa\u00fade, garantindo seguran\u00e7a e qualidade no atendimento prestado.<\/p><p>O projeto segue em aprecia\u00e7\u00e3o na C\u00e2mara Municipal de Limeira nas comiss\u00f5es permanentes, antes de ficar apto para vota\u00e7\u00e3o em Plen\u00e1rio. A expectativa do proponente \u00e9 que a aprova\u00e7\u00e3o traga um impacto positivo significativo para a sa\u00fade p\u00fablica do munic\u00edpio.\u00a0\u00a0<\/p><p><i>Do Gabinete Parlamentar \u2013 vereador Z\u00e9 da Farm\u00e1cia (<\/i>Solidariedade<i>)\u00a0<\/i><\/p><p><strong>As mat\u00e9rias de origem dos Gabinetes Parlamentares s\u00e3o de inteira\u00a0 responsabilidade dos parlamentares e de suas assessorias. S\u00e3o devidamente assinadas e n\u00e3o refletem, necessariamente, a opini\u00e3o institucional da C\u00e2mara Municipal de Limeira.\u00a0<\/strong><\/p>\t\t\t\t<\/div>\r\n<br>\r\n<br><a href=\"https:\/\/www.limeira.sp.leg.br\/noticias\/view\/2025-02-18_projeto-motolancia-cria-diretrizes-para-a-utilizacao-de-motocicletas-equipadas-no-samu\" rel=\"noopener\">Informa\u00e7\u00f5es CMLSource link <\/a>","protected":false},"excerpt":{"rendered":"<p>Com o objetivo de estabelecer avan\u00e7os para o Servi\u00e7o de Atendimento M\u00f3vel de Urg\u00eancia (Samu) em Limeira, o vereador Jos\u00e9 Aparecido Maciel, conhecido como Z\u00e9 da Farm\u00e1cia (Solidariedade), prop\u00f5e a implanta\u00e7\u00e3o do Programa Motol\u00e2ncia. O Projeto de Lei N\u00ba 21\/2025 estabelece diretrizes para a utiliza\u00e7\u00e3o de motocicletas equipadas para o atendimento r\u00e1pido de emerg\u00eancias, garantindo [&hellip;]<\/p>\n","protected":false},"author":1,"featured_media":24518,"comment_status":"open","ping_status":"open","sticky":false,"template":"","format":"standard","meta":{"_jetpack_newsletter_access":"","_jetpack_dont_email_post_to_subs":false,"_jetpack_newsletter_tier_id":0,"_jetpack_memberships_contains_paywalled_content":false,"_mbp_banners":[],"_jetpack_feature_clip_id":0,"_jetpack_memberships_contains_paid_content":false,"footnotes":"","jetpack_publicize_message":"","jetpack_publicize_feature_enabled":true,"jetpack_social_post_already_shared":true,"jetpack_social_options":{"image_generator_settings":{"template":"highway","default_image_id":0,"font":"","enabled":false},"version":2},"jetpack_post_was_ever_published":false},"categories":[19],"tags":[],"class_list":["post-24517","post","type-post","status-publish","format-standard","has-post-thumbnail","category-politica"],"jetpack_publicize_connections":[],"jetpack-related-posts":[],"jetpack_shortlink":"https:\/\/wp.me\/p7Eq1F-6nr","jetpack_sharing_enabled":true,"jetpack_featured_media_url":"https:\/\/i0.wp.com\/guialimeira.com.br\/news\/wp-content\/uploads\/2025\/02\/Projeto-Motolancia-cria-diretrizes-para-a-utilizacao-de-motocicletas-equipadas.jpeg?fit=1280%2C640&ssl=1","_links":{"self":[{"href":"https:\/\/guialimeira.com.br\/news\/wp-json\/wp\/v2\/posts\/24517","targetHints":{"allow":["GET"]}}],"collection":[{"href":"https:\/\/guialimeira.com.br\/news\/wp-json\/wp\/v2\/posts"}],"about":[{"href":"https:\/\/guialimeira.com.br\/news\/wp-json\/wp\/v2\/types\/post"}],"author":[{"embeddable":true,"href":"https:\/\/guialimeira.com.br\/news\/wp-json\/wp\/v2\/users\/1"}],"replies":[{"embeddable":true,"href":"https:\/\/guialimeira.com.br\/news\/wp-json\/wp\/v2\/comments?post=24517"}],"version-history":[{"count":1,"href":"https:\/\/guialimeira.com.br\/news\/wp-json\/wp\/v2\/posts\/24517\/revisions"}],"predecessor-version":[{"id":24519,"href":"https:\/\/guialimeira.com.br\/news\/wp-json\/wp\/v2\/posts\/24517\/revisions\/24519"}],"wp:featuredmedia":[{"embeddable":true,"href":"https:\/\/guialimeira.com.br\/news\/wp-json\/wp\/v2\/media\/24518"}],"wp:attachment":[{"href":"https:\/\/guialimeira.com.br\/news\/wp-json\/wp\/v2\/media?parent=24517"}],"wp:term":[{"taxonomy":"category","embeddable":true,"href":"https:\/\/guialimeira.com.br\/news\/wp-json\/wp\/v2\/categories?post=24517"},{"taxonomy":"post_tag","embeddable":true,"href":"https:\/\/guialimeira.com.br\/news\/wp-json\/wp\/v2\/tags?post=24517"}],"curies":[{"name":"wp","href":"https:\/\/api.w.org\/{rel}","templated":true}]}}