{"id":24513,"date":"2025-02-23T00:08:51","date_gmt":"2025-02-23T03:08:51","guid":{"rendered":"https:\/\/guialimeira.com.br\/?p=24513"},"modified":"2025-02-23T00:08:51","modified_gmt":"2025-02-23T03:08:51","slug":"25-projetos-sao-apreciados-pela-comissao-de-constituicao-justica-e-redacao","status":"publish","type":"post","link":"https:\/\/guialimeira.com.br\/news\/25-projetos-sao-apreciados-pela-comissao-de-constituicao-justica-e-redacao\/","title":{"rendered":"25 projetos s\u00e3o apreciados pela Comiss\u00e3o de Constitui\u00e7\u00e3o Justi\u00e7a e Reda\u00e7\u00e3o"},"content":{"rendered":"\n<figure class=\"wp-block-gallery has-nested-images columns-default is-cropped wp-block-gallery-1 is-layout-flex wp-block-gallery-is-layout-flex\"><\/figure>\n \r\n<br><img data-recalc-dims=\"1\" decoding=\"async\" src=\"https:\/\/i0.wp.com\/guialimeira.com.br\/wp-content\/uploads\/2025\/02\/2025-02-18_25-projetos-sao-apreciados-pela-comissao-de-constituicao-justica-e-redacao_1.jpg?w=696&#038;ssl=1\" \/><br><div>\n\t\t\t\t\t<p>A Comiss\u00e3o de Constitui\u00e7\u00e3o, Justi\u00e7a e Reda\u00e7\u00e3o da C\u00e2mara de Limeira analisou 25 projetos que estavam na <a href=\"https:\/\/consulta.limeira.sp.leg.br\/Sessoes\/Documento\/367005\" rel=\"noopener\">pauta<\/a> da reuni\u00e3o desta ter\u00e7a-feira, 18 de fevereiro. Ao todo, uma proposta recebeu parecer favor\u00e1vel e as demais permanecem em estudo ou foram encaminhadas para a Procuradoria Legislativa para elabora\u00e7\u00e3o de parecer, conforme o registro em <a href=\"https:\/\/consulta.limeira.sp.leg.br\/arquivo?Id=478172\" rel=\"noopener\">ata<\/a>.\u00a0<\/p><p>A CCJR se manifesta sobre o aspecto constitucional, legal, regimental, gramatical e l\u00f3gico de todas as proposi\u00e7\u00f5es que tramitam na C\u00e2mara.\u00a0 Fazem parte Mara Isa Mattos Silveira (PL), presidente; Anderson Pereira (PSD), vice-presidente; e Mariana Calsa (MDB), secret\u00e1ria. As reuni\u00f5es acontecem semanalmente \u00e0s ter\u00e7as-feiras \u00e0s 16h.<\/p><p>Confira o projeto com parecer favor\u00e1vel:<\/p><p><a href=\"https:\/\/consulta.limeira.sp.leg.br\/Documentos\/Documento\/365757\" rel=\"noopener\">Projeto de Resolu\u00e7\u00e3o N\u00ba 5\/2025<\/a> \u2013 do vereador Everton Ferreira (PSD), institui, no \u00e2mbito da C\u00e2mara Municipal de Limeira, o programa Emprega Limeira.<\/p>\t\t\t\t<\/div>\r\n<br>\r\n<br><a href=\"https:\/\/www.limeira.sp.leg.br\/noticias\/view\/2025-02-18_25-projetos-sao-apreciados-pela-comissao-de-constituicao-justica-e-redacao\" rel=\"noopener\">Informa\u00e7\u00f5es CMLSource link <\/a>","protected":false},"excerpt":{"rendered":"<p>A Comiss\u00e3o de Constitui\u00e7\u00e3o, Justi\u00e7a e Reda\u00e7\u00e3o da C\u00e2mara de Limeira analisou 25 projetos que estavam na pauta da reuni\u00e3o desta ter\u00e7a-feira, 18 de fevereiro. Ao todo, uma proposta recebeu parecer favor\u00e1vel e as demais permanecem em estudo ou foram encaminhadas para a Procuradoria Legislativa para elabora\u00e7\u00e3o de parecer, conforme o registro em ata.\u00a0 A [&hellip;]<\/p>\n","protected":false},"author":1,"featured_media":24514,"comment_status":"open","ping_status":"open","sticky":false,"template":"","format":"standard","meta":{"_jetpack_newsletter_access":"","_jetpack_dont_email_post_to_subs":false,"_jetpack_newsletter_tier_id":0,"_jetpack_memberships_contains_paywalled_content":false,"_mbp_banners":[],"_jetpack_feature_clip_id":0,"_jetpack_memberships_contains_paid_content":false,"footnotes":"","jetpack_publicize_message":"","jetpack_publicize_feature_enabled":true,"jetpack_social_post_already_shared":true,"jetpack_social_options":{"image_generator_settings":{"template":"highway","default_image_id":0,"font":"","enabled":false},"version":2},"jetpack_post_was_ever_published":false},"categories":[19],"tags":[],"class_list":["post-24513","post","type-post","status-publish","format-standard","has-post-thumbnail","category-politica"],"jetpack_publicize_connections":[],"jetpack-related-posts":[],"jetpack_shortlink":"https:\/\/wp.me\/p7Eq1F-6nn","jetpack_sharing_enabled":true,"jetpack_featured_media_url":"https:\/\/i0.wp.com\/guialimeira.com.br\/news\/wp-content\/uploads\/2025\/02\/25-projetos-sao-apreciados-pela-Comissao-de-Constituicao-Justica-e.jpg?fit=1280%2C640&ssl=1","_links":{"self":[{"href":"https:\/\/guialimeira.com.br\/news\/wp-json\/wp\/v2\/posts\/24513","targetHints":{"allow":["GET"]}}],"collection":[{"href":"https:\/\/guialimeira.com.br\/news\/wp-json\/wp\/v2\/posts"}],"about":[{"href":"https:\/\/guialimeira.com.br\/news\/wp-json\/wp\/v2\/types\/post"}],"author":[{"embeddable":true,"href":"https:\/\/guialimeira.com.br\/news\/wp-json\/wp\/v2\/users\/1"}],"replies":[{"embeddable":true,"href":"https:\/\/guialimeira.com.br\/news\/wp-json\/wp\/v2\/comments?post=24513"}],"version-history":[{"count":1,"href":"https:\/\/guialimeira.com.br\/news\/wp-json\/wp\/v2\/posts\/24513\/revisions"}],"predecessor-version":[{"id":24515,"href":"https:\/\/guialimeira.com.br\/news\/wp-json\/wp\/v2\/posts\/24513\/revisions\/24515"}],"wp:featuredmedia":[{"embeddable":true,"href":"https:\/\/guialimeira.com.br\/news\/wp-json\/wp\/v2\/media\/24514"}],"wp:attachment":[{"href":"https:\/\/guialimeira.com.br\/news\/wp-json\/wp\/v2\/media?parent=24513"}],"wp:term":[{"taxonomy":"category","embeddable":true,"href":"https:\/\/guialimeira.com.br\/news\/wp-json\/wp\/v2\/categories?post=24513"},{"taxonomy":"post_tag","embeddable":true,"href":"https:\/\/guialimeira.com.br\/news\/wp-json\/wp\/v2\/tags?post=24513"}],"curies":[{"name":"wp","href":"https:\/\/api.w.org\/{rel}","templated":true}]}}