{"id":24505,"date":"2025-02-22T22:06:51","date_gmt":"2025-02-23T01:06:51","guid":{"rendered":"https:\/\/guialimeira.com.br\/?p=24505"},"modified":"2025-02-22T22:06:51","modified_gmt":"2025-02-23T01:06:51","slug":"felipe-penedo-participa-de-reuniao-sobre-uso-consciente-da-agua-e-inadimplencia-no-residencial-rubi-a","status":"publish","type":"post","link":"https:\/\/guialimeira.com.br\/news\/felipe-penedo-participa-de-reuniao-sobre-uso-consciente-da-agua-e-inadimplencia-no-residencial-rubi-a\/","title":{"rendered":"Felipe Penedo participa de reuni\u00e3o sobre uso consciente da \u00e1gua e inadimpl\u00eancia no Residencial Rubi A"},"content":{"rendered":"\n<figure class=\"wp-block-gallery has-nested-images columns-default is-cropped wp-block-gallery-1 is-layout-flex wp-block-gallery-is-layout-flex\"><\/figure>\n \r\n<br><img data-recalc-dims=\"1\" decoding=\"async\" src=\"https:\/\/i0.wp.com\/guialimeira.com.br\/wp-content\/uploads\/2025\/02\/2025-02-19_felipe-penedo-participa-de-reuniao-sobre-uso-consciente-da-agua-e-inadimplencia-no-reside.jpeg?w=696&#038;ssl=1\" \/><br><div>\n\t\t\t\t\t<p>O vereador Felipe Penedo (PL) participou, na noite desta ter\u00e7a-feira, 18 de fevereiro, de uma reuni\u00e3o com moradores do Rubi A, um dos condom\u00ednios de 300 apartamentos que comp\u00f5em o Residencial Rubi. O encontro contou com a presen\u00e7a de representantes da concession\u00e1ria BRK Ambiental, da administra\u00e7\u00e3o do condom\u00ednio e do corpo jur\u00eddico, tendo como foco principal o uso consciente da \u00e1gua.\u00a0<\/p><p>Al\u00e9m das orienta\u00e7\u00f5es sobre consumo respons\u00e1vel, outro tema de grande preocupa\u00e7\u00e3o, segundo o parlamentar, foi a inadimpl\u00eancia nas contas de \u00e1gua, que atualmente atinge cerca de 50% dos moradores do condom\u00ednio. Durante a reuni\u00e3o, a s\u00edndica apresentou a situa\u00e7\u00e3o financeira do condom\u00ednio e destacou que acordos est\u00e3o sendo firmados com a BRK Ambiental para a regulariza\u00e7\u00e3o das d\u00edvidas. Uma assembleia com os moradores foi agendada para o final deste m\u00eas para tratar do assunto.\u00a0<\/p><p>A iniciativa do encontro partiu do pr\u00f3prio vereador, que acompanha de perto a realidade do Rubi desde o in\u00edcio da constru\u00e7\u00e3o, quando atuava como secret\u00e1rio de Habita\u00e7\u00e3o do munic\u00edpio. &#8220;Vi o primeiro tijolo ser assentado e, desde ent\u00e3o, tenho um olhar atento para as quest\u00f5es que envolvem esse empreendimento. A reuni\u00e3o foi organizada para conscientizar os moradores sobre o uso racional da \u00e1gua, com dicas da BRK, e tamb\u00e9m para oferecer suporte na resolu\u00e7\u00e3o dos desafios enfrentados pelo condom\u00ednio. Estive recentemente no F\u00f3rum para obter informa\u00e7\u00f5es sobre processos em andamento relacionados \u00e0 inadimpl\u00eancia e sigo \u00e0 disposi\u00e7\u00e3o para auxiliar os moradores&#8221;, destacou Felipe Penedo.\u00a0<\/p><p>Com a participa\u00e7\u00e3o de aproximadamente 120 moradores, o encontro refor\u00e7ou o interesse da comunidade em buscar solu\u00e7\u00f5es para as contas em atraso e adotar medidas para o uso sustent\u00e1vel da \u00e1gua. &#8220;Essa foi mais uma iniciativa do nosso mandato, e a grande ades\u00e3o demonstra o comprometimento dos moradores com a regulariza\u00e7\u00e3o das faturas e o consumo consciente&#8221;, concluiu o vereador.<\/p><p><i>Do Gabinete Parlamentar &#8211; Felipe Penedo (PL)<\/i><\/p><p><strong>As mat\u00e9rias de origem dos Gabinetes Parlamentares s\u00e3o de inteira\u00a0 responsabilidade dos parlamentares e de\u00a0 suas assessorias. S\u00e3o devidamente assinadas e n\u00e3o refletem, necessariamente, a opini\u00e3o institucional da C\u00e2mara Municipal de Limeira.<\/strong><\/p>\t\t\t\t<\/div>\r\n<br>\r\n<br><a href=\"https:\/\/www.limeira.sp.leg.br\/noticias\/view\/2025-02-19_felipe-penedo-participa-de-reuniao-sobre-uso-consciente-da-agua-e-inadimplencia-no-residencial-rubi-a\" rel=\"noopener\">Informa\u00e7\u00f5es CMLSource link <\/a>","protected":false},"excerpt":{"rendered":"<p>O vereador Felipe Penedo (PL) participou, na noite desta ter\u00e7a-feira, 18 de fevereiro, de uma reuni\u00e3o com moradores do Rubi A, um dos condom\u00ednios de 300 apartamentos que comp\u00f5em o Residencial Rubi. O encontro contou com a presen\u00e7a de representantes da concession\u00e1ria BRK Ambiental, da administra\u00e7\u00e3o do condom\u00ednio e do corpo jur\u00eddico, tendo como foco [&hellip;]<\/p>\n","protected":false},"author":1,"featured_media":24506,"comment_status":"open","ping_status":"open","sticky":false,"template":"","format":"standard","meta":{"_jetpack_newsletter_access":"","_jetpack_dont_email_post_to_subs":false,"_jetpack_newsletter_tier_id":0,"_jetpack_memberships_contains_paywalled_content":false,"_mbp_banners":[],"_jetpack_feature_clip_id":0,"_jetpack_memberships_contains_paid_content":false,"footnotes":"","jetpack_publicize_message":"","jetpack_publicize_feature_enabled":true,"jetpack_social_post_already_shared":true,"jetpack_social_options":{"image_generator_settings":{"template":"highway","default_image_id":0,"font":"","enabled":false},"version":2},"jetpack_post_was_ever_published":false},"categories":[19],"tags":[],"class_list":["post-24505","post","type-post","status-publish","format-standard","has-post-thumbnail","category-politica"],"jetpack_publicize_connections":[],"jetpack-related-posts":[],"jetpack_shortlink":"https:\/\/wp.me\/p7Eq1F-6nf","jetpack_sharing_enabled":true,"jetpack_featured_media_url":"https:\/\/i0.wp.com\/guialimeira.com.br\/news\/wp-content\/uploads\/2025\/02\/Felipe-Penedo-participa-de-reuniao-sobre-uso-consciente-da-agua.jpeg?fit=1280%2C640&ssl=1","_links":{"self":[{"href":"https:\/\/guialimeira.com.br\/news\/wp-json\/wp\/v2\/posts\/24505","targetHints":{"allow":["GET"]}}],"collection":[{"href":"https:\/\/guialimeira.com.br\/news\/wp-json\/wp\/v2\/posts"}],"about":[{"href":"https:\/\/guialimeira.com.br\/news\/wp-json\/wp\/v2\/types\/post"}],"author":[{"embeddable":true,"href":"https:\/\/guialimeira.com.br\/news\/wp-json\/wp\/v2\/users\/1"}],"replies":[{"embeddable":true,"href":"https:\/\/guialimeira.com.br\/news\/wp-json\/wp\/v2\/comments?post=24505"}],"version-history":[{"count":1,"href":"https:\/\/guialimeira.com.br\/news\/wp-json\/wp\/v2\/posts\/24505\/revisions"}],"predecessor-version":[{"id":24507,"href":"https:\/\/guialimeira.com.br\/news\/wp-json\/wp\/v2\/posts\/24505\/revisions\/24507"}],"wp:featuredmedia":[{"embeddable":true,"href":"https:\/\/guialimeira.com.br\/news\/wp-json\/wp\/v2\/media\/24506"}],"wp:attachment":[{"href":"https:\/\/guialimeira.com.br\/news\/wp-json\/wp\/v2\/media?parent=24505"}],"wp:term":[{"taxonomy":"category","embeddable":true,"href":"https:\/\/guialimeira.com.br\/news\/wp-json\/wp\/v2\/categories?post=24505"},{"taxonomy":"post_tag","embeddable":true,"href":"https:\/\/guialimeira.com.br\/news\/wp-json\/wp\/v2\/tags?post=24505"}],"curies":[{"name":"wp","href":"https:\/\/api.w.org\/{rel}","templated":true}]}}