{"id":2450,"date":"2024-04-23T13:07:45","date_gmt":"2024-04-23T16:07:45","guid":{"rendered":"https:\/\/guialimeira.com.br\/2024\/04\/23\/maestrina-e-pianista-lideram-concerto-da-osp-em-abril-portal-do-municipio-de-piracicaba\/"},"modified":"2024-04-23T13:07:45","modified_gmt":"2024-04-23T16:07:45","slug":"maestrina-e-pianista-lideram-concerto-da-osp-em-abril-portal-do-municipio-de-piracicaba","status":"publish","type":"post","link":"https:\/\/guialimeira.com.br\/news\/maestrina-e-pianista-lideram-concerto-da-osp-em-abril-portal-do-municipio-de-piracicaba\/","title":{"rendered":"Maestrina e pianista lideram concerto da OSP em abril \u2013 Portal do Munic\u00edpio de Piracicaba"},"content":{"rendered":"<p> <br \/>\n<\/p>\n<div>\n<figure class=\"text-center\">\n<img data-recalc-dims=\"1\" width=\"696\" height=\"464\" src=\"https:\/\/i0.wp.com\/piracicaba.sp.gov.br\/wp-content\/uploads\/2024\/04\/Concerto-reune-a-maestrina-Cinthia-Alireti-e-a-pianista-Simone-Leitao-foto-Divulgacao-1024x683.jpg?resize=696%2C464&#038;ssl=1\" class=\"img-fluid img-thumbnail border-1 wp-post-image\" alt=\"Concerto reu\u0301ne a maestrina Cinthia Alireti e a pianista Simone Leita\u0303o - Foto: Divulgac\u0327a\u0303o\" itemprop=\"image\" decoding=\"async\" fetchpriority=\"high\" srcset=\"https:\/\/piracicaba.sp.gov.br\/wp-content\/uploads\/2024\/04\/Concerto-reune-a-maestrina-Cinthia-Alireti-e-a-pianista-Simone-Leitao-foto-Divulgacao-1024x683.jpg 1024w, https:\/\/piracicaba.sp.gov.br\/wp-content\/uploads\/2024\/04\/Concerto-reune-a-maestrina-Cinthia-Alireti-e-a-pianista-Simone-Leitao-foto-Divulgacao-300x200.jpg 300w, https:\/\/piracicaba.sp.gov.br\/wp-content\/uploads\/2024\/04\/Concerto-reune-a-maestrina-Cinthia-Alireti-e-a-pianista-Simone-Leitao-foto-Divulgacao-768x512.jpg 768w, https:\/\/piracicaba.sp.gov.br\/wp-content\/uploads\/2024\/04\/Concerto-reune-a-maestrina-Cinthia-Alireti-e-a-pianista-Simone-Leitao-foto-Divulgacao.jpg 1200w\" sizes=\"(max-width: 1024px) 100vw, 1024px\"\/><figcaption class=\"text-center small fw-bold fst-italic mt-1\">Concerto reu\u0301ne a maestrina Cinthia Alireti e a pianista Simone Leita\u0303o &#8211; Foto: Divulgac\u0327a\u0303o<\/figcaption><\/figure>\n<p>Duas mulheres est\u00e3o \u00e0 frente do pr\u00f3ximo concerto da OSP (Orquestra Sinf\u00f4nica de Piracicaba): na batuta, a maestrina Cinthia Alireti, e como solista, ao piano, Simone Leit\u00e3o. Obras de Jean Sibelius e Edvard Grieg integram o programa, com apresenta\u00e7\u00f5es no s\u00e1bado, 27\/04, \u00e0s 16h e \u00e0s 19h, no Teatro Municipal Erotides de Campos, o Teatro do Engenho. A entrada \u00e9 gratuita e os ingressos poder\u00e3o ser retirados online ou presencialmente, na bilheteria do teatro, uma hora antes do in\u00edcio do espet\u00e1culo. A OSP recebe subven\u00e7\u00e3o da Prefeitura do Munic\u00edpio de Piracicaba, por meio da Semac (Secretaria Municipal da A\u00e7\u00e3o Cultural).<\/p>\n<p>O programa dos concertos incluir\u00e1 duas obras do compositor finland\u00eas Jean Sibelius: a primeira \u00e9 Finl\u00e2ndia, Op. 26, pe\u00e7a de 1899 que reflete o sentimento de despertar nacionalista do povo finland\u00eas. A composi\u00e7\u00e3o \u00e9 considerada um s\u00edmbolo da identidade nacional finlandesa e do nacionalismo musical do pa\u00eds, por ser criada para comemorar a independ\u00eancia do dom\u00ednio russo.<\/p>\n<figure class=\"wp-block-image size-large\"><img data-recalc-dims=\"1\" loading=\"lazy\" decoding=\"async\" width=\"696\" height=\"464\" src=\"https:\/\/i0.wp.com\/piracicaba.sp.gov.br\/wp-content\/uploads\/2024\/04\/Concerto-da-OSP-acontece-no-sabado-foto-Rodrigo-Alves-1024x683.jpg?resize=696%2C464&#038;ssl=1\" alt=\"Concerto da OSP acontece no sa\u0301bado - Foto: Rodrigo Alves\" class=\"wp-image-77622\" srcset=\"https:\/\/piracicaba.sp.gov.br\/wp-content\/uploads\/2024\/04\/Concerto-da-OSP-acontece-no-sabado-foto-Rodrigo-Alves-1024x683.jpg 1024w, https:\/\/piracicaba.sp.gov.br\/wp-content\/uploads\/2024\/04\/Concerto-da-OSP-acontece-no-sabado-foto-Rodrigo-Alves-300x200.jpg 300w, https:\/\/piracicaba.sp.gov.br\/wp-content\/uploads\/2024\/04\/Concerto-da-OSP-acontece-no-sabado-foto-Rodrigo-Alves-768x512.jpg 768w, https:\/\/piracicaba.sp.gov.br\/wp-content\/uploads\/2024\/04\/Concerto-da-OSP-acontece-no-sabado-foto-Rodrigo-Alves.jpg 1200w\" sizes=\"auto, (max-width: 1024px) 100vw, 1024px\"\/><figcaption class=\"wp-element-caption\"><strong><em>Concerto da OSP acontece no sa\u0301bado | Foto: Rodrigo Alves<\/em><\/strong><\/figcaption><\/figure>\n<p>Do mesmo compositor, a orquestra executa a Su\u00edte Karelia, Op. 11, inspirada nas melodias folcl\u00f3ricas da Car\u00e9lia, prov\u00edncia localizada entre a Finl\u00e2ndia e a R\u00fassia e que na \u00e9poca despontava por preservar as tradi\u00e7\u00f5es musicais e po\u00e9ticas do pa\u00eds. A obra foi uma encomenda que Sibelius fez para comemorar a inaugura\u00e7\u00e3o de um novo teatro na Finl\u00e2ndia e teve sua estreia na capital Helsinque, em 1893.<\/p>\n<p>Com a participa\u00e7\u00e3o da pianista Simone Leit\u00e3o, a OSP apresentar\u00e1 o Concerto para piano e orquestra, em L\u00e1 menor, Op. 16, de Edvard Grieg. A obra foi influenciada pelo estilo rom\u00e2ntico do compositor alem\u00e3o Robert Schumann e, nela, Grieg desafiou a estrutura tradicional dos concertos para piano, ao introduzir elementos como a liga\u00e7\u00e3o entre os movimentos e a presen\u00e7a de solos de piano no in\u00edcio do concerto.<\/p>\n<p>Simone Leit\u00e3o \u00e9 uma pianista com uma s\u00f3lida carreira internacional. Possui mais de 40 concertos anuais no Brasil, Europa, Estados Unidos e Am\u00e9rica Latina. \u00c9 reconhecida por suas interpreta\u00e7\u00f5es de Bach, Rachmaninoff, Beethoven, Villa-Lobos e Ginastera. \u00c9 fundadora e diretora da Academia Jovem Concertante e da Semana de M\u00fasica de C\u00e2mara do Rio (desde 2012).<\/p>\n<p>A maestrina convidada Cinthia Alireti, regente titular e co-diretora art\u00edstica da Orquestra Sinf\u00f4nica da Unicamp (OSU), tem se destacado como diretora musical de diversas produ\u00e7\u00f5es de \u00f3peras. Com colabora\u00e7\u00f5es como regente convidada no Brasil, na Alemanha, na Fran\u00e7a, no Equador e nos Estados Unidos, fomenta o desenvolvimento do ecossistema da m\u00fasica de concerto, por meio de eventos de discuss\u00e3o e informa\u00e7\u00e3o com personalidades do meio, entre eles o F\u00f3rum Gest\u00e3o Orquestral e Compromisso Social e o evento internacional Mulheres na M\u00fasica de Concerto Hoje.<\/p>\n<p>A retirada dos ingressos para os concertos deve ser feita a partir das 10h do dia 26\/04, no site\u00a0<a href=\"http:\/\/megabilheteria.com\/\" target=\"_blank\" rel=\"noreferrer noopener\">megabilheteria.com<\/a>. A OSP disponibiliza ainda uma cota de 50 ingressos por sess\u00e3o para serem retirados presencialmente, na bilheteria do Teatro, 30 minutos antes do in\u00edcio de cada apresenta\u00e7\u00e3o. Solicita-se, na entrada do espet\u00e1culo, a doa\u00e7\u00e3o de 1 quilo de alimento n\u00e3o-perec\u00edvel, em prol do Fundo Social de Solidariedade.<\/p>\n<p>A realiza\u00e7\u00e3o \u00e9 da Prefeitura do Munic\u00edpio de Piracicaba, por meio da Semac (Secretaria Municipal da A\u00e7\u00e3o Cultural), com patroc\u00ednio prata das empresas Drogal, Hyundai e Phinia; parceria da Empem, Ibis Styles Piracicaba, Jornal de Piracicaba, MegaBilheteria, Monte Sul, Padaria do Vov\u00f4, R\u00e1dio Jovem Pan e R\u00e1dio Educativa FM; e apoio da Secretaria Municipal de Educa\u00e7\u00e3o.<\/p>\n<p><strong>SERVI\u00c7O\u00a0<\/strong>\u2013 Temporada 2024 da Orquestra Sinf\u00f4nica de Piracicaba. S\u00e1bado, 27\/04, \u00e0s 16h e \u00e0s 19h, no Teatro Municipal Erotides de Campos. Na avenida Dr. Maurice Allain, 454. Informa\u00e7\u00f5es:\u00a0<a href=\"http:\/\/osp.art.br\/\" target=\"_blank\" rel=\"noreferrer noopener\">osp.art.br<\/a>\u00a0ou nas redes sociais (<a href=\"http:\/\/facebook.com\/sinfonicapiracicaba\" target=\"_blank\" rel=\"noreferrer noopener\">facebook.com\/sinfonicapiracicaba<\/a>\u00a0e\u00a0<a href=\"http:\/\/instagram.com\/sinfonicapiracicaba\" target=\"_blank\" rel=\"noreferrer noopener\">instagram.com\/sinfonicapiracicaba<\/a>).<\/p>\n<\/div>\n<p><script async src=\"\/\/www.instagram.com\/embed.js\"><\/script><br \/>\n<br \/><br \/>\n<br \/><a href=\"https:\/\/piracicaba.sp.gov.br\/noticias\/maestrina-e-pianista-lideram-concerto-da-osp-em-abril\/\" rel=\"noopener\">Informa\u00e7\u00f5es PMP <\/a><\/p>\n","protected":false},"excerpt":{"rendered":"<p>Concerto reu\u0301ne a maestrina Cinthia Alireti e a pianista Simone Leita\u0303o &#8211; Foto: Divulgac\u0327a\u0303o Duas mulheres est\u00e3o \u00e0 frente do pr\u00f3ximo concerto da OSP (Orquestra Sinf\u00f4nica de Piracicaba): na batuta, a maestrina Cinthia Alireti, e como solista, ao piano, Simone Leit\u00e3o. Obras de Jean Sibelius e Edvard Grieg integram o programa, com apresenta\u00e7\u00f5es no s\u00e1bado, [&hellip;]<\/p>\n","protected":false},"author":1,"featured_media":2451,"comment_status":"open","ping_status":"open","sticky":false,"template":"","format":"standard","meta":{"_jetpack_newsletter_access":"","_jetpack_dont_email_post_to_subs":false,"_jetpack_newsletter_tier_id":0,"_jetpack_memberships_contains_paywalled_content":false,"_mbp_banners":[],"_jetpack_feature_clip_id":0,"_jetpack_memberships_contains_paid_content":false,"footnotes":"","jetpack_publicize_message":"","jetpack_publicize_feature_enabled":true,"jetpack_social_post_already_shared":true,"jetpack_social_options":{"image_generator_settings":{"template":"highway","default_image_id":0,"font":"","enabled":false},"version":2},"jetpack_post_was_ever_published":false},"categories":[20],"tags":[],"class_list":["post-2450","post","type-post","status-publish","format-standard","has-post-thumbnail","category-regiao"],"jetpack_publicize_connections":[],"jetpack-related-posts":[],"jetpack_shortlink":"https:\/\/wp.me\/p7Eq1F-Dw","jetpack_sharing_enabled":true,"jetpack_featured_media_url":"https:\/\/i0.wp.com\/guialimeira.com.br\/news\/wp-content\/uploads\/2024\/04\/Concerto-reune-a-maestrina-Cinthia-Alireti-e-a-pianista-Simone-Leitao-foto-Divulgacao.jpg?fit=1200%2C800&ssl=1","_links":{"self":[{"href":"https:\/\/guialimeira.com.br\/news\/wp-json\/wp\/v2\/posts\/2450","targetHints":{"allow":["GET"]}}],"collection":[{"href":"https:\/\/guialimeira.com.br\/news\/wp-json\/wp\/v2\/posts"}],"about":[{"href":"https:\/\/guialimeira.com.br\/news\/wp-json\/wp\/v2\/types\/post"}],"author":[{"embeddable":true,"href":"https:\/\/guialimeira.com.br\/news\/wp-json\/wp\/v2\/users\/1"}],"replies":[{"embeddable":true,"href":"https:\/\/guialimeira.com.br\/news\/wp-json\/wp\/v2\/comments?post=2450"}],"version-history":[{"count":0,"href":"https:\/\/guialimeira.com.br\/news\/wp-json\/wp\/v2\/posts\/2450\/revisions"}],"wp:featuredmedia":[{"embeddable":true,"href":"https:\/\/guialimeira.com.br\/news\/wp-json\/wp\/v2\/media\/2451"}],"wp:attachment":[{"href":"https:\/\/guialimeira.com.br\/news\/wp-json\/wp\/v2\/media?parent=2450"}],"wp:term":[{"taxonomy":"category","embeddable":true,"href":"https:\/\/guialimeira.com.br\/news\/wp-json\/wp\/v2\/categories?post=2450"},{"taxonomy":"post_tag","embeddable":true,"href":"https:\/\/guialimeira.com.br\/news\/wp-json\/wp\/v2\/tags?post=2450"}],"curies":[{"name":"wp","href":"https:\/\/api.w.org\/{rel}","templated":true}]}}