{"id":24496,"date":"2025-02-22T21:05:55","date_gmt":"2025-02-23T00:05:55","guid":{"rendered":"https:\/\/guialimeira.com.br\/?p=24496"},"modified":"2025-02-22T21:05:55","modified_gmt":"2025-02-23T00:05:55","slug":"lemao-da-jeova-rafa-busca-entendimento-sobre-circulacao-de-charretes-e-de-carrocas","status":"publish","type":"post","link":"https:\/\/guialimeira.com.br\/news\/lemao-da-jeova-rafa-busca-entendimento-sobre-circulacao-de-charretes-e-de-carrocas\/","title":{"rendered":"Lem\u00e3o da Jeov\u00e1 Raf\u00e1 busca entendimento sobre circula\u00e7\u00e3o de charretes e de carro\u00e7as"},"content":{"rendered":"\n<figure class=\"wp-block-gallery has-nested-images columns-default is-cropped wp-block-gallery-1 is-layout-flex wp-block-gallery-is-layout-flex\"><\/figure>\n \r\n<br><img data-recalc-dims=\"1\" decoding=\"async\" src=\"https:\/\/i0.wp.com\/guialimeira.com.br\/wp-content\/uploads\/2025\/02\/2025-02-19_lemao-da-jeova-rafa-busca-entendimento-sobre-circulacao-de-charretes-e-de-carrocas_1.jpg?w=696&#038;ssl=1\" \/><br><div>\n\t\t\t\t\t<p>Nesta ter\u00e7a-feira, 18 de fevereiro, o vereador Sidney Pascotto, Lem\u00e3o da Jeov\u00e1 Raf\u00e1 (PRTB), participou de reuni\u00e3o na Secretaria Municipal de Meio Ambiente e Agricultura, em atendimento a um grupo de pessoas do bairro Geada que conduzem ve\u00edculos tracionados por animais. A pauta do encontro foi a circula\u00e7\u00e3o de carro\u00e7as e charretes na cidade.\u00a0<\/p><p>\u00a0Os condutores falaram sobre o uso desse tipo de ve\u00edculo e mencionaram que participam de romaria, al\u00e9m de outras atividades. Segundo Lem\u00e3o, a principal demanda apresentada \u00e9 o uso de \u00e1rea verde p\u00fablica para coloca\u00e7\u00e3o de baias para acomodar os animais, o qual n\u00e3o \u00e9 permitido. \u201cPor isso, fizemos essa primeira conversa para chegar a um entendimento entre o grupo e a Secretaria de Meio Ambiente\u201d, descreveu.<\/p><p>\u00a0O vereador explicou que busca uma solu\u00e7\u00e3o dentro da legalidade. &#8220;Vamos ainda conversar, para se chegar a um acordo que esteja dentro da Lei&#8221;, ponderou Lem\u00e3o da Jeov\u00e1 Raf\u00e1.<\/p><p>\u00a0Participaram do encontro, al\u00e9m dos moradores do bairro Geada, a secret\u00e1ria de Meio Ambiente, Antonieta Polatto, e o assessor executivo da pasta, Vilmar Wasem.\u00a0<\/p><p><i>Do Gabinete Parlamentar \u2013 vereador Sidney Pascotto, Lem\u00e3o da Jeov\u00e1 Raf\u00e1 (PRTB)<\/i><\/p><p><strong>As mat\u00e9rias de origem dos Gabinetes Parlamentares s\u00e3o de inteira\u00a0 responsabilidade dos parlamentares e de suas assessorias. S\u00e3o devidamente assinadas e n\u00e3o refletem, necessariamente, a opini\u00e3o institucional da C\u00e2mara Municipal de Limeira.<\/strong><\/p>\t\t\t\t<\/div>\r\n<br>\r\n<br><a href=\"https:\/\/www.limeira.sp.leg.br\/noticias\/view\/2025-02-19_lemao-da-jeova-rafa-busca-entendimento-sobre-circulacao-de-charretes-e-de-carrocas\" rel=\"noopener\">Informa\u00e7\u00f5es CMLSource link <\/a>","protected":false},"excerpt":{"rendered":"<p>Nesta ter\u00e7a-feira, 18 de fevereiro, o vereador Sidney Pascotto, Lem\u00e3o da Jeov\u00e1 Raf\u00e1 (PRTB), participou de reuni\u00e3o na Secretaria Municipal de Meio Ambiente e Agricultura, em atendimento a um grupo de pessoas do bairro Geada que conduzem ve\u00edculos tracionados por animais. A pauta do encontro foi a circula\u00e7\u00e3o de carro\u00e7as e charretes na cidade.\u00a0 \u00a0Os [&hellip;]<\/p>\n","protected":false},"author":1,"featured_media":24497,"comment_status":"open","ping_status":"open","sticky":false,"template":"","format":"standard","meta":{"_jetpack_newsletter_access":"","_jetpack_dont_email_post_to_subs":false,"_jetpack_newsletter_tier_id":0,"_jetpack_memberships_contains_paywalled_content":false,"_mbp_banners":[],"_jetpack_feature_clip_id":0,"_jetpack_memberships_contains_paid_content":false,"footnotes":"","jetpack_publicize_message":"","jetpack_publicize_feature_enabled":true,"jetpack_social_post_already_shared":true,"jetpack_social_options":{"image_generator_settings":{"template":"highway","default_image_id":0,"font":"","enabled":false},"version":2},"jetpack_post_was_ever_published":false},"categories":[19],"tags":[],"class_list":["post-24496","post","type-post","status-publish","format-standard","has-post-thumbnail","category-politica"],"jetpack_publicize_connections":[],"jetpack-related-posts":[],"jetpack_shortlink":"https:\/\/wp.me\/p7Eq1F-6n6","jetpack_sharing_enabled":true,"jetpack_featured_media_url":"https:\/\/i0.wp.com\/guialimeira.com.br\/news\/wp-content\/uploads\/2025\/02\/Lemao-da-Jeova-Rafa-busca-entendimento-sobre-circulacao-de-charretes.jpg?fit=1280%2C640&ssl=1","_links":{"self":[{"href":"https:\/\/guialimeira.com.br\/news\/wp-json\/wp\/v2\/posts\/24496","targetHints":{"allow":["GET"]}}],"collection":[{"href":"https:\/\/guialimeira.com.br\/news\/wp-json\/wp\/v2\/posts"}],"about":[{"href":"https:\/\/guialimeira.com.br\/news\/wp-json\/wp\/v2\/types\/post"}],"author":[{"embeddable":true,"href":"https:\/\/guialimeira.com.br\/news\/wp-json\/wp\/v2\/users\/1"}],"replies":[{"embeddable":true,"href":"https:\/\/guialimeira.com.br\/news\/wp-json\/wp\/v2\/comments?post=24496"}],"version-history":[{"count":1,"href":"https:\/\/guialimeira.com.br\/news\/wp-json\/wp\/v2\/posts\/24496\/revisions"}],"predecessor-version":[{"id":24498,"href":"https:\/\/guialimeira.com.br\/news\/wp-json\/wp\/v2\/posts\/24496\/revisions\/24498"}],"wp:featuredmedia":[{"embeddable":true,"href":"https:\/\/guialimeira.com.br\/news\/wp-json\/wp\/v2\/media\/24497"}],"wp:attachment":[{"href":"https:\/\/guialimeira.com.br\/news\/wp-json\/wp\/v2\/media?parent=24496"}],"wp:term":[{"taxonomy":"category","embeddable":true,"href":"https:\/\/guialimeira.com.br\/news\/wp-json\/wp\/v2\/categories?post=24496"},{"taxonomy":"post_tag","embeddable":true,"href":"https:\/\/guialimeira.com.br\/news\/wp-json\/wp\/v2\/tags?post=24496"}],"curies":[{"name":"wp","href":"https:\/\/api.w.org\/{rel}","templated":true}]}}