{"id":24492,"date":"2025-02-22T20:04:50","date_gmt":"2025-02-22T23:04:50","guid":{"rendered":"https:\/\/guialimeira.com.br\/?p=24492"},"modified":"2025-02-22T20:04:50","modified_gmt":"2025-02-22T23:04:50","slug":"camara-de-limeira-produz-documentario-sobre-198-anos-de-historia-da-cidade","status":"publish","type":"post","link":"https:\/\/guialimeira.com.br\/news\/camara-de-limeira-produz-documentario-sobre-198-anos-de-historia-da-cidade\/","title":{"rendered":"C\u00e2mara de Limeira produz document\u00e1rio sobre 198 anos de hist\u00f3ria da cidade"},"content":{"rendered":"\n<figure class=\"wp-block-gallery has-nested-images columns-default is-cropped wp-block-gallery-1 is-layout-flex wp-block-gallery-is-layout-flex\"><\/figure>\n \r\n<br><img data-recalc-dims=\"1\" decoding=\"async\" src=\"https:\/\/i0.wp.com\/guialimeira.com.br\/wp-content\/uploads\/2025\/02\/2025-02-20_camara-de-limeira-produz-documentario-sobre-198-anos-de-historia-da-cidade_1.jpg?w=696&#038;ssl=1\" \/><br><div>\n\t\t\t\t\t<p>Um document\u00e1rio produzido pela C\u00e2mara Municipal, por meio da Escola Legislativa Paulo Freire, em parceria com o N\u00facleo de Arquivo do Poder Legislativo, relembra a hist\u00f3ria de Limeira. A iniciativa faz parte do Projeto de Preserva\u00e7\u00e3o e Difus\u00e3o da Hist\u00f3ria e Mem\u00f3ria do Povo Limeirense \u201cPertenSer\u201d.<\/p><p>Criado pela <a href=\"https:\/\/legislacao.limeira.sp.leg.br\/Limeira-SP\/Resolucoes\/853-2023\" rel=\"noopener\">Resolu\u00e7\u00e3o N\u00b0 853\/2023<\/a>, o projeto PertenSer tem a finalidade de promover a\u00e7\u00f5es educacionais que possibilitem o amplo acesso \u00e0 hist\u00f3ria e mem\u00f3ria constru\u00eddas no processo de forma\u00e7\u00e3o e estrutura\u00e7\u00e3o de Limeira at\u00e9 os dias atuais.<\/p><p>A resolu\u00e7\u00e3o prev\u00ea a produ\u00e7\u00e3o de conte\u00fado audiovisual, palestras e f\u00f3runs, cursos, semin\u00e1rios, visitas guiadas e exposi\u00e7\u00f5es.<\/p><p><strong>O document\u00e1rio<\/strong><\/p><p>O projeto pretende suprir a necessidade de aprendizado sobre a hist\u00f3ria de Limeira, fornecendo a alunos da rede p\u00fablica e particular e \u00e0 popula\u00e7\u00e3o uma fonte confi\u00e1vel de informa\u00e7\u00f5es sobre a origem da cidade, sua forma\u00e7\u00e3o e desenvolvimento.\u00a0<\/p><p>Dentre os objetivos do document\u00e1rio est\u00e3o a difus\u00e3o do conhecimento sobre a hist\u00f3ria de Limeira e do Poder Legislativo, resgate e preserva\u00e7\u00e3o da mem\u00f3ria do munic\u00edpio, al\u00e9m de proporcionar aos estudantes um amplo acesso a estudos e pesquisas que tratem da forma\u00e7\u00e3o do povo limeirense.<\/p><p>A iniciativa tamb\u00e9m pretende despertar o interesse das crian\u00e7as em idade escolar em conhecer a hist\u00f3ria da cidade e incentivar o senso de pertencimento.\u00a0<\/p><p>Em entrevista, a servidora e idealizadora do projeto, Giane Boscolo, declara que al\u00e9m de estudantes, o conte\u00fado do document\u00e1rio deve atingir a popula\u00e7\u00e3o limeirense; a proposta \u00e9 expandir a disponibilidade do conte\u00fado por meio de um portal online.\u00a0<\/p><p>A produ\u00e7\u00e3o \u00e9 uma colabora\u00e7\u00e3o entre a Escola Legislativa Paulo Freire, N\u00facleo de Arquivo da C\u00e2mara Municipal e da produtora LZ Films, com curadoria do professor doutor Jo\u00e3o Paulo Berto. Confira o trailer do projeto neste <a href=\"https:\/\/youtu.be\/yj14rvq4Bok?si=XOKKo_j-5P4y85iK\" rel=\"noopener\">link<\/a>.<\/p><p>O primeiro epis\u00f3dio ser\u00e1 exibido no dia 26 de mar\u00e7o, \u00e0s 19h30, no Teatro Vit\u00f3ria; a mostra \u00e9 aberta ao p\u00fablico e a entrada \u00e9 gratuita.<\/p>\t\t\t\t<\/div>\r\n<br>\r\n<br><a href=\"https:\/\/www.limeira.sp.leg.br\/noticias\/view\/2025-02-20_camara-de-limeira-produz-documentario-sobre-198-anos-de-historia-da-cidade\" rel=\"noopener\">Informa\u00e7\u00f5es CMLSource link <\/a>","protected":false},"excerpt":{"rendered":"<p>Um document\u00e1rio produzido pela C\u00e2mara Municipal, por meio da Escola Legislativa Paulo Freire, em parceria com o N\u00facleo de Arquivo do Poder Legislativo, relembra a hist\u00f3ria de Limeira. A iniciativa faz parte do Projeto de Preserva\u00e7\u00e3o e Difus\u00e3o da Hist\u00f3ria e Mem\u00f3ria do Povo Limeirense \u201cPertenSer\u201d. Criado pela Resolu\u00e7\u00e3o N\u00b0 853\/2023, o projeto PertenSer tem [&hellip;]<\/p>\n","protected":false},"author":1,"featured_media":24493,"comment_status":"open","ping_status":"open","sticky":false,"template":"","format":"standard","meta":{"_jetpack_newsletter_access":"","_jetpack_dont_email_post_to_subs":false,"_jetpack_newsletter_tier_id":0,"_jetpack_memberships_contains_paywalled_content":false,"_mbp_banners":[],"_jetpack_feature_clip_id":0,"_jetpack_memberships_contains_paid_content":false,"footnotes":"","jetpack_publicize_message":"","jetpack_publicize_feature_enabled":true,"jetpack_social_post_already_shared":true,"jetpack_social_options":{"image_generator_settings":{"template":"highway","default_image_id":0,"font":"","enabled":false},"version":2},"jetpack_post_was_ever_published":false},"categories":[19],"tags":[],"class_list":["post-24492","post","type-post","status-publish","format-standard","has-post-thumbnail","category-politica"],"jetpack_publicize_connections":[],"jetpack-related-posts":[],"jetpack_shortlink":"https:\/\/wp.me\/p7Eq1F-6n2","jetpack_sharing_enabled":true,"jetpack_featured_media_url":"https:\/\/i0.wp.com\/guialimeira.com.br\/news\/wp-content\/uploads\/2025\/02\/Camara-de-Limeira-produz-documentario-sobre-198-anos-de-historia.jpg?fit=1280%2C640&ssl=1","_links":{"self":[{"href":"https:\/\/guialimeira.com.br\/news\/wp-json\/wp\/v2\/posts\/24492","targetHints":{"allow":["GET"]}}],"collection":[{"href":"https:\/\/guialimeira.com.br\/news\/wp-json\/wp\/v2\/posts"}],"about":[{"href":"https:\/\/guialimeira.com.br\/news\/wp-json\/wp\/v2\/types\/post"}],"author":[{"embeddable":true,"href":"https:\/\/guialimeira.com.br\/news\/wp-json\/wp\/v2\/users\/1"}],"replies":[{"embeddable":true,"href":"https:\/\/guialimeira.com.br\/news\/wp-json\/wp\/v2\/comments?post=24492"}],"version-history":[{"count":1,"href":"https:\/\/guialimeira.com.br\/news\/wp-json\/wp\/v2\/posts\/24492\/revisions"}],"predecessor-version":[{"id":24494,"href":"https:\/\/guialimeira.com.br\/news\/wp-json\/wp\/v2\/posts\/24492\/revisions\/24494"}],"wp:featuredmedia":[{"embeddable":true,"href":"https:\/\/guialimeira.com.br\/news\/wp-json\/wp\/v2\/media\/24493"}],"wp:attachment":[{"href":"https:\/\/guialimeira.com.br\/news\/wp-json\/wp\/v2\/media?parent=24492"}],"wp:term":[{"taxonomy":"category","embeddable":true,"href":"https:\/\/guialimeira.com.br\/news\/wp-json\/wp\/v2\/categories?post=24492"},{"taxonomy":"post_tag","embeddable":true,"href":"https:\/\/guialimeira.com.br\/news\/wp-json\/wp\/v2\/tags?post=24492"}],"curies":[{"name":"wp","href":"https:\/\/api.w.org\/{rel}","templated":true}]}}