{"id":24481,"date":"2025-02-22T19:03:54","date_gmt":"2025-02-22T22:03:54","guid":{"rendered":"https:\/\/guialimeira.com.br\/?p=24481"},"modified":"2025-02-22T19:03:54","modified_gmt":"2025-02-22T22:03:54","slug":"comissao-debate-proposta-para-ampliar-acesso-de-criancas-jovens-e-adultos-ao-esporte","status":"publish","type":"post","link":"https:\/\/guialimeira.com.br\/news\/comissao-debate-proposta-para-ampliar-acesso-de-criancas-jovens-e-adultos-ao-esporte\/","title":{"rendered":"Comiss\u00e3o debate proposta para ampliar acesso de crian\u00e7as, jovens e adultos ao esporte"},"content":{"rendered":"\n<figure class=\"wp-block-gallery has-nested-images columns-default is-cropped wp-block-gallery-1 is-layout-flex wp-block-gallery-is-layout-flex\"><\/figure>\n \r\n<br><img data-recalc-dims=\"1\" decoding=\"async\" src=\"https:\/\/i0.wp.com\/guialimeira.com.br\/wp-content\/uploads\/2025\/02\/2025-02-20_comissao-debate-proposta-para-ampliar-acesso-de-criancas-jovens-e-adultos-ao-esporte_1.jp.jpeg?w=696&#038;ssl=1\" \/><br><div>\n\t\t\t\t\t<p>Ampliar o acesso ao esporte para crian\u00e7as, jovens e adultos, al\u00e9m de apoiar atletas e equipes de Limeira. Esses s\u00e3o alguns dos benef\u00edcios esperados com a cria\u00e7\u00e3o do Fundo Municipal de Esportes e do Conselho Municipal de Esportes, proposto em conjunto pelos vereadores Guilherme Guido (PL), Costa Junior (Podemos) e Waguinho da Santa Luzia (PP). Eles fazem parte da Comiss\u00e3o de Esporte, Cultura e Turismo e alinharam detalhes da proposta na reuni\u00e3o desta quinta-feira, 20 de fevereiro.<\/p><p>O colegiado discutiu a possibilidade de cria\u00e7\u00e3o de um Fundo e de um Conselho no munic\u00edpio, especialmente considerando a<a href=\"https:\/\/www.planalto.gov.br\/ccivil_03\/_ato2023-2026\/2023\/lei\/l14597.htm\" rel=\"noopener\"> Lei Federal de N\u00ba 14.597\/2023<\/a> (Lei Geral do Esporte), que condiciona o repasse de recursos federais \u00e0 exist\u00eancia dos respectivos \u00f3rg\u00e3os municipais, bem como a possibilidade de cria\u00e7\u00e3o de incentivo financeiro destinado \u00e0s a\u00e7\u00f5es e pol\u00edticas voltadas ao esporte de Limeira.\u00a0<\/p><p>Os vereadores deliberaram apresentar um projeto de lei. O texto legislativo est\u00e1 em fase de elabora\u00e7\u00e3o.<\/p><p><strong>Conselho<\/strong><\/p><p>A ideia \u00e9 que o Conselho Municipal de Esportes de Limeira (CMEL) seja um \u00f3rg\u00e3o de car\u00e1ter consultivo e deliberativo, respons\u00e1vel pela gest\u00e3o e fiscaliza\u00e7\u00e3o do Fundo Municipal de Esportes de Limeira (FMEL). Esse colegiado teria entre as compet\u00eancias: estabelecer diretrizes e deliberar sobre a destina\u00e7\u00e3o de recursos, por exemplo.\u00a0\u00a0\u00a0<\/p><p><strong>Fundo<\/strong><\/p><p>A finalidade dos vereadores \u00e9 que o FMEL possa ser aplicado no apoio a programas, projetos e eventos esportivos de interesse p\u00fablico. A Comiss\u00e3o defendeu que o Fundo pode permitir a capta\u00e7\u00e3o e aplica\u00e7\u00e3o de recursos de maneira planejada e eficiente, em conformidade com a<a href=\"https:\/\/www.planalto.gov.br\/ccivil_03\/leis\/lcp\/lcp101.htm\" rel=\"noopener\"> Lei Complementar N \u00ba 101\/2000<\/a> (Lei de Responsabilidade Fiscal).<\/p><p><strong>Sobre a Comiss\u00e3o<\/strong><\/p><p>\u00c9 de compet\u00eancia deste colegiado opinar sobre proposi\u00e7\u00f5es, promover debates, semin\u00e1rios e a\u00e7\u00f5es educativas que visem a identificar problemas e propor solu\u00e7\u00f5es para o fortalecimento e a melhoria das pol\u00edticas p\u00fablicas locais nas \u00e1reas de esporte, lazer, cultura e turismo, al\u00e9m de fiscalizar, acompanhar e avaliar a efetividade de programas governamentais, estudar e propor pol\u00edticas p\u00fablicas aptas a proporcionar melhoria de qualidade de vida aos mun\u00edcipes e bem-estar nessas \u00e1reas.<\/p><p>Integram a Comiss\u00e3o de Esporte, Cultura e Turismo: Guilherme Guido (PL), presidente; Costa Junior (Podemos), vice-presidente; e Waguinho da Santa Luzia (PP), secret\u00e1rio.\u00a0\u00a0<\/p><p>As reuni\u00f5es ocorrem ordinariamente \u00e0s quintas-feiras, \u00e0s 8h. As delibera\u00e7\u00f5es s\u00e3o registradas em<a href=\"https:\/\/consulta.limeira.sp.leg.br\/arquivo?Id=478348\" rel=\"noopener\"> ata<\/a>.<\/p>\t\t\t\t<\/div>\r\n<br>\r\n<br><a href=\"https:\/\/www.limeira.sp.leg.br\/noticias\/view\/2025-02-20_comissao-debate-proposta-para-ampliar-acesso-de-criancas-jovens-e-adultos-ao-esporte\" rel=\"noopener\">Informa\u00e7\u00f5es CMLSource link <\/a>","protected":false},"excerpt":{"rendered":"<p>Ampliar o acesso ao esporte para crian\u00e7as, jovens e adultos, al\u00e9m de apoiar atletas e equipes de Limeira. Esses s\u00e3o alguns dos benef\u00edcios esperados com a cria\u00e7\u00e3o do Fundo Municipal de Esportes e do Conselho Municipal de Esportes, proposto em conjunto pelos vereadores Guilherme Guido (PL), Costa Junior (Podemos) e Waguinho da Santa Luzia (PP). [&hellip;]<\/p>\n","protected":false},"author":1,"featured_media":24482,"comment_status":"open","ping_status":"open","sticky":false,"template":"","format":"standard","meta":{"_jetpack_newsletter_access":"","_jetpack_dont_email_post_to_subs":false,"_jetpack_newsletter_tier_id":0,"_jetpack_memberships_contains_paywalled_content":false,"_mbp_banners":[],"_jetpack_feature_clip_id":0,"_jetpack_memberships_contains_paid_content":false,"footnotes":"","jetpack_publicize_message":"","jetpack_publicize_feature_enabled":true,"jetpack_social_post_already_shared":true,"jetpack_social_options":{"image_generator_settings":{"template":"highway","default_image_id":0,"font":"","enabled":false},"version":2},"jetpack_post_was_ever_published":false},"categories":[19],"tags":[],"class_list":["post-24481","post","type-post","status-publish","format-standard","has-post-thumbnail","category-politica"],"jetpack_publicize_connections":[],"jetpack-related-posts":[],"jetpack_shortlink":"https:\/\/wp.me\/p7Eq1F-6mR","jetpack_sharing_enabled":true,"jetpack_featured_media_url":"https:\/\/i0.wp.com\/guialimeira.com.br\/news\/wp-content\/uploads\/2025\/02\/Comissao-debate-proposta-para-ampliar-acesso-de-criancas-jovens-e.jp.jpeg?fit=1280%2C640&ssl=1","_links":{"self":[{"href":"https:\/\/guialimeira.com.br\/news\/wp-json\/wp\/v2\/posts\/24481","targetHints":{"allow":["GET"]}}],"collection":[{"href":"https:\/\/guialimeira.com.br\/news\/wp-json\/wp\/v2\/posts"}],"about":[{"href":"https:\/\/guialimeira.com.br\/news\/wp-json\/wp\/v2\/types\/post"}],"author":[{"embeddable":true,"href":"https:\/\/guialimeira.com.br\/news\/wp-json\/wp\/v2\/users\/1"}],"replies":[{"embeddable":true,"href":"https:\/\/guialimeira.com.br\/news\/wp-json\/wp\/v2\/comments?post=24481"}],"version-history":[{"count":1,"href":"https:\/\/guialimeira.com.br\/news\/wp-json\/wp\/v2\/posts\/24481\/revisions"}],"predecessor-version":[{"id":24483,"href":"https:\/\/guialimeira.com.br\/news\/wp-json\/wp\/v2\/posts\/24481\/revisions\/24483"}],"wp:featuredmedia":[{"embeddable":true,"href":"https:\/\/guialimeira.com.br\/news\/wp-json\/wp\/v2\/media\/24482"}],"wp:attachment":[{"href":"https:\/\/guialimeira.com.br\/news\/wp-json\/wp\/v2\/media?parent=24481"}],"wp:term":[{"taxonomy":"category","embeddable":true,"href":"https:\/\/guialimeira.com.br\/news\/wp-json\/wp\/v2\/categories?post=24481"},{"taxonomy":"post_tag","embeddable":true,"href":"https:\/\/guialimeira.com.br\/news\/wp-json\/wp\/v2\/tags?post=24481"}],"curies":[{"name":"wp","href":"https:\/\/api.w.org\/{rel}","templated":true}]}}