{"id":24471,"date":"2025-02-22T18:02:51","date_gmt":"2025-02-22T21:02:51","guid":{"rendered":"https:\/\/guialimeira.com.br\/?p=24471"},"modified":"2025-02-22T18:02:51","modified_gmt":"2025-02-22T21:02:51","slug":"comissao-de-saude-questiona-prefeitura-sobre-falta-de-medicamentos-em-ubss","status":"publish","type":"post","link":"https:\/\/guialimeira.com.br\/news\/comissao-de-saude-questiona-prefeitura-sobre-falta-de-medicamentos-em-ubss\/","title":{"rendered":"Comiss\u00e3o de Sa\u00fade questiona Prefeitura sobre falta de medicamentos em UBSs"},"content":{"rendered":"\n<figure class=\"wp-block-gallery has-nested-images columns-default is-cropped wp-block-gallery-1 is-layout-flex wp-block-gallery-is-layout-flex\"><\/figure>\n \r\n<br><img data-recalc-dims=\"1\" decoding=\"async\" src=\"https:\/\/i0.wp.com\/guialimeira.com.br\/wp-content\/uploads\/2025\/02\/2025-02-20_comissao-de-saude-questiona-prefeitura-sobre-falta-de-medicamentos-em-ubss_1.jpg?w=696&#038;ssl=1\" \/><br><div>\n\t\t\t\t\t<p>Pautados pela demanda de mun\u00edcipes nos gabinetes, os vereadores da Comiss\u00e3o de Sa\u00fade da C\u00e2mara questionaram oficialmente a Prefeitura sobre a falta de medicamentos de insumos nas Unidades B\u00e1sicas de Sa\u00fade (UBSs). O colegiado solicitou informa\u00e7\u00f5es sobre o estoque e quais itens est\u00e3o indispon\u00edveis na rede municipal. Outro tema abordado na reuni\u00e3o desta quinta-feira, 20 de fevereiro, foi o andamento da constru\u00e7\u00e3o do Centro de Especializa\u00e7\u00e3o Municipal do Autista (Cema).<\/p><p>Fazem parte do colegiado os vereadores Dr. Marcelo Rossi (MDB), presidente; Z\u00e9 da Farm\u00e1cia (SD), vice-presidente e Elias Barbosa (PRTB), secret\u00e1rio. As reuni\u00f5es ocorrem todas as quintas-feiras, \u00e0s 9h30, e as delibera\u00e7\u00f5es s\u00e3o registradas em<a href=\"https:\/\/consulta.limeira.sp.leg.br\/arquivo?Id=478428\" rel=\"noopener\"> ata<\/a>.<\/p><p>A Comiss\u00e3o de Sa\u00fade \u00e9 respons\u00e1vel por tratar e fiscalizar todos os assuntos relacionados a hospitais p\u00fablicos e privados que atendem pacientes do SUS, bem como manifestar-se sobre assuntos ligados \u00e0 vigil\u00e2ncia sanit\u00e1ria, epidemiol\u00f3gica e nutricional, al\u00e9m de elaborar campanhas e a\u00e7\u00f5es preventivas sobre sa\u00fade e controle de epidemias.\u00a0<\/p><p><strong>Falta de medicamentos e insumos<\/strong><\/p><p>Os vereadores demonstraram preocupa\u00e7\u00e3o com o atendimento a mun\u00edcipes que buscam atendimento nas UBSs, diante da informa\u00e7\u00e3o de que faltam medicamentos e insumos. Eles elaboraram uma s\u00e9rie de perguntas e querem esclarecimentos sobre estoque, reposi\u00e7\u00e3o, disponibilidades de insumos para as equipes de sa\u00fade e processos de compra.<\/p><p>1. Sobre a falta de medicamentos e insumos no in\u00edcio de 2025:<\/p><p>a) Quando a Prefeitura identificou que haveria falta de medicamentos e insumos nas UBSs?<\/p><p>b) Quais medicamentos e insumos estavam indispon\u00edveis ou em estoque cr\u00edtico no in\u00edcio do ano?<\/p><p>c) Quais medidas emergenciais foram tomadas para minimizar a falta desses itens?<\/p><p>2. Sobre a reposi\u00e7\u00e3o e normaliza\u00e7\u00e3o do abastecimento:<\/p><p>a) Quando foram realizados os processos de compra para reposi\u00e7\u00e3o de medicamentos, insumos e materiais hospitalares?<\/p><p>b) Existe um cronograma estabelecido para a normaliza\u00e7\u00e3o total do abastecimento nas UBSs? Se sim, qual a previs\u00e3o?<\/p><p>c) Houve atrasos na entrega dos produtos adquiridos? Se sim, quais as raz\u00f5es e quais medidas foram adotadas?<\/p><p>3. Sobre os insumos e materiais essenciais para o funcionamento das UBSs:<\/p><p>a) Al\u00e9m dos medicamentos, houve falta de materiais essenciais, como insumos m\u00e9dicos, materiais para procedimentos, equipamentos de prote\u00e7\u00e3o individual (EPIs), materiais de curativo (gazes, bandagens, esparadrapos), seringas, luvas descart\u00e1veis, m\u00e1scaras, \u00e1lcool, entre outros?<\/p><p>b) Qual a situa\u00e7\u00e3o atual do estoque desses itens? Ainda h\u00e1 unidades enfrentando escassez de algum insumo cr\u00edtico?<\/p><p>4. Sobre os processos de compra e transpar\u00eancia na aquisi\u00e7\u00e3o:<\/p><p>a) Caso j\u00e1 tenham sido realizadas compras para reposi\u00e7\u00e3o de medicamentos e insumos, qual a modalidade de aquisi\u00e7\u00e3o utilizada (dispensa de licita\u00e7\u00e3o, preg\u00e3o eletr\u00f4nico, ades\u00e3o a atas de registro de pre\u00e7os, etc.)?<\/p><p>b) Encaminhar os n\u00fameros dos processos de aquisi\u00e7\u00e3o e c\u00f3pia dos documentos principais referentes \u00e0s compras realizadas.<\/p><p>c) A Prefeitura mant\u00e9m um sistema de controle de estoque atualizado, permitindo acompanhamento em tempo real do abastecimento das UBSs?<\/p><p>d) Essas informa\u00e7\u00f5es est\u00e3o dispon\u00edveis no Portal da Transpar\u00eancia ou em algum outro meio acess\u00edvel \u00e0 popula\u00e7\u00e3o?<\/p><p>e) Quais s\u00e3o as empresas que t\u00eam fornecido os medicamentos atualmente dispon\u00edveis na rede.<\/p><p><strong>Cema<\/strong><\/p><p>A constru\u00e7\u00e3o do Cema tamb\u00e9m foi objeto de requerimento dos vereadores. Eles questionam o Poder Executivo sobre o andamento das obras para implanta\u00e7\u00e3o do novo pr\u00e9dio. A Prefeitura deve informar ao colegiado qual porcentagem da constru\u00e7\u00e3o foi realizada at\u00e9 o momento. Solicitam ainda que informe o motivo, caso a obra esteja parada.\u00a0\u00a0<\/p><p><strong>Projeto Yasmin<\/strong><\/p><p>O tema hipertens\u00e3o arterial pulmonar (HAP) foi outro tema abordado na reuni\u00e3o desta semana. O mun\u00edcipe Robson Rog\u00e9rio Godoy<a href=\"https:\/\/www.limeira.sp.leg.br\/noticias\/view\/2024-12-05_projeto-yasmin-hipertensao-arterial-pulmonar-e-pautada-na-comissao-de-saude\" rel=\"noopener\"> voltou a procurar a Comiss\u00e3o de Sa\u00fade<\/a> e recebeu dados acerca de casos da doen\u00e7a identificados no munic\u00edpio e dos medicamentos fornecidos para tratamento. A filha dele, Yasmin Martins Godoy,\u00a0 faleceu aos 19 anos, por causa da HAP.\u00a0<\/p><p>Em resposta ao colegiado, a Prefeitura informou que h\u00e1 12 pacientes diagnosticados com hipertens\u00e3o pulmonar em tratamento. Tamb\u00e9m foi explicado que o Estado disponibiliza, por meio da Farm\u00e1cia de Alto Custo, cinco tipos de medicamentos indicados para esta patologia: Ambrisentana (5 mg e 10 mg), Bosentana (62,5 mg e 125 mg), Iloprosta (20 mg), Sildenafila (20 mg) e Selexipague (200 mcg, 400 mcg, 800 mcg, 1200 mcg, 1400 mcg e 1600 mcg).<\/p><p>Os vereadores, ent\u00e3o, deliberaram solicitar mais esclarecimentos do Executivo, questionando se h\u00e1 algum suporte aos pacientes que a Prefeitura, por meio da Secretaria Municipal de Sa\u00fade, fornece nesses casos; e se \u00e9 poss\u00edvel que algum desses medicamentos seja disponibilizado pelo munic\u00edpio. Perguntaram tamb\u00e9m se h\u00e1 algum procedimento para que os profissionais de sa\u00fade tenham pleno conhecimento da doen\u00e7a e cheguem a um diagn\u00f3stico.<\/p><p>A Comiss\u00e3o acolheu ainda a sugest\u00e3o do mun\u00edcipe e disse que posteriormente vai debater a possibilidade de elabora\u00e7\u00e3o de campanha de conscientiza\u00e7\u00e3o sobre hipertens\u00e3o arterial pulmonar.<\/p>\t\t\t\t<\/div>\r\n<br>\r\n<br><a href=\"https:\/\/www.limeira.sp.leg.br\/noticias\/view\/2025-02-20_comissao-de-saude-questiona-prefeitura-sobre-falta-de-medicamentos-em-ubss\" rel=\"noopener\">Informa\u00e7\u00f5es CMLSource link <\/a>","protected":false},"excerpt":{"rendered":"<p>Pautados pela demanda de mun\u00edcipes nos gabinetes, os vereadores da Comiss\u00e3o de Sa\u00fade da C\u00e2mara questionaram oficialmente a Prefeitura sobre a falta de medicamentos de insumos nas Unidades B\u00e1sicas de Sa\u00fade (UBSs). O colegiado solicitou informa\u00e7\u00f5es sobre o estoque e quais itens est\u00e3o indispon\u00edveis na rede municipal. Outro tema abordado na reuni\u00e3o desta quinta-feira, 20 [&hellip;]<\/p>\n","protected":false},"author":1,"featured_media":24472,"comment_status":"open","ping_status":"open","sticky":false,"template":"","format":"standard","meta":{"_jetpack_newsletter_access":"","_jetpack_dont_email_post_to_subs":false,"_jetpack_newsletter_tier_id":0,"_jetpack_memberships_contains_paywalled_content":false,"_mbp_banners":[],"_jetpack_feature_clip_id":0,"_jetpack_memberships_contains_paid_content":false,"footnotes":"","jetpack_publicize_message":"","jetpack_publicize_feature_enabled":true,"jetpack_social_post_already_shared":true,"jetpack_social_options":{"image_generator_settings":{"template":"highway","default_image_id":0,"font":"","enabled":false},"version":2},"jetpack_post_was_ever_published":false},"categories":[19],"tags":[],"class_list":["post-24471","post","type-post","status-publish","format-standard","has-post-thumbnail","category-politica"],"jetpack_publicize_connections":[],"jetpack-related-posts":[],"jetpack_shortlink":"https:\/\/wp.me\/p7Eq1F-6mH","jetpack_sharing_enabled":true,"jetpack_featured_media_url":"https:\/\/i0.wp.com\/guialimeira.com.br\/news\/wp-content\/uploads\/2025\/02\/Comissao-de-Saude-questiona-Prefeitura-sobre-falta-de-medicamentos-em.jpg?fit=1280%2C640&ssl=1","_links":{"self":[{"href":"https:\/\/guialimeira.com.br\/news\/wp-json\/wp\/v2\/posts\/24471","targetHints":{"allow":["GET"]}}],"collection":[{"href":"https:\/\/guialimeira.com.br\/news\/wp-json\/wp\/v2\/posts"}],"about":[{"href":"https:\/\/guialimeira.com.br\/news\/wp-json\/wp\/v2\/types\/post"}],"author":[{"embeddable":true,"href":"https:\/\/guialimeira.com.br\/news\/wp-json\/wp\/v2\/users\/1"}],"replies":[{"embeddable":true,"href":"https:\/\/guialimeira.com.br\/news\/wp-json\/wp\/v2\/comments?post=24471"}],"version-history":[{"count":1,"href":"https:\/\/guialimeira.com.br\/news\/wp-json\/wp\/v2\/posts\/24471\/revisions"}],"predecessor-version":[{"id":24473,"href":"https:\/\/guialimeira.com.br\/news\/wp-json\/wp\/v2\/posts\/24471\/revisions\/24473"}],"wp:featuredmedia":[{"embeddable":true,"href":"https:\/\/guialimeira.com.br\/news\/wp-json\/wp\/v2\/media\/24472"}],"wp:attachment":[{"href":"https:\/\/guialimeira.com.br\/news\/wp-json\/wp\/v2\/media?parent=24471"}],"wp:term":[{"taxonomy":"category","embeddable":true,"href":"https:\/\/guialimeira.com.br\/news\/wp-json\/wp\/v2\/categories?post=24471"},{"taxonomy":"post_tag","embeddable":true,"href":"https:\/\/guialimeira.com.br\/news\/wp-json\/wp\/v2\/tags?post=24471"}],"curies":[{"name":"wp","href":"https:\/\/api.w.org\/{rel}","templated":true}]}}