{"id":24467,"date":"2025-02-22T17:48:31","date_gmt":"2025-02-22T20:48:31","guid":{"rendered":"https:\/\/guialimeira.com.br\/?p=24467"},"modified":"2025-02-22T17:51:19","modified_gmt":"2025-02-22T20:51:19","slug":"o-estado-de-saude-do-papa-francisco-continua-critico","status":"publish","type":"post","link":"https:\/\/guialimeira.com.br\/news\/o-estado-de-saude-do-papa-francisco-continua-critico\/","title":{"rendered":"O estado de sa\u00fade do Papa Francisco continua cr\u00edtico"},"content":{"rendered":"\n<p class=\"wp-block-paragraph\">Francisco, embora sentindo mais dores, passou o dia em uma poltrona. Transfus\u00f5es de sangue necess\u00e1rias, progn\u00f3stico reservado<\/p>\n\n\n\n<p class=\"wp-block-paragraph\"><strong>Vatican News<\/strong><\/p>\n\n\n\n<p class=\"wp-block-paragraph\">O estado de sa\u00fade do Santo Padre continua cr\u00edtico, portanto, como foi explicado ontem, o Papa n\u00e3o est\u00e1 fora de perigo.<\/p>\n\n\n\n<p class=\"wp-block-paragraph\">Esta manh\u00e3, o Papa Francisco apresentou uma crise respirat\u00f3ria asm\u00e1tica de longa dura\u00e7\u00e3o, que exigiu uma terapia de alto fluxo de oxig\u00eanio.<\/p>\n\n\n\n<p class=\"wp-block-paragraph\">Os exames de sangue de hoje tamb\u00e9m mostraram uma plaquetopenia, associada a uma anemia, que exigiu a administra\u00e7\u00e3o de transfus\u00f5es.<\/p>\n\n\n\n<p class=\"wp-block-paragraph\">O Santo Padre continua vigilante e passou o dia na poltrona, embora mais debilitado do que ontem. No momento o progn\u00f3stico \u00e9 reservado.<\/p>\n","protected":false},"excerpt":{"rendered":"<p>Francisco, embora sentindo mais dores, passou o dia em uma poltrona. Transfus\u00f5es de sangue necess\u00e1rias, progn\u00f3stico reservado Vatican News O estado de sa\u00fade do Santo Padre continua cr\u00edtico, portanto, como foi explicado ontem, o Papa n\u00e3o est\u00e1 fora de perigo. Esta manh\u00e3, o Papa Francisco apresentou uma crise respirat\u00f3ria asm\u00e1tica de longa dura\u00e7\u00e3o, que exigiu [&hellip;]<\/p>\n","protected":false},"author":1,"featured_media":17235,"comment_status":"open","ping_status":"open","sticky":false,"template":"","format":"standard","meta":{"_jetpack_newsletter_access":"","_jetpack_dont_email_post_to_subs":false,"_jetpack_newsletter_tier_id":0,"_jetpack_memberships_contains_paywalled_content":false,"_mbp_banners":[],"_jetpack_feature_clip_id":0,"_jetpack_memberships_contains_paid_content":false,"footnotes":"","jetpack_publicize_message":"","jetpack_publicize_feature_enabled":true,"jetpack_social_post_already_shared":true,"jetpack_social_options":{"image_generator_settings":{"template":"highway","default_image_id":0,"font":"","enabled":false},"version":2},"jetpack_post_was_ever_published":false},"categories":[25,19],"tags":[],"class_list":["post-24467","post","type-post","status-publish","format-standard","has-post-thumbnail","category-internacional","category-politica"],"jetpack_publicize_connections":[],"jetpack-related-posts":[],"jetpack_shortlink":"https:\/\/wp.me\/p7Eq1F-6mD","jetpack_sharing_enabled":true,"jetpack_featured_media_url":"https:\/\/i0.wp.com\/guialimeira.com.br\/news\/wp-content\/uploads\/2024\/11\/papa.jpg?fit=1600%2C800&ssl=1","_links":{"self":[{"href":"https:\/\/guialimeira.com.br\/news\/wp-json\/wp\/v2\/posts\/24467","targetHints":{"allow":["GET"]}}],"collection":[{"href":"https:\/\/guialimeira.com.br\/news\/wp-json\/wp\/v2\/posts"}],"about":[{"href":"https:\/\/guialimeira.com.br\/news\/wp-json\/wp\/v2\/types\/post"}],"author":[{"embeddable":true,"href":"https:\/\/guialimeira.com.br\/news\/wp-json\/wp\/v2\/users\/1"}],"replies":[{"embeddable":true,"href":"https:\/\/guialimeira.com.br\/news\/wp-json\/wp\/v2\/comments?post=24467"}],"version-history":[{"count":1,"href":"https:\/\/guialimeira.com.br\/news\/wp-json\/wp\/v2\/posts\/24467\/revisions"}],"predecessor-version":[{"id":24469,"href":"https:\/\/guialimeira.com.br\/news\/wp-json\/wp\/v2\/posts\/24467\/revisions\/24469"}],"wp:featuredmedia":[{"embeddable":true,"href":"https:\/\/guialimeira.com.br\/news\/wp-json\/wp\/v2\/media\/17235"}],"wp:attachment":[{"href":"https:\/\/guialimeira.com.br\/news\/wp-json\/wp\/v2\/media?parent=24467"}],"wp:term":[{"taxonomy":"category","embeddable":true,"href":"https:\/\/guialimeira.com.br\/news\/wp-json\/wp\/v2\/categories?post=24467"},{"taxonomy":"post_tag","embeddable":true,"href":"https:\/\/guialimeira.com.br\/news\/wp-json\/wp\/v2\/tags?post=24467"}],"curies":[{"name":"wp","href":"https:\/\/api.w.org\/{rel}","templated":true}]}}