{"id":24463,"date":"2025-02-22T17:01:52","date_gmt":"2025-02-22T20:01:52","guid":{"rendered":"https:\/\/guialimeira.com.br\/?p=24463"},"modified":"2025-02-22T17:01:52","modified_gmt":"2025-02-22T20:01:52","slug":"comissao-de-obras-e-planejamento-urbano-debate-plano-diretor","status":"publish","type":"post","link":"https:\/\/guialimeira.com.br\/news\/comissao-de-obras-e-planejamento-urbano-debate-plano-diretor\/","title":{"rendered":"Comiss\u00e3o de Obras e Planejamento Urbano debate Plano Diretor"},"content":{"rendered":"\n<figure class=\"wp-block-gallery has-nested-images columns-default is-cropped wp-block-gallery-1 is-layout-flex wp-block-gallery-is-layout-flex\"><\/figure>\n \r\n<br><img data-recalc-dims=\"1\" decoding=\"async\" src=\"https:\/\/i0.wp.com\/guialimeira.com.br\/wp-content\/uploads\/2025\/02\/2025-02-20_comissao-de-obras-e-planejamento-urbano-debate-plano-diretor_1.jpg?w=696&#038;ssl=1\" \/><br><div>\n\t\t\t\t\t<p>O Plano Diretor Territorial Ambiental de Limeira foi pautado na reuni\u00e3o da Comiss\u00e3o de Obras e Planejamento Urbano da C\u00e2mara desta quinta-feira, 20 de fevereiro. O tema foi trazido pelo mun\u00edcipe Nathan Pizani. O colegiado tamb\u00e9m agendou reuni\u00e3o com o secret\u00e1rio de Assuntos Jur\u00eddicos para tratar sobre os documentos da vinda da Microsoft.<\/p><p>De acordo com Nathan, o Plano Diretor em vigor est\u00e1 desatualizado e atrasado, \u201co \u00faltimo projeto que foi aprovado n\u00e3o mexeu na ess\u00eancia do antigo, estamos h\u00e1 25 anos com o mesmo Plano Diretor\u201d, afirmou o mun\u00edcipe. Para ele, os principais pontos que precisam de aten\u00e7\u00e3o no futuro projeto s\u00e3o o tr\u00e2nsito e o perfil de zoneamento da cidade.\u00a0<\/p><p>O presidente da Comiss\u00e3o, vereador Helder do T\u00e1xi (PSD), esclareceu que o projeto de lei que disp\u00f5e sobre o Plano Diretor \u00e9 de compet\u00eancia da Prefeitura e que cabe aos vereadores e \u00e0 Comiss\u00e3o analisar o projeto quando for colocado em tramita\u00e7\u00e3o na C\u00e2mara.<\/p><p>Nathan se colocou \u00e0 disposi\u00e7\u00e3o da Comiss\u00e3o e dos vereadores individualmente para contribuir na an\u00e1lise da proposta, quando chegar \u00e0 C\u00e2mara, uma vez que tem forma\u00e7\u00e3o t\u00e9cnica e profissional na \u00e1rea.<\/p><p><strong>Microsoft<\/strong><\/p><p>Os parlamentares tamb\u00e9m agendaram uma reuni\u00e3o com o secret\u00e1rio de Neg\u00f3cios Jur\u00eddicos da Prefeitura, F\u00e1bio Mariano, para o dia 27 de mar\u00e7o, \u00e0s 14h, para tratar dos documentos relativos \u00e0 vinda da empresa Microsoft para Limeira.<\/p><p>A Comiss\u00e3o de Obras e Planejamento Urbano \u00e9 respons\u00e1vel por temas como servi\u00e7os p\u00fablicos, uso, ocupa\u00e7\u00e3o e parcelamento do solo, e \u00e9 formada pelos vereadores Helder do T\u00e1xi (PSD), presidente; M\u00e1rcio do Estacionamento (DC), vice-presidente; e\u00a0 Jo\u00e3o Antunes Bano (SD), secret\u00e1rio. As reuni\u00f5es ordin\u00e1rias do colegiado acontecem \u00e0s quintas-feiras, a partir das 13h30. Todas as delibera\u00e7\u00f5es s\u00e3o registradas em <a href=\"https:\/\/consulta.limeira.sp.leg.br\/arquivo?Id=478448\" rel=\"noopener\">ata<\/a>.<\/p>\t\t\t\t<\/div>\r\n<br>\r\n<br><a href=\"https:\/\/www.limeira.sp.leg.br\/noticias\/view\/2025-02-20_comissao-de-obras-e-planejamento-urbano-debate-plano-diretor\" rel=\"noopener\">Informa\u00e7\u00f5es CMLSource link <\/a>","protected":false},"excerpt":{"rendered":"<p>O Plano Diretor Territorial Ambiental de Limeira foi pautado na reuni\u00e3o da Comiss\u00e3o de Obras e Planejamento Urbano da C\u00e2mara desta quinta-feira, 20 de fevereiro. O tema foi trazido pelo mun\u00edcipe Nathan Pizani. O colegiado tamb\u00e9m agendou reuni\u00e3o com o secret\u00e1rio de Assuntos Jur\u00eddicos para tratar sobre os documentos da vinda da Microsoft. De acordo [&hellip;]<\/p>\n","protected":false},"author":1,"featured_media":24464,"comment_status":"open","ping_status":"open","sticky":false,"template":"","format":"standard","meta":{"_jetpack_newsletter_access":"","_jetpack_dont_email_post_to_subs":false,"_jetpack_newsletter_tier_id":0,"_jetpack_memberships_contains_paywalled_content":false,"_mbp_banners":[],"_jetpack_feature_clip_id":0,"_jetpack_memberships_contains_paid_content":false,"footnotes":"","jetpack_publicize_message":"","jetpack_publicize_feature_enabled":true,"jetpack_social_post_already_shared":true,"jetpack_social_options":{"image_generator_settings":{"template":"highway","default_image_id":0,"font":"","enabled":false},"version":2},"jetpack_post_was_ever_published":false},"categories":[19],"tags":[],"class_list":["post-24463","post","type-post","status-publish","format-standard","has-post-thumbnail","category-politica"],"jetpack_publicize_connections":[],"jetpack-related-posts":[],"jetpack_shortlink":"https:\/\/wp.me\/p7Eq1F-6mz","jetpack_sharing_enabled":true,"jetpack_featured_media_url":"https:\/\/i0.wp.com\/guialimeira.com.br\/news\/wp-content\/uploads\/2025\/02\/Comissao-de-Obras-e-Planejamento-Urbano-debate-Plano-Diretor.jpg?fit=1280%2C640&ssl=1","_links":{"self":[{"href":"https:\/\/guialimeira.com.br\/news\/wp-json\/wp\/v2\/posts\/24463","targetHints":{"allow":["GET"]}}],"collection":[{"href":"https:\/\/guialimeira.com.br\/news\/wp-json\/wp\/v2\/posts"}],"about":[{"href":"https:\/\/guialimeira.com.br\/news\/wp-json\/wp\/v2\/types\/post"}],"author":[{"embeddable":true,"href":"https:\/\/guialimeira.com.br\/news\/wp-json\/wp\/v2\/users\/1"}],"replies":[{"embeddable":true,"href":"https:\/\/guialimeira.com.br\/news\/wp-json\/wp\/v2\/comments?post=24463"}],"version-history":[{"count":1,"href":"https:\/\/guialimeira.com.br\/news\/wp-json\/wp\/v2\/posts\/24463\/revisions"}],"predecessor-version":[{"id":24465,"href":"https:\/\/guialimeira.com.br\/news\/wp-json\/wp\/v2\/posts\/24463\/revisions\/24465"}],"wp:featuredmedia":[{"embeddable":true,"href":"https:\/\/guialimeira.com.br\/news\/wp-json\/wp\/v2\/media\/24464"}],"wp:attachment":[{"href":"https:\/\/guialimeira.com.br\/news\/wp-json\/wp\/v2\/media?parent=24463"}],"wp:term":[{"taxonomy":"category","embeddable":true,"href":"https:\/\/guialimeira.com.br\/news\/wp-json\/wp\/v2\/categories?post=24463"},{"taxonomy":"post_tag","embeddable":true,"href":"https:\/\/guialimeira.com.br\/news\/wp-json\/wp\/v2\/tags?post=24463"}],"curies":[{"name":"wp","href":"https:\/\/api.w.org\/{rel}","templated":true}]}}