{"id":2446,"date":"2024-04-23T12:30:51","date_gmt":"2024-04-23T15:30:51","guid":{"rendered":"https:\/\/guialimeira.com.br\/2024\/04\/23\/dpbea-nos-bairros-sera-suspenso-amanha-24-atendimento-retorna-na-sexta-26\/"},"modified":"2024-04-23T12:30:51","modified_gmt":"2024-04-23T15:30:51","slug":"dpbea-nos-bairros-sera-suspenso-amanha-24-atendimento-retorna-na-sexta-26","status":"publish","type":"post","link":"https:\/\/guialimeira.com.br\/news\/dpbea-nos-bairros-sera-suspenso-amanha-24-atendimento-retorna-na-sexta-26\/","title":{"rendered":"\u201cDpbea nos Bairros\u201d ser\u00e1 suspenso amanh\u00e3 (24); atendimento retorna na sexta (26)"},"content":{"rendered":"<p> <br \/>\n<\/p>\n<div>\n            <main class=\"\">&#13;<br \/>\n                &#13;<br \/>\n&#13;<br \/>\n&#13;<br \/>\n&#13;<br \/>\n    <img data-recalc-dims=\"1\" decoding=\"async\" src=\"https:\/\/i0.wp.com\/ecrie.com.br\/sistema\/conteudos\/imagem\/m_137_0_1_05032024140350.jpeg?w=696&#038;ssl=1\" alt=\"\u201cDpbea nos Bairros\u201d ser\u00e1 suspenso amanh\u00e3 (24); atendimento retorna na sexta (26)\"\/>&#13;<br \/>\n&#13;<\/p>\n<p>A Secretaria de Meio Ambiente e Agricultura de Limeira informa que, excepcionalmente nesta quarta-feira (24), n\u00e3o haver\u00e1 atendimento do Departamento de Prote\u00e7\u00e3o e Bem-Estar Animal (Dpbea) no Parque Ecol\u00f3gico\u00a0do Jd. do Lago. No entanto, o programa funcionar\u00e1 normalmente na sexta-feira\u00a0(26), das 9h30 \u00e0s 14h30.\u00a0O parque fica na Rua Dr. Jos\u00e9 da Silva Teixeira, n\u00ba 273.<\/p>\n<p>&#13;<\/p>\n<p>O \u201cDpbea\u00a0nos Bairros\u201d oferece,\u00a0gratuitamente,\u00a0consulta veterin\u00e1ria, microchipagem e educa\u00e7\u00e3o ambiental, al\u00e9m de conscientiza\u00e7\u00e3o sobre guarda respons\u00e1vel e maus-tratos a animais.\u00a0\u00c9 necess\u00e1rio apresentar RG, CPF e comprovante de resid\u00eancia. Os c\u00e3es devem\u00a0usar\u00a0coleira\u00a0e\u00a0guia. A\u00a0focinheira \u00e9 recomendada para animais bravos. J\u00e1 os gatos devem ser levados em caixas de transporte.\u00a0<\/p>\n<p>&#13;<\/p>\n<p>\u00a0<\/p>\n<p>&#13;<\/p>\n<p>\u00a0<\/p>\n<p>&#13;<br \/>\n&#13;<br \/>\n&#13;<br \/>\n&#13;<\/p>\n<aside class=\"list-related no-print\">&#13;<br \/>\n        &#13;<br \/>\n&#13;<\/p>\n<article class=\"list-item noticias \">&#13;<br \/>\n                    <a class=\"list-item__img\" href=\"https:\/\/limeira.sp.gov.br\/imprensa\/noticias\/meio-ambiente-e-agricultura\/comerciantes-aprovam-feira-livre-noturna-proxima-edicao-e-nesta-terca-23\" tabindex=\"-1\" aria-hidden=\"true\" rel=\"noopener\">&#13;<br \/>\n                        <img data-recalc-dims=\"1\" decoding=\"async\" src=\"https:\/\/i0.wp.com\/ecrie.com.br\/sistema\/conteudos\/imagem\/m_137_0_1_22042024162229.jpg?w=696&#038;ssl=1\" alt=\"Comerciantes aprovam Feira Livre Noturna; pr\u00f3xima edi\u00e7\u00e3o \u00e9 nesta ter\u00e7a (23)\"\/>&#13;<br \/>\n                    <\/a>&#13;<br \/>\n&#13;<br \/>\n                &#13;<br \/>\n            <\/article>\n<p>&#13;<\/p>\n<article class=\"list-item noticias \">&#13;<br \/>\n                    <a class=\"list-item__img\" href=\"https:\/\/limeira.sp.gov.br\/imprensa\/noticias\/meio-ambiente-e-agricultura\/publico-atendido-pela-alicc-visita-viveiro-de-mudas-e-conhece-processo-de-producao-de-mudas\" tabindex=\"-1\" aria-hidden=\"true\" rel=\"noopener\">&#13;<br \/>\n                        <img data-recalc-dims=\"1\" decoding=\"async\" src=\"https:\/\/i0.wp.com\/ecrie.com.br\/sistema\/conteudos\/imagem\/m_137_0_1_22042024122756.jpg?w=696&#038;ssl=1\" alt=\"P\u00fablico atendido pela Alicc visita Viveiro de Mudas e conhece processo de produ\u00e7\u00e3o de mudas\"\/>&#13;<br \/>\n                    <\/a>&#13;<br \/>\n&#13;<br \/>\n                &#13;<br \/>\n            <\/article>\n<p>&#13;<\/p>\n<article class=\"list-item noticias \">&#13;<br \/>\n                    <a class=\"list-item__img\" href=\"https:\/\/limeira.sp.gov.br\/imprensa\/noticias\/meio-ambiente-e-agricultura\/projeto-cozinhalimento-realiza-oficinas-em-limeira\" tabindex=\"-1\" aria-hidden=\"true\" rel=\"noopener\">&#13;<br \/>\n                        <img data-recalc-dims=\"1\" decoding=\"async\" src=\"https:\/\/i0.wp.com\/ecrie.com.br\/sistema\/conteudos\/imagem\/m_137_0_1_19042024144326.jpg?w=696&#038;ssl=1\" alt=\"Projeto Cozinhalimento realiza oficinas em Limeira\"\/>&#13;<br \/>\n                    <\/a>&#13;<br \/>\n&#13;<br \/>\n                &#13;<br \/>\n            <\/article>\n<p>&#13;<br \/>\n    <\/aside>\n<p>&#13;<br \/>\n&#13;<br \/>\n            <\/main><\/p><\/div>\n<p><br \/>\n<br \/><a href=\"https:\/\/limeira.sp.gov.br\/dpbea-nos-bairros-sera-suspenso-amanha-24-atendimento-retorna-na-sexta-26\" rel=\"noopener\">Informa\u00e7\u00f5es da PML <\/a><\/p>\n","protected":false},"excerpt":{"rendered":"<p>&#13; &#13; &#13; &#13; &#13; &#13; &#13; A Secretaria de Meio Ambiente e Agricultura de Limeira informa que, excepcionalmente nesta quarta-feira (24), n\u00e3o haver\u00e1 atendimento do Departamento de Prote\u00e7\u00e3o e Bem-Estar Animal (Dpbea) no Parque Ecol\u00f3gico\u00a0do Jd. do Lago. No entanto, o programa funcionar\u00e1 normalmente na sexta-feira\u00a0(26), das 9h30 \u00e0s 14h30.\u00a0O parque fica na Rua [&hellip;]<\/p>\n","protected":false},"author":1,"featured_media":2447,"comment_status":"open","ping_status":"open","sticky":false,"template":"","format":"standard","meta":{"_jetpack_newsletter_access":"","_jetpack_dont_email_post_to_subs":false,"_jetpack_newsletter_tier_id":0,"_jetpack_memberships_contains_paywalled_content":false,"_mbp_banners":[],"_jetpack_feature_clip_id":0,"_jetpack_memberships_contains_paid_content":false,"footnotes":"","jetpack_publicize_message":"","jetpack_publicize_feature_enabled":true,"jetpack_social_post_already_shared":true,"jetpack_social_options":{"image_generator_settings":{"template":"highway","default_image_id":0,"font":"","enabled":false},"version":2},"jetpack_post_was_ever_published":false},"categories":[16],"tags":[],"class_list":["post-2446","post","type-post","status-publish","format-standard","has-post-thumbnail","category-local"],"jetpack_publicize_connections":[],"jetpack-related-posts":[],"jetpack_shortlink":"https:\/\/wp.me\/p7Eq1F-Ds","jetpack_sharing_enabled":true,"jetpack_featured_media_url":"https:\/\/i0.wp.com\/guialimeira.com.br\/news\/wp-content\/uploads\/2024\/04\/m_137_0_1_05032024140350.jpeg?fit=900%2C562&ssl=1","_links":{"self":[{"href":"https:\/\/guialimeira.com.br\/news\/wp-json\/wp\/v2\/posts\/2446","targetHints":{"allow":["GET"]}}],"collection":[{"href":"https:\/\/guialimeira.com.br\/news\/wp-json\/wp\/v2\/posts"}],"about":[{"href":"https:\/\/guialimeira.com.br\/news\/wp-json\/wp\/v2\/types\/post"}],"author":[{"embeddable":true,"href":"https:\/\/guialimeira.com.br\/news\/wp-json\/wp\/v2\/users\/1"}],"replies":[{"embeddable":true,"href":"https:\/\/guialimeira.com.br\/news\/wp-json\/wp\/v2\/comments?post=2446"}],"version-history":[{"count":0,"href":"https:\/\/guialimeira.com.br\/news\/wp-json\/wp\/v2\/posts\/2446\/revisions"}],"wp:featuredmedia":[{"embeddable":true,"href":"https:\/\/guialimeira.com.br\/news\/wp-json\/wp\/v2\/media\/2447"}],"wp:attachment":[{"href":"https:\/\/guialimeira.com.br\/news\/wp-json\/wp\/v2\/media?parent=2446"}],"wp:term":[{"taxonomy":"category","embeddable":true,"href":"https:\/\/guialimeira.com.br\/news\/wp-json\/wp\/v2\/categories?post=2446"},{"taxonomy":"post_tag","embeddable":true,"href":"https:\/\/guialimeira.com.br\/news\/wp-json\/wp\/v2\/tags?post=2446"}],"curies":[{"name":"wp","href":"https:\/\/api.w.org\/{rel}","templated":true}]}}