{"id":24459,"date":"2025-02-22T16:42:55","date_gmt":"2025-02-22T19:42:55","guid":{"rendered":"https:\/\/guialimeira.com.br\/2025\/02\/22\/apos-crise-respiratoria-papa-francisco-recebe-transfusao-de-sangue\/"},"modified":"2025-02-22T16:42:55","modified_gmt":"2025-02-22T19:42:55","slug":"apos-crise-respiratoria-papa-francisco-recebe-transfusao-de-sangue","status":"publish","type":"post","link":"https:\/\/guialimeira.com.br\/news\/apos-crise-respiratoria-papa-francisco-recebe-transfusao-de-sangue\/","title":{"rendered":"Ap\u00f3s crise respirat\u00f3ria, Papa Francisco recebe transfus\u00e3o de sangue"},"content":{"rendered":"<p> <br \/>\n<\/p>\n<div>\n<p>O Papa Francisco teve, neste s\u00e1bado (22), uma crise respirat\u00f3ria asm\u00e1tica prolongada, conforme divulgou o servi\u00e7o de comunica\u00e7\u00e3o do Vaticano.\u00a0 Ainda de acordo com o boletim, ele precisou de transfus\u00e3o de sangue e aplica\u00e7\u00e3o de \u201coxig\u00eanio de alto fluxo\u201d. Desde 14 de fevereiro, ele est\u00e1 internado no\u00a0Hospital Gemelli, em Roma, para se recuperar de uma pneumonia bilateral.<img data-recalc-dims=\"1\" decoding=\"async\" src=\"https:\/\/i0.wp.com\/agenciabrasil.ebc.com.br\/ebc.png?w=696&#038;ssl=1\" style=\"width:1px; height:1px; display:inline;\"\/><img data-recalc-dims=\"1\" decoding=\"async\" src=\"https:\/\/i0.wp.com\/agenciabrasil.ebc.com.br\/ebc.gif?w=696&#038;ssl=1\" style=\"width:1px; height:1px; display:inline;\"\/><\/p>\n<p>Francisco, conforme apontou a R\u00e1dio Vaticano, passou o dia sentado em uma poltrona e sentiu mais dores do que ontem. &#8220;O estado do Santo Padre continua cr\u00edtico, portanto, como foi explicado ontem, o Papa <a href=\"https:\/\/agenciabrasil.ebc.com.br\/internacional\/noticia\/2025-02\/papa-ainda-nao-esta-fora-de-perigo-diz-medico\" target=\"_blank\" rel=\"noopener\">n\u00e3o est\u00e1 fora de perigo<\/a>\u201d, escreveu o servi\u00e7o de comunica\u00e7\u00e3o.\u00a0<\/p>\n<h2>Riscos<\/h2>\n<p>Outra informa\u00e7\u00e3o divulgada \u00e9 que as transfus\u00f5es de sangue ocorreram porque os exames revelaram trombocitopenia, associada \u00e0 anemia. O quadro ocorre quando existe um n\u00famero reduzido de plaquetas no sangue\u00a0e isso faz aumentar o risco de hemorragia.<\/p>\n<p>Pela manh\u00e3, o m\u00e9dico S\u00e9rgio Alfieri havia informado que o Papa ficar\u00e1 internado pelo\u00a0tempo que for necess\u00e1rio at\u00e9 poder voltar para casa (Santa Marta) em seguran\u00e7a. Ele chegou a ir do quarto at\u00e9 a capela para rezar por 20 minutos. \u201cEle \u00e9 o Papa, mas tamb\u00e9m \u00e9 um homem (&#8230;) Mas se o corpo tem quase 90 anos, a cabe\u00e7a \u00e9 de 60 ou 50\u201d, afirmou o m\u00e9dico, segundo a R\u00e1dio Vaticano.<\/p>\n<p>A maior preocupa\u00e7\u00e3o da equipe m\u00e9dica \u00e9 o risco de que os germes das vias respirat\u00f3rias entrem na corrente sangu\u00ednea e causem sepse (infec\u00e7\u00e3o que se espalha por outros \u00f3rg\u00e3os do corpo).<\/p>\n<p>\u00a0<\/p>\n<p>      <!-- Relacionada --><\/p>\n<p>            <!-- Relacionada -->\n    <\/div>\n<p><br \/>\n<br \/><a href=\"https:\/\/agenciabrasil.ebc.com.br\/internacional\/noticia\/2025-02\/apos-crise-respiratoria-papa-francisco-recebe-transfusao-de-sangue\" rel=\"noopener\">Ag\u00eancia Brasil <\/a><\/p>\n","protected":false},"excerpt":{"rendered":"<p>O Papa Francisco teve, neste s\u00e1bado (22), uma crise respirat\u00f3ria asm\u00e1tica prolongada, conforme divulgou o servi\u00e7o de comunica\u00e7\u00e3o do Vaticano.\u00a0 Ainda de acordo com o boletim, ele precisou de transfus\u00e3o de sangue e aplica\u00e7\u00e3o de \u201coxig\u00eanio de alto fluxo\u201d. Desde 14 de fevereiro, ele est\u00e1 internado no\u00a0Hospital Gemelli, em Roma, para se recuperar de uma [&hellip;]<\/p>\n","protected":false},"author":1,"featured_media":24460,"comment_status":"open","ping_status":"open","sticky":false,"template":"","format":"standard","meta":{"_jetpack_newsletter_access":"","_jetpack_dont_email_post_to_subs":false,"_jetpack_newsletter_tier_id":0,"_jetpack_memberships_contains_paywalled_content":false,"_mbp_banners":[],"_jetpack_feature_clip_id":0,"_jetpack_memberships_contains_paid_content":false,"footnotes":"","jetpack_publicize_message":"","jetpack_publicize_feature_enabled":true,"jetpack_social_post_already_shared":true,"jetpack_social_options":{"image_generator_settings":{"template":"highway","default_image_id":0,"font":"","enabled":false},"version":2},"jetpack_post_was_ever_published":false},"categories":[25],"tags":[],"class_list":["post-24459","post","type-post","status-publish","format-standard","has-post-thumbnail","category-internacional"],"jetpack_publicize_connections":[],"jetpack-related-posts":[],"jetpack_shortlink":"https:\/\/wp.me\/p7Eq1F-6mv","jetpack_sharing_enabled":true,"jetpack_featured_media_url":"https:\/\/i0.wp.com\/guialimeira.com.br\/news\/wp-content\/uploads\/2025\/02\/2025-02-22t071417z_968997010_rc2jzcayy95x_rtrmadp_3_pope-health.jpg?fit=1600%2C800&ssl=1","_links":{"self":[{"href":"https:\/\/guialimeira.com.br\/news\/wp-json\/wp\/v2\/posts\/24459","targetHints":{"allow":["GET"]}}],"collection":[{"href":"https:\/\/guialimeira.com.br\/news\/wp-json\/wp\/v2\/posts"}],"about":[{"href":"https:\/\/guialimeira.com.br\/news\/wp-json\/wp\/v2\/types\/post"}],"author":[{"embeddable":true,"href":"https:\/\/guialimeira.com.br\/news\/wp-json\/wp\/v2\/users\/1"}],"replies":[{"embeddable":true,"href":"https:\/\/guialimeira.com.br\/news\/wp-json\/wp\/v2\/comments?post=24459"}],"version-history":[{"count":0,"href":"https:\/\/guialimeira.com.br\/news\/wp-json\/wp\/v2\/posts\/24459\/revisions"}],"wp:featuredmedia":[{"embeddable":true,"href":"https:\/\/guialimeira.com.br\/news\/wp-json\/wp\/v2\/media\/24460"}],"wp:attachment":[{"href":"https:\/\/guialimeira.com.br\/news\/wp-json\/wp\/v2\/media?parent=24459"}],"wp:term":[{"taxonomy":"category","embeddable":true,"href":"https:\/\/guialimeira.com.br\/news\/wp-json\/wp\/v2\/categories?post=24459"},{"taxonomy":"post_tag","embeddable":true,"href":"https:\/\/guialimeira.com.br\/news\/wp-json\/wp\/v2\/tags?post=24459"}],"curies":[{"name":"wp","href":"https:\/\/api.w.org\/{rel}","templated":true}]}}