{"id":24451,"date":"2025-02-22T16:00:57","date_gmt":"2025-02-22T19:00:57","guid":{"rendered":"https:\/\/guialimeira.com.br\/?p=24451"},"modified":"2025-02-22T16:00:57","modified_gmt":"2025-02-22T19:00:57","slug":"vereadora-isabelly-carvalho-participa-da-entrega-de-mandados-judiciais-para-retificacao-de-nome-e-genero-de-pessoas-trans","status":"publish","type":"post","link":"https:\/\/guialimeira.com.br\/news\/vereadora-isabelly-carvalho-participa-da-entrega-de-mandados-judiciais-para-retificacao-de-nome-e-genero-de-pessoas-trans\/","title":{"rendered":"Vereadora Isabelly Carvalho participa da entrega de mandados judiciais para retifica\u00e7\u00e3o de nome e g\u00eanero de pessoas trans"},"content":{"rendered":"\n<figure class=\"wp-block-gallery has-nested-images columns-default is-cropped wp-block-gallery-1 is-layout-flex wp-block-gallery-is-layout-flex\"><\/figure>\n \r\n<br><img data-recalc-dims=\"1\" decoding=\"async\" src=\"https:\/\/i0.wp.com\/guialimeira.com.br\/wp-content\/uploads\/2025\/02\/2025-02-20_vereadora-isabelly-carvalho-participa-da-entrega-de-mandados-judiciais-para-retificacao-d.jpeg?w=696&#038;ssl=1\" \/><br><div>\n\t\t\t\t\t<p>A unidade da Defensoria P\u00fablica do Estado de S\u00e3o Paulo em Limeira realizou no dia 14 de fevereiro, a entrega de dezesseis mandados judiciais para a retifica\u00e7\u00e3o gratuita de nome e g\u00eanero de pessoas trans. A entrega foi acompanhada de uma cerim\u00f4nia simb\u00f3lica na sede da Defensoria. A a\u00e7\u00e3o \u00e9 resultado do segundo mutir\u00e3o de retifica\u00e7\u00e3o, realizado pela Defensoria P\u00fablica com apoio da vereadora Isabelly Carvalho (PT).<\/p><p>Segundo a Associa\u00e7\u00e3o Nacional de Pessoas Naturais (Arpen-Brasil), em 2024, Limeira registrou um aumento de 35% no n\u00famero de pessoas que alteraram o g\u00eanero nos cart\u00f3rios de Registro Civil.<\/p><p>Isabelly Carvalho destaca a import\u00e2ncia do ato como um marco para a garantia de direitos da popula\u00e7\u00e3o trans da cidade de Limeira. \u201cRetifica\u00e7\u00e3o de nome e g\u00eanero nos documentos civis de pessoas trans n\u00e3o se trata apenas de uma mudan\u00e7a de nome e g\u00eanero, se trata de alcan\u00e7ar um componente importante no acesso \u00e0s v\u00e1rias pol\u00edticas p\u00fablicas, como sa\u00fade e educa\u00e7\u00e3o. O reconhecimento da verdadeira identidade de g\u00eanero de uma pessoa trans compreende o acesso \u00e0 cidadania\u201d, afirma a parlamentar.<\/p><p><i>Do Gabinete Parlamentar \u2013 Vereadora Isabelly Carvalho (PT)<\/i><\/p><p><i>*Foto do Gabinete parlamentar<\/i><\/p><p><strong>As mat\u00e9rias de origem dos Gabinetes Parlamentares s\u00e3o de inteira\u00a0 responsabilidade dos parlamentares e de suas assessorias. S\u00e3o devidamente assinadas e n\u00e3o refletem, necessariamente, a opini\u00e3o institucional da C\u00e2mara Municipal de Limeira.<\/strong><\/p>\t\t\t\t<\/div>\r\n<br>\r\n<br><a href=\"https:\/\/www.limeira.sp.leg.br\/noticias\/view\/2025-02-20_vereadora-isabelly-carvalho-participa-da-entrega-de-mandados-judiciais-para-retificacao-de-nome-e-genero-de-pessoas-trans\" rel=\"noopener\">Informa\u00e7\u00f5es CMLSource link <\/a>","protected":false},"excerpt":{"rendered":"<p>A unidade da Defensoria P\u00fablica do Estado de S\u00e3o Paulo em Limeira realizou no dia 14 de fevereiro, a entrega de dezesseis mandados judiciais para a retifica\u00e7\u00e3o gratuita de nome e g\u00eanero de pessoas trans. A entrega foi acompanhada de uma cerim\u00f4nia simb\u00f3lica na sede da Defensoria. A a\u00e7\u00e3o \u00e9 resultado do segundo mutir\u00e3o de [&hellip;]<\/p>\n","protected":false},"author":1,"featured_media":24452,"comment_status":"open","ping_status":"open","sticky":false,"template":"","format":"standard","meta":{"_jetpack_newsletter_access":"","_jetpack_dont_email_post_to_subs":false,"_jetpack_newsletter_tier_id":0,"_jetpack_memberships_contains_paywalled_content":false,"_mbp_banners":[],"_jetpack_feature_clip_id":0,"_jetpack_memberships_contains_paid_content":false,"footnotes":"","jetpack_publicize_message":"","jetpack_publicize_feature_enabled":true,"jetpack_social_post_already_shared":true,"jetpack_social_options":{"image_generator_settings":{"template":"highway","default_image_id":0,"font":"","enabled":false},"version":2},"jetpack_post_was_ever_published":false},"categories":[19],"tags":[],"class_list":["post-24451","post","type-post","status-publish","format-standard","has-post-thumbnail","category-politica"],"jetpack_publicize_connections":[],"jetpack-related-posts":[],"jetpack_shortlink":"https:\/\/wp.me\/p7Eq1F-6mn","jetpack_sharing_enabled":true,"jetpack_featured_media_url":"https:\/\/i0.wp.com\/guialimeira.com.br\/news\/wp-content\/uploads\/2025\/02\/Vereadora-Isabelly-Carvalho-participa-da-entrega-de-mandados-judiciais-para.jpeg?fit=1280%2C640&ssl=1","_links":{"self":[{"href":"https:\/\/guialimeira.com.br\/news\/wp-json\/wp\/v2\/posts\/24451","targetHints":{"allow":["GET"]}}],"collection":[{"href":"https:\/\/guialimeira.com.br\/news\/wp-json\/wp\/v2\/posts"}],"about":[{"href":"https:\/\/guialimeira.com.br\/news\/wp-json\/wp\/v2\/types\/post"}],"author":[{"embeddable":true,"href":"https:\/\/guialimeira.com.br\/news\/wp-json\/wp\/v2\/users\/1"}],"replies":[{"embeddable":true,"href":"https:\/\/guialimeira.com.br\/news\/wp-json\/wp\/v2\/comments?post=24451"}],"version-history":[{"count":1,"href":"https:\/\/guialimeira.com.br\/news\/wp-json\/wp\/v2\/posts\/24451\/revisions"}],"predecessor-version":[{"id":24453,"href":"https:\/\/guialimeira.com.br\/news\/wp-json\/wp\/v2\/posts\/24451\/revisions\/24453"}],"wp:featuredmedia":[{"embeddable":true,"href":"https:\/\/guialimeira.com.br\/news\/wp-json\/wp\/v2\/media\/24452"}],"wp:attachment":[{"href":"https:\/\/guialimeira.com.br\/news\/wp-json\/wp\/v2\/media?parent=24451"}],"wp:term":[{"taxonomy":"category","embeddable":true,"href":"https:\/\/guialimeira.com.br\/news\/wp-json\/wp\/v2\/categories?post=24451"},{"taxonomy":"post_tag","embeddable":true,"href":"https:\/\/guialimeira.com.br\/news\/wp-json\/wp\/v2\/tags?post=24451"}],"curies":[{"name":"wp","href":"https:\/\/api.w.org\/{rel}","templated":true}]}}