{"id":24429,"date":"2025-02-22T14:38:56","date_gmt":"2025-02-22T17:38:56","guid":{"rendered":"https:\/\/guialimeira.com.br\/?p=24429"},"modified":"2025-02-22T14:38:58","modified_gmt":"2025-02-22T17:38:58","slug":"projeto-pertenser-a-historia-de-limeira-como-voce-nunca-viu","status":"publish","type":"post","link":"https:\/\/guialimeira.com.br\/news\/projeto-pertenser-a-historia-de-limeira-como-voce-nunca-viu\/","title":{"rendered":"Projeto PertenSer: A Hist\u00f3ria de Limeira como voc\u00ea nunca viu!"},"content":{"rendered":"\n<p class=\"wp-block-paragraph\">Voc\u00ea j\u00e1 parou para pensar na riqueza da hist\u00f3ria de Limeira? Nossa cidade tem um passado fascinante, cheio de acontecimentos que ajudaram a moldar o que somos hoje. No entanto, ainda n\u00e3o h\u00e1 um document\u00e1rio completo que explore essas hist\u00f3rias em detalhes.<\/p>\n\n\n\n<p class=\"wp-block-paragraph\">Pensando nisso, nasce o <strong>Projeto PertenSer<\/strong>, um document\u00e1rio no estilo das grandes produ\u00e7\u00f5es de streaming, trazendo uma <strong>narrativa envolvente e cinematogr\u00e1fica<\/strong> para contar a trajet\u00f3ria de Limeira como nunca antes!<\/p>\n\n\n\n<h2 class=\"wp-block-heading\"><strong>Uma s\u00e9rie documental para reviver o passado<\/strong><\/h2>\n\n\n\n<p class=\"wp-block-paragraph\">\ud83d\udcfd\ufe0f <strong>Na primeira temporada, ser\u00e3o 9 epis\u00f3dios de 40 minutos cada<\/strong>, reconstituindo os principais marcos da cidade. O primeiro epis\u00f3dio estreia no <strong>dia 26 de mar\u00e7o, \u00e0s 19h, no Teatro Vit\u00f3ria<\/strong> \u2013 e voc\u00ea \u00e9 nosso convidado especial para esse momento \u00fanico!<\/p>\n\n\n\n<h3 class=\"wp-block-heading\"><strong>O come\u00e7o de tudo: a origem de Limeira<\/strong><\/h3>\n\n\n\n<p class=\"wp-block-paragraph\">Nossa jornada come\u00e7a em <strong>1826<\/strong>, quando um grupo de <strong>bandeirantes<\/strong> fez uma parada em um local conhecido como <strong>Tatu<\/strong>. Esse ponto de descanso se tornou o ber\u00e7o de um povoado, documentado no <strong>livro Registro de Capelas da ent\u00e3o Diocese de S\u00e3o Paulo<\/strong>.<\/p>\n\n\n\n<p class=\"wp-block-paragraph\">A partir dessa pequena capela, Limeira foi crescendo, se desenvolvendo e, hoje, abriga uma popula\u00e7\u00e3o de mais de <strong>300 mil habitantes<\/strong>. Mas como tudo isso aconteceu? Quais foram os desafios, conquistas e curiosidades desse percurso?<\/p>\n\n\n\n<h3 class=\"wp-block-heading\"><strong>Venha descobrir essa hist\u00f3ria com a gente!<\/strong><\/h3>\n\n\n\n<p class=\"wp-block-paragraph\">Chegou a hora de reviver esses momentos marcantes, contados por diversas vozes e ilustrados por imagens e relatos que nos transportam ao passado.<\/p>\n\n\n\n<p class=\"wp-block-paragraph\">\ud83d\udcc5 <strong>Data:<\/strong> 26\/03<br>\ud83d\udd56 <strong>Hor\u00e1rio:<\/strong> 19h<br>\ud83d\udccd <strong>Local:<\/strong> Teatro Vit\u00f3ria<\/p>\n\n\n\n<p class=\"wp-block-paragraph\">\ud83c\udf9e\ufe0f <strong>Assista ao trailer do primeiro epis\u00f3dio e embarque nessa viagem hist\u00f3rica!<\/strong><\/p>\n\n\n\n<figure class=\"wp-block-embed is-type-video is-provider-youtube wp-block-embed-youtube wp-embed-aspect-16-9 wp-has-aspect-ratio\"><div class=\"wp-block-embed__wrapper\">\n<span class=\"embed-youtube\" style=\"text-align:center; display: block;\"><iframe loading=\"lazy\" class=\"youtube-player\" width=\"696\" height=\"392\" src=\"https:\/\/www.youtube.com\/embed\/DY54sODzaxc?version=3&#038;rel=1&#038;showsearch=0&#038;showinfo=1&#038;iv_load_policy=1&#038;fs=1&#038;hl=pt-BR&#038;autohide=2&#038;wmode=transparent\" allowfullscreen=\"true\" style=\"border:0;\" sandbox=\"allow-scripts allow-same-origin allow-popups allow-presentation allow-popups-to-escape-sandbox\"><\/iframe><\/span>\n<\/div><\/figure>\n\n\n\n<p class=\"wp-block-paragraph\">N\u00e3o perca essa oportunidade de conhecer Limeira de um jeito totalmente novo!<\/p>\n","protected":false},"excerpt":{"rendered":"<p>Voc\u00ea j\u00e1 parou para pensar na riqueza da hist\u00f3ria de Limeira? Nossa cidade tem um passado fascinante, cheio de acontecimentos que ajudaram a moldar o que somos hoje. No entanto, ainda n\u00e3o h\u00e1 um document\u00e1rio completo que explore essas hist\u00f3rias em detalhes. Pensando nisso, nasce o Projeto PertenSer, um document\u00e1rio no estilo das grandes produ\u00e7\u00f5es [&hellip;]<\/p>\n","protected":false},"author":1,"featured_media":24431,"comment_status":"open","ping_status":"open","sticky":false,"template":"","format":"standard","meta":{"_jetpack_newsletter_access":"","_jetpack_dont_email_post_to_subs":false,"_jetpack_newsletter_tier_id":0,"_jetpack_memberships_contains_paywalled_content":false,"_mbp_banners":[],"_jetpack_feature_clip_id":0,"_jetpack_memberships_contains_paid_content":false,"footnotes":"","jetpack_publicize_message":"","jetpack_publicize_feature_enabled":true,"jetpack_social_post_already_shared":true,"jetpack_social_options":{"image_generator_settings":{"template":"highway","default_image_id":0,"font":"","enabled":false},"version":2},"jetpack_post_was_ever_published":false},"categories":[16,19],"tags":[],"class_list":["post-24429","post","type-post","status-publish","format-standard","has-post-thumbnail","category-local","category-politica"],"jetpack_publicize_connections":[],"jetpack-related-posts":[],"jetpack_shortlink":"https:\/\/wp.me\/p7Eq1F-6m1","jetpack_sharing_enabled":true,"jetpack_featured_media_url":"https:\/\/i0.wp.com\/guialimeira.com.br\/news\/wp-content\/uploads\/2025\/02\/limeira.png?fit=759%2C424&ssl=1","_links":{"self":[{"href":"https:\/\/guialimeira.com.br\/news\/wp-json\/wp\/v2\/posts\/24429","targetHints":{"allow":["GET"]}}],"collection":[{"href":"https:\/\/guialimeira.com.br\/news\/wp-json\/wp\/v2\/posts"}],"about":[{"href":"https:\/\/guialimeira.com.br\/news\/wp-json\/wp\/v2\/types\/post"}],"author":[{"embeddable":true,"href":"https:\/\/guialimeira.com.br\/news\/wp-json\/wp\/v2\/users\/1"}],"replies":[{"embeddable":true,"href":"https:\/\/guialimeira.com.br\/news\/wp-json\/wp\/v2\/comments?post=24429"}],"version-history":[{"count":1,"href":"https:\/\/guialimeira.com.br\/news\/wp-json\/wp\/v2\/posts\/24429\/revisions"}],"predecessor-version":[{"id":24432,"href":"https:\/\/guialimeira.com.br\/news\/wp-json\/wp\/v2\/posts\/24429\/revisions\/24432"}],"wp:featuredmedia":[{"embeddable":true,"href":"https:\/\/guialimeira.com.br\/news\/wp-json\/wp\/v2\/media\/24431"}],"wp:attachment":[{"href":"https:\/\/guialimeira.com.br\/news\/wp-json\/wp\/v2\/media?parent=24429"}],"wp:term":[{"taxonomy":"category","embeddable":true,"href":"https:\/\/guialimeira.com.br\/news\/wp-json\/wp\/v2\/categories?post=24429"},{"taxonomy":"post_tag","embeddable":true,"href":"https:\/\/guialimeira.com.br\/news\/wp-json\/wp\/v2\/tags?post=24429"}],"curies":[{"name":"wp","href":"https:\/\/api.w.org\/{rel}","templated":true}]}}