{"id":24423,"date":"2025-02-22T13:59:02","date_gmt":"2025-02-22T16:59:02","guid":{"rendered":"https:\/\/guialimeira.com.br\/?p=24423"},"modified":"2025-02-22T13:59:02","modified_gmt":"2025-02-22T16:59:02","slug":"comissao-agenda-reuniao-extraordinaria-com-forcas-de-seguranca-da-cidade","status":"publish","type":"post","link":"https:\/\/guialimeira.com.br\/news\/comissao-agenda-reuniao-extraordinaria-com-forcas-de-seguranca-da-cidade\/","title":{"rendered":"Comiss\u00e3o agenda reuni\u00e3o extraordin\u00e1ria com for\u00e7as de seguran\u00e7a da cidade"},"content":{"rendered":"\n<figure class=\"wp-block-gallery has-nested-images columns-default is-cropped wp-block-gallery-1 is-layout-flex wp-block-gallery-is-layout-flex\"><\/figure>\n \r\n<br><img data-recalc-dims=\"1\" decoding=\"async\" src=\"https:\/\/i0.wp.com\/guialimeira.com.br\/wp-content\/uploads\/2025\/02\/2025-02-20_comissao-agenda-reuniao-extraordinaria-com-forcas-de-seguranca-da-cidade_1.jpg?w=696&#038;ssl=1\" \/><br><div>\n\t\t\t\t\t<p>A Comiss\u00e3o de Seguran\u00e7a P\u00fablica da C\u00e2mara agendou uma reuni\u00e3o extraordin\u00e1ria para o dia 28 de mar\u00e7o, \u00e0s 8h30, com o objetivo de discutir o plano de a\u00e7\u00e3o das for\u00e7as de seguran\u00e7a e como elas interagem entre si na cidade. Foram convidados para a ocasi\u00e3o representantes da Ordem dos Advogados do Brasil de Limeira (OAB), da Delegacia Seccional, da Promotoria de Justi\u00e7a Criminal, do Poder Judici\u00e1rio, da Defensoria P\u00fablica, da Secretaria Municipal de Seguran\u00e7a P\u00fablica, do Conselho Municipal de Seguran\u00e7a (Conseg), da Corregedoria do F\u00f3rum de Limeira, da Pol\u00edcia Militar e da Guarda Civil Municipal.\u00a0<\/p><p>A delibera\u00e7\u00e3o aconteceu na reuni\u00e3o desta quinta-feira, 20 de fevereiro, que contou com a participa\u00e7\u00e3o do capit\u00e3o da Pol\u00edcia Civil, Herlon de Paula. Durante o encontro foram debatidas as quest\u00f5es de seguran\u00e7a p\u00fablica que afetam a cidade e as principais demandas dos mun\u00edcipes.<\/p><p>Durante a reuni\u00e3o os parlamentares tamb\u00e9m encaminharam of\u00edcios \u00e0 Prefeitura de Limeira solicitando a lista de estabelecimentos que possuem alvar\u00e1s especiais, para o funcionamento no per\u00edodo noturno e com questionamentos sobre os procedimentos e encaminhamentos de den\u00fancias junto ao servi\u00e7o 156 relacionadas \u00e0 seguran\u00e7a p\u00fablica.<\/p><p>Fazem parte do colegiado os vereadores Costa J\u00fanior (Podemos), presidente; Felipe Penedo (PL), vice-presidente e Carlinhos do Grota (PL), secret\u00e1rio. Todas as delibera\u00e7\u00f5es podem ser conferidas em <a href=\"https:\/\/consulta.limeira.sp.leg.br\/arquivo?Id=478508\" rel=\"noopener\">ata<\/a>.<\/p><p>A Comiss\u00e3o de Seguran\u00e7a P\u00fablica \u00e9 respons\u00e1vel por opinar sobre proposituras relativas \u00e0 \u00e1rea, bem como promover estudos e reuni\u00f5es sobre a criminalidade, a viol\u00eancia e a seguran\u00e7a p\u00fablica, propondo medidas necess\u00e1rias \u00e0 melhoria da preven\u00e7\u00e3o e prote\u00e7\u00e3o da comunidade; atuar junto \u00e0s esferas governamentais a fim de implementar pol\u00edticas de seguran\u00e7a p\u00fablica no Munic\u00edpio; e apresentar sugest\u00f5es para o aperfei\u00e7oamento da legisla\u00e7\u00e3o municipal pertinente \u00e0 seguran\u00e7a p\u00fablica.<\/p>\t\t\t\t<\/div>\r\n<br>\r\n<br><a href=\"https:\/\/www.limeira.sp.leg.br\/noticias\/view\/2025-02-20_comissao-agenda-reuniao-extraordinaria-com-forcas-de-seguranca-da-cidade\" rel=\"noopener\">Informa\u00e7\u00f5es CMLSource link <\/a>","protected":false},"excerpt":{"rendered":"<p>A Comiss\u00e3o de Seguran\u00e7a P\u00fablica da C\u00e2mara agendou uma reuni\u00e3o extraordin\u00e1ria para o dia 28 de mar\u00e7o, \u00e0s 8h30, com o objetivo de discutir o plano de a\u00e7\u00e3o das for\u00e7as de seguran\u00e7a e como elas interagem entre si na cidade. Foram convidados para a ocasi\u00e3o representantes da Ordem dos Advogados do Brasil de Limeira (OAB), [&hellip;]<\/p>\n","protected":false},"author":1,"featured_media":24424,"comment_status":"open","ping_status":"open","sticky":false,"template":"","format":"standard","meta":{"_jetpack_newsletter_access":"","_jetpack_dont_email_post_to_subs":false,"_jetpack_newsletter_tier_id":0,"_jetpack_memberships_contains_paywalled_content":false,"_mbp_banners":[],"_jetpack_feature_clip_id":0,"_jetpack_memberships_contains_paid_content":false,"footnotes":"","jetpack_publicize_message":"","jetpack_publicize_feature_enabled":true,"jetpack_social_post_already_shared":true,"jetpack_social_options":{"image_generator_settings":{"template":"highway","default_image_id":0,"font":"","enabled":false},"version":2},"jetpack_post_was_ever_published":false},"categories":[19],"tags":[],"class_list":["post-24423","post","type-post","status-publish","format-standard","has-post-thumbnail","category-politica"],"jetpack_publicize_connections":[],"jetpack-related-posts":[],"jetpack_shortlink":"https:\/\/wp.me\/p7Eq1F-6lV","jetpack_sharing_enabled":true,"jetpack_featured_media_url":"https:\/\/i0.wp.com\/guialimeira.com.br\/news\/wp-content\/uploads\/2025\/02\/Comissao-agenda-reuniao-extraordinaria-com-forcas-de-seguranca-da-cidade.jpg?fit=1280%2C640&ssl=1","_links":{"self":[{"href":"https:\/\/guialimeira.com.br\/news\/wp-json\/wp\/v2\/posts\/24423","targetHints":{"allow":["GET"]}}],"collection":[{"href":"https:\/\/guialimeira.com.br\/news\/wp-json\/wp\/v2\/posts"}],"about":[{"href":"https:\/\/guialimeira.com.br\/news\/wp-json\/wp\/v2\/types\/post"}],"author":[{"embeddable":true,"href":"https:\/\/guialimeira.com.br\/news\/wp-json\/wp\/v2\/users\/1"}],"replies":[{"embeddable":true,"href":"https:\/\/guialimeira.com.br\/news\/wp-json\/wp\/v2\/comments?post=24423"}],"version-history":[{"count":1,"href":"https:\/\/guialimeira.com.br\/news\/wp-json\/wp\/v2\/posts\/24423\/revisions"}],"predecessor-version":[{"id":24425,"href":"https:\/\/guialimeira.com.br\/news\/wp-json\/wp\/v2\/posts\/24423\/revisions\/24425"}],"wp:featuredmedia":[{"embeddable":true,"href":"https:\/\/guialimeira.com.br\/news\/wp-json\/wp\/v2\/media\/24424"}],"wp:attachment":[{"href":"https:\/\/guialimeira.com.br\/news\/wp-json\/wp\/v2\/media?parent=24423"}],"wp:term":[{"taxonomy":"category","embeddable":true,"href":"https:\/\/guialimeira.com.br\/news\/wp-json\/wp\/v2\/categories?post=24423"},{"taxonomy":"post_tag","embeddable":true,"href":"https:\/\/guialimeira.com.br\/news\/wp-json\/wp\/v2\/tags?post=24423"}],"curies":[{"name":"wp","href":"https:\/\/api.w.org\/{rel}","templated":true}]}}