{"id":2442,"date":"2024-04-23T12:25:46","date_gmt":"2024-04-23T15:25:46","guid":{"rendered":"https:\/\/guialimeira.com.br\/2024\/04\/23\/milhares-de-indigenas-marcham-em-brasilia\/"},"modified":"2024-04-23T12:25:46","modified_gmt":"2024-04-23T15:25:46","slug":"milhares-de-indigenas-marcham-em-brasilia","status":"publish","type":"post","link":"https:\/\/guialimeira.com.br\/news\/milhares-de-indigenas-marcham-em-brasilia\/","title":{"rendered":"Milhares de ind\u00edgenas marcham em Bras\u00edlia"},"content":{"rendered":"<p> <br \/>\n<\/p>\n<div>\n<p>Milhares de ind\u00edgenas e apoiadores participaram, na manh\u00e3 desta ter\u00e7a-feira (23), de uma caminhada pela \u00e1rea central de Bras\u00edlia. A marcha faz parte da programa\u00e7\u00e3o do Acampamento Terra Ind\u00edgena (ATL) &#8211; <a href=\"http:\/\/agenciabrasil.ebc.com.br\/geral\/noticia\/2024-04\/indigenas-prometem-seguir-lutando-por-demarcacao-de-terras\" target=\"_blank\" rel=\"noopener\">mobiliza\u00e7\u00e3o que, anualmente, re\u00fane milhares de participantes<\/a> de centenas de etnias na capital federal e que come\u00e7ou, oficialmente, nessa segunda-feira (22).\u00a0<img data-recalc-dims=\"1\" decoding=\"async\" src=\"https:\/\/i0.wp.com\/agenciabrasil.ebc.com.br\/ebc.png?w=696&#038;ssl=1\" style=\"width:1px; height:1px; display:inline;\"\/><img data-recalc-dims=\"1\" decoding=\"async\" src=\"https:\/\/i0.wp.com\/agenciabrasil.ebc.com.br\/ebc.gif?w=696&#038;ssl=1\" style=\"width:1px; height:1px; display:inline;\"\/><\/p>\n<p>Este ano, o ATL est\u00e1 na 20\u00aa edi\u00e7\u00e3o. Segundo dirigentes da Articula\u00e7\u00e3o dos Povos Ind\u00edgenas do Brasil (Apib), entidade organizadora do acampamento, a expectativa \u00e9 atrair cerca de oito mil representantes de mais de 200 etnias, al\u00e9m de integrantes de organiza\u00e7\u00f5es sul e centro-americanas e da Indon\u00e9sia, superando os resultados anteriores.<\/p>\n<p>Portando faixas e cartazes, os participantes deixaram o acampamento montado no Eixo Monumental, ao lado do Centro Ibero-Americano de Culturas (antigo Complexo Cultural da Funarte) por volta das 9 horas da manh\u00e3.<\/p>\n<h2>Demarca\u00e7\u00e3o<\/h2>\n<p>Ap\u00f3s ocuparem parte da principal via de Bras\u00edlia, os manifestantes seguiram sob sol forte em dire\u00e7\u00e3o ao Congresso Nacional, a cerca de quatro quil\u00f4metros de dist\u00e2ncia. Acompanhados por um carro de som, o grupo pedia que o Estado brasileiro conclua os processos de demarca\u00e7\u00e3o dos territ\u00f3rios tradicionais ind\u00edgenas e garanta os direitos constitucionais dos povos origin\u00e1rios, como o acesso \u00e0 sa\u00fade e educa\u00e7\u00e3o de qualidade, entre outras reivindica\u00e7\u00f5es.<\/p>\n<div class=\"dnd-widget-wrapper context-cheio_8colunas type-image\">\n<div class=\"dnd-atom-rendered\"><!-- scald=381867:cheio_8colunas --><\/p>\n<div class=\"shadow overflow-hidden rounded-lg d-block w-100\">\n            <img data-recalc-dims=\"1\" decoding=\"async\" src=\"https:\/\/i0.wp.com\/agenciabrasil.ebc.com.br\/sites\/default\/files\/thumbnails\/image\/loading_v2.gif?w=696&#038;ssl=1\" data-echo=\"https:\/\/imagens.ebc.com.br\/YrXqln3Fcc5Nn_cAo2oXtdtkWa8=\/754x0\/smart\/https:\/\/agenciabrasil.ebc.com.br\/sites\/default\/files\/thumbnails\/image\/2024\/04\/23\/20240423095521_mcm_9559.jpg?itok=n8r5oTUF\" alt=\"Bras\u00edlia (DF) 23\/04\/2024 \u2013 Ind\u00edgena de v\u00e1rias etnias que participam do Acampamento Terra Livre 2024 marcham na Esplanada dos Minist\u00e9rios com o eslogam #Emerg\u00eanciaInd\u00edgena: Nossos Direitos n\u00e3o se negociam.&#13;&#10;Foto: Marcelo Camargo\/Ag\u00eancia Brasil\" title=\"Marcelo Camargo\/Ag\u00eancia Brasil\" class=\"flex-fill img-cover\"\/><br \/>\n        <img data-recalc-dims=\"1\" decoding=\"async\" src=\"https:\/\/i0.wp.com\/imagens.ebc.com.br\/YrXqln3Fcc5Nn_cAo2oXtdtkWa8%3D\/754x0\/smart\/https%3A\/\/agenciabrasil.ebc.com.br\/sites\/default\/files\/thumbnails\/image\/2024\/04\/23\/20240423095521_mcm_9559.jpg?w=696&#038;ssl=1\" alt=\"Bras\u00edlia (DF) 23\/04\/2024 \u2013 Ind\u00edgena de v\u00e1rias etnias que participam do Acampamento Terra Livre 2024 marcham na Esplanada dos Minist\u00e9rios com o eslogam #Emerg\u00eanciaInd\u00edgena: Nossos Direitos n\u00e3o se negociam.&#13;&#10;Foto: Marcelo Camargo\/Ag\u00eancia Brasil\" title=\"Marcelo Camargo\/Ag\u00eancia Brasil\" class=\"flex-fill img-cover\"\/>\n    <\/div>\n<p><!-- END scald=381867 --><\/div>\n<div class=\"dnd-caption-wrapper\">\n<p><!--copyright=381867-->Ind\u00edgenas levaram reivindica\u00e7\u00f5es para a Esplanada dos Minist\u00e9rios, em Bras\u00edlia &#8211;\u00a0<strong> Foto &#8211;<\/strong> <strong>Marcelo Camargo\/Ag\u00eancia Brasil<\/strong><!--END copyright=381867--><\/p>\n<\/div>\n<\/div>\n<p>Muitos dos participantes exibiam pinturas corporais e usavam adere\u00e7os tradicionais caracter\u00edsticos de seus povos, mas, por for\u00e7a de um acordo com autoridades de seguran\u00e7a p\u00fablica do Distrito Federal, foram orientados a n\u00e3o portarem lan\u00e7as, bordunas e arcos e flechas durante a marcha.<\/p>\n<p>\u201cEsta \u00e9 uma marcha de luta, de resist\u00eancia, para reivindicarmos ao governo brasileiro, ao Estado, aos Tr\u00eas Poderes [Executivo, Legislativo e Judici\u00e1rio], que avance em nossos direitos. Principalmente em rela\u00e7\u00e3o \u00e0 demarca\u00e7\u00e3o das terras ind\u00edgenas\u201d, disse Kleber Karipuna, um dos coordenadores-executivos da Apib, durante a caminhada.<\/p>\n<p>Os manifestantes se aproximaram do Congresso Nacional pouco depois das 10h30 e ocuparam o gramado central do Eixo Monumental, onde se espalharam para acompanhar a transmiss\u00e3o da cerim\u00f4nia que a C\u00e2mara dos Deputados realiza esta manh\u00e3, em homenagem aos 20 anos do Acampamento Terra Livre. \u00a0<\/p>\n<\/p><\/div>\n<p><br \/>\n<br \/><a href=\"https:\/\/agenciabrasil.ebc.com.br\/geral\/noticia\/2024-04\/milhares-de-indigenas-marcham-em-brasilia\" rel=\"noopener\">Ag\u00eancia Brasil<\/a><\/p>\n","protected":false},"excerpt":{"rendered":"<p>Milhares de ind\u00edgenas e apoiadores participaram, na manh\u00e3 desta ter\u00e7a-feira (23), de uma caminhada pela \u00e1rea central de Bras\u00edlia. A marcha faz parte da programa\u00e7\u00e3o do Acampamento Terra Ind\u00edgena (ATL) &#8211; mobiliza\u00e7\u00e3o que, anualmente, re\u00fane milhares de participantes de centenas de etnias na capital federal e que come\u00e7ou, oficialmente, nessa segunda-feira (22).\u00a0 Este ano, o [&hellip;]<\/p>\n","protected":false},"author":1,"featured_media":2443,"comment_status":"open","ping_status":"open","sticky":false,"template":"","format":"standard","meta":{"_jetpack_newsletter_access":"","_jetpack_dont_email_post_to_subs":false,"_jetpack_newsletter_tier_id":0,"_jetpack_memberships_contains_paywalled_content":false,"_mbp_banners":[],"_jetpack_feature_clip_id":0,"_jetpack_memberships_contains_paid_content":false,"footnotes":"","jetpack_publicize_message":"","jetpack_publicize_feature_enabled":true,"jetpack_social_post_already_shared":true,"jetpack_social_options":{"image_generator_settings":{"template":"highway","default_image_id":0,"font":"","enabled":false},"version":2},"jetpack_post_was_ever_published":false},"categories":[1],"tags":[],"class_list":["post-2442","post","type-post","status-publish","format-standard","has-post-thumbnail","category-geral"],"jetpack_publicize_connections":[],"jetpack-related-posts":[],"jetpack_shortlink":"https:\/\/wp.me\/p7Eq1F-Do","jetpack_sharing_enabled":true,"jetpack_featured_media_url":"https:\/\/i0.wp.com\/guialimeira.com.br\/news\/wp-content\/uploads\/2024\/04\/20240423095507_mcm_9536.jpg?fit=1600%2C800&ssl=1","_links":{"self":[{"href":"https:\/\/guialimeira.com.br\/news\/wp-json\/wp\/v2\/posts\/2442","targetHints":{"allow":["GET"]}}],"collection":[{"href":"https:\/\/guialimeira.com.br\/news\/wp-json\/wp\/v2\/posts"}],"about":[{"href":"https:\/\/guialimeira.com.br\/news\/wp-json\/wp\/v2\/types\/post"}],"author":[{"embeddable":true,"href":"https:\/\/guialimeira.com.br\/news\/wp-json\/wp\/v2\/users\/1"}],"replies":[{"embeddable":true,"href":"https:\/\/guialimeira.com.br\/news\/wp-json\/wp\/v2\/comments?post=2442"}],"version-history":[{"count":0,"href":"https:\/\/guialimeira.com.br\/news\/wp-json\/wp\/v2\/posts\/2442\/revisions"}],"wp:featuredmedia":[{"embeddable":true,"href":"https:\/\/guialimeira.com.br\/news\/wp-json\/wp\/v2\/media\/2443"}],"wp:attachment":[{"href":"https:\/\/guialimeira.com.br\/news\/wp-json\/wp\/v2\/media?parent=2442"}],"wp:term":[{"taxonomy":"category","embeddable":true,"href":"https:\/\/guialimeira.com.br\/news\/wp-json\/wp\/v2\/categories?post=2442"},{"taxonomy":"post_tag","embeddable":true,"href":"https:\/\/guialimeira.com.br\/news\/wp-json\/wp\/v2\/tags?post=2442"}],"curies":[{"name":"wp","href":"https:\/\/api.w.org\/{rel}","templated":true}]}}