{"id":24415,"date":"2025-02-22T12:57:53","date_gmt":"2025-02-22T15:57:53","guid":{"rendered":"https:\/\/guialimeira.com.br\/?p=24415"},"modified":"2025-02-22T12:57:53","modified_gmt":"2025-02-22T15:57:53","slug":"sessao-ordinaria-vereadores-apreciam-cinco-projetos-nesta-segunda-feira-24-2","status":"publish","type":"post","link":"https:\/\/guialimeira.com.br\/news\/sessao-ordinaria-vereadores-apreciam-cinco-projetos-nesta-segunda-feira-24-2\/","title":{"rendered":"Sess\u00e3o Ordin\u00e1ria: vereadores apreciam cinco projetos nesta segunda-feira (24\/2)"},"content":{"rendered":"\n<figure class=\"wp-block-gallery has-nested-images columns-default is-cropped wp-block-gallery-1 is-layout-flex wp-block-gallery-is-layout-flex\"><\/figure>\n \r\n<br><img data-recalc-dims=\"1\" decoding=\"async\" src=\"https:\/\/i0.wp.com\/guialimeira.com.br\/wp-content\/uploads\/2025\/02\/2025-02-21_sessao-ordinaria-vereadores-apreciam-cinco-projetos-nesta-segundafeira-242_1.jpg?w=696&#038;ssl=1\" \/><br><div>\n\t\t\t\t\t<p>Cinco projetos est\u00e3o em pauta para a sess\u00e3o ordin\u00e1ria que acontece na segunda-feira, 24 de fevereiro. A vota\u00e7\u00e3o segue a <a href=\"https:\/\/consulta.limeira.sp.leg.br\/Sessoes\/Documento\/367293\" rel=\"noopener\">Ordem do Dia<\/a> e os trabalhos s\u00e3o transmitidos ao vivo pelos canais de comunica\u00e7\u00e3o do Legislativo no <a href=\"https:\/\/www.youtube.com\/user\/camaradelimeira\" rel=\"noopener\">Youtube<\/a>,<a href=\"https:\/\/www.facebook.com\/camaradelimeira\/\" rel=\"noopener\"> Facebook<\/a> e<a href=\"http:\/\/www.limeira.sp.leg.br\/sessoes\/aovivo\" rel=\"noopener\"> site<\/a>, e pela R\u00e1dio Limeira FM 106,9, a partir das 17h.\u00a0<\/p><p>Devido \u00e0s obras de reforma e amplia\u00e7\u00e3o da sede, a C\u00e2mara est\u00e1 localizada na rua Clarino Peixoto, 280 &#8211; Jardim Maria Buchi Modeneis; para entrar no pr\u00e9dio e acompanhar as sess\u00f5es presencialmente basta se identificar na portaria e seguir at\u00e9 o \u00faltimo bloco. Para saber como chegar no novo endere\u00e7o, acesse este <a href=\"https:\/\/www.limeira.sp.leg.br\/noticias\/view\/2025-01-30_camara-de-limeira-funciona-em-novo-endereco-devido-obras-de-ampliacao-e-reforma\" rel=\"noopener\">link<\/a>.<\/p><p><strong>Confira os projetos que v\u00e3o \u00e0 vota\u00e7\u00e3o:\u00a0<\/strong><\/p><p><a href=\"https:\/\/consulta.limeira.sp.leg.br\/Documentos\/Documento\/319172\" rel=\"noopener\">Projeto de Lei N\u00ba 104\/2023<\/a>, do vereador Nilton Santos (Republicanos) e do ex-vereador Airton dos Santos, institui o Programa de Tr\u00e2nsito Faixa Viva no munic\u00edpio.\u00a0<\/p><p><a href=\"https:\/\/consulta.limeira.sp.leg.br\/Documentos\/Documento\/353276\" rel=\"noopener\">Projeto de Lei N\u00ba 138\/2024<\/a>, da vereadora Mariana Calsa (MDB), estabelece par\u00e2metros, diretrizes e objetivos para a cria\u00e7\u00e3o da Pol\u00edtica Municipal da Sa\u00fade Mental Materna.<\/p><p><a href=\"https:\/\/consulta.limeira.sp.leg.br\/Documentos\/Documento\/354112\" rel=\"noopener\">Projeto de Lei N\u00ba 143\/2024<\/a>, do vereador Helder do T\u00e1xi (PSD), perpetua o nome de Fernanda Cristina Bonini na \u00c1rea Verde X do loteamento Jardim Cidade Universit\u00e1ria II.\u00a0<\/p><p><a href=\"https:\/\/consulta.limeira.sp.leg.br\/Documentos\/Documento\/359776\" rel=\"noopener\">Projeto de Decreto Legislativo N\u00ba 33\/2024<\/a>, do vereador Lem\u00e3o da Jeov\u00e1 Raf\u00e1 (PRTB), concede o T\u00edtulo de Cidad\u00e3o Limeirense a Joaquim In\u00e1cio da Silva.<\/p><p><a href=\"https:\/\/consulta.limeira.sp.leg.br\/Documentos\/Documento\/365757\" rel=\"noopener\">Projeto de Resolu\u00e7\u00e3o N\u00ba 5\/2025 <\/a>, do vereador Everton Ferreira (PSD), institui, no \u00e2mbito da C\u00e2mara Municipal de Limeira, o programa Emprega Limeira.<\/p>\t\t\t\t<\/div>\r\n<br>\r\n<br><a href=\"https:\/\/www.limeira.sp.leg.br\/noticias\/view\/2025-02-21_sessao-ordinaria-vereadores-apreciam-cinco-projetos-nesta-segundafeira-242\" rel=\"noopener\">Informa\u00e7\u00f5es CMLSource link <\/a>","protected":false},"excerpt":{"rendered":"<p>Cinco projetos est\u00e3o em pauta para a sess\u00e3o ordin\u00e1ria que acontece na segunda-feira, 24 de fevereiro. A vota\u00e7\u00e3o segue a Ordem do Dia e os trabalhos s\u00e3o transmitidos ao vivo pelos canais de comunica\u00e7\u00e3o do Legislativo no Youtube, Facebook e site, e pela R\u00e1dio Limeira FM 106,9, a partir das 17h.\u00a0 Devido \u00e0s obras de [&hellip;]<\/p>\n","protected":false},"author":1,"featured_media":24416,"comment_status":"open","ping_status":"open","sticky":false,"template":"","format":"standard","meta":{"_jetpack_newsletter_access":"","_jetpack_dont_email_post_to_subs":false,"_jetpack_newsletter_tier_id":0,"_jetpack_memberships_contains_paywalled_content":false,"_mbp_banners":[],"_jetpack_feature_clip_id":0,"_jetpack_memberships_contains_paid_content":false,"footnotes":"","jetpack_publicize_message":"","jetpack_publicize_feature_enabled":true,"jetpack_social_post_already_shared":true,"jetpack_social_options":{"image_generator_settings":{"template":"highway","default_image_id":0,"font":"","enabled":false},"version":2},"jetpack_post_was_ever_published":false},"categories":[19],"tags":[],"class_list":["post-24415","post","type-post","status-publish","format-standard","has-post-thumbnail","category-politica"],"jetpack_publicize_connections":[],"jetpack-related-posts":[],"jetpack_shortlink":"https:\/\/wp.me\/p7Eq1F-6lN","jetpack_sharing_enabled":true,"jetpack_featured_media_url":"https:\/\/i0.wp.com\/guialimeira.com.br\/news\/wp-content\/uploads\/2025\/02\/Sessao-Ordinaria-vereadores-apreciam-cinco-projetos-nesta-segunda-feira-242.jpg?fit=1280%2C640&ssl=1","_links":{"self":[{"href":"https:\/\/guialimeira.com.br\/news\/wp-json\/wp\/v2\/posts\/24415","targetHints":{"allow":["GET"]}}],"collection":[{"href":"https:\/\/guialimeira.com.br\/news\/wp-json\/wp\/v2\/posts"}],"about":[{"href":"https:\/\/guialimeira.com.br\/news\/wp-json\/wp\/v2\/types\/post"}],"author":[{"embeddable":true,"href":"https:\/\/guialimeira.com.br\/news\/wp-json\/wp\/v2\/users\/1"}],"replies":[{"embeddable":true,"href":"https:\/\/guialimeira.com.br\/news\/wp-json\/wp\/v2\/comments?post=24415"}],"version-history":[{"count":1,"href":"https:\/\/guialimeira.com.br\/news\/wp-json\/wp\/v2\/posts\/24415\/revisions"}],"predecessor-version":[{"id":24417,"href":"https:\/\/guialimeira.com.br\/news\/wp-json\/wp\/v2\/posts\/24415\/revisions\/24417"}],"wp:featuredmedia":[{"embeddable":true,"href":"https:\/\/guialimeira.com.br\/news\/wp-json\/wp\/v2\/media\/24416"}],"wp:attachment":[{"href":"https:\/\/guialimeira.com.br\/news\/wp-json\/wp\/v2\/media?parent=24415"}],"wp:term":[{"taxonomy":"category","embeddable":true,"href":"https:\/\/guialimeira.com.br\/news\/wp-json\/wp\/v2\/categories?post=24415"},{"taxonomy":"post_tag","embeddable":true,"href":"https:\/\/guialimeira.com.br\/news\/wp-json\/wp\/v2\/tags?post=24415"}],"curies":[{"name":"wp","href":"https:\/\/api.w.org\/{rel}","templated":true}]}}